{"id":36,"date":"2021-11-12T23:10:20","date_gmt":"2021-11-13T02:10:20","guid":{"rendered":"https:\/\/webjornalismo.unicap.br\/racismo-no-futebol\/?p=36"},"modified":"2021-11-17T21:59:22","modified_gmt":"2021-11-18T00:59:22","slug":"garrincha","status":"publish","type":"post","link":"https:\/\/webjornalismo.unicap.br\/racismo-no-futebol\/garrincha\/","title":{"rendered":"Garrincha"},"content":{"rendered":"\n<div class=\"wp-block-columns\">\n<div class=\"wp-block-column\">\n<figure class=\"wp-block-image size-full\"><img loading=\"lazy\" width=\"410\" height=\"590\" src=\"https:\/\/webjornalismo.unicap.br\/racismo-no-futebol\/wp-content\/uploads\/2021\/11\/pers06.jpg\" alt=\"\" class=\"wp-image-249\" srcset=\"https:\/\/webjornalismo.unicap.br\/racismo-no-futebol\/wp-content\/uploads\/2021\/11\/pers06.jpg 410w, https:\/\/webjornalismo.unicap.br\/racismo-no-futebol\/wp-content\/uploads\/2021\/11\/pers06-208x300.jpg 208w\" sizes=\"(max-width: 410px) 100vw, 410px\" \/><figcaption>Foto: FIFA\/Reprodu\u00e7\u00e3o<\/figcaption><\/figure>\n<\/div>\n\n\n\n<div class=\"wp-block-column\">\n<p>Ap\u00f3s o vice-campeonato na Copa do Mundo de 1950, a opini\u00e3o p\u00fablica acreditava que jogadores negros n\u00e3o tinham bons aspectos emocionais para encarar partidas de grande porte. O fato ainda \u00e9 apontado por pesquisadores e jornalistas como o principal motivo para que craques como Garrincha (1933\u20131983) iniciassem o Mundial de 1958 na reserva. Ganhando vaga no decorrer da competi\u00e7\u00e3o, ele contribuiu diretamente para o primeiro t\u00edtulo de Copa na hist\u00f3ria da sele\u00e7\u00e3o brasileira, sendo inclusive apontado para a sele\u00e7\u00e3o do torneio.<\/p>\n\n\n\n<p>Conhecido pelas \u201cpernas tortas\u201d e o talento incomum, Garrincha representou a vida de um atleta que precisou superar adversidades mas acabou perdendo batalhas para si pr\u00f3prio. Aos 50 anos, faleceu com o f\u00edgado consumido pelo alcoolismo.<\/p>\n<\/div>\n<\/div>\n","protected":false},"excerpt":{"rendered":"<p>Ap\u00f3s o vice-campeonato na Copa do Mundo de 1950, a opini\u00e3o p\u00fablica acreditava que jogadores negros n\u00e3o tinham bons aspectos emocionais para encarar partidas de grande porte. O fato ainda \u00e9 apontado por pesquisadores e jornalistas como o principal motivo para que craques como Garrincha (1933\u20131983) iniciassem o Mundial de 1958 na reserva. Ganhando vaga [&hellip;]<\/p>\n","protected":false},"author":2,"featured_media":249,"comment_status":"open","ping_status":"open","sticky":false,"template":"","format":"standard","meta":{"_et_pb_use_builder":"off","_et_pb_old_content":"","_et_gb_content_width":""},"categories":[2],"tags":[],"_links":{"self":[{"href":"https:\/\/webjornalismo.unicap.br\/racismo-no-futebol\/wp-json\/wp\/v2\/posts\/36"}],"collection":[{"href":"https:\/\/webjornalismo.unicap.br\/racismo-no-futebol\/wp-json\/wp\/v2\/posts"}],"about":[{"href":"https:\/\/webjornalismo.unicap.br\/racismo-no-futebol\/wp-json\/wp\/v2\/types\/post"}],"author":[{"embeddable":true,"href":"https:\/\/webjornalismo.unicap.br\/racismo-no-futebol\/wp-json\/wp\/v2\/users\/2"}],"replies":[{"embeddable":true,"href":"https:\/\/webjornalismo.unicap.br\/racismo-no-futebol\/wp-json\/wp\/v2\/comments?post=36"}],"version-history":[{"count":3,"href":"https:\/\/webjornalismo.unicap.br\/racismo-no-futebol\/wp-json\/wp\/v2\/posts\/36\/revisions"}],"predecessor-version":[{"id":270,"href":"https:\/\/webjornalismo.unicap.br\/racismo-no-futebol\/wp-json\/wp\/v2\/posts\/36\/revisions\/270"}],"wp:featuredmedia":[{"embeddable":true,"href":"https:\/\/webjornalismo.unicap.br\/racismo-no-futebol\/wp-json\/wp\/v2\/media\/249"}],"wp:attachment":[{"href":"https:\/\/webjornalismo.unicap.br\/racismo-no-futebol\/wp-json\/wp\/v2\/media?parent=36"}],"wp:term":[{"taxonomy":"category","embeddable":true,"href":"https:\/\/webjornalismo.unicap.br\/racismo-no-futebol\/wp-json\/wp\/v2\/categories?post=36"},{"taxonomy":"post_tag","embeddable":true,"href":"https:\/\/webjornalismo.unicap.br\/racismo-no-futebol\/wp-json\/wp\/v2\/tags?post=36"}],"curies":[{"name":"wp","href":"https:\/\/api.w.org\/{rel}","templated":true}]}}