{"id":35,"date":"2021-11-12T23:10:10","date_gmt":"2021-11-13T02:10:10","guid":{"rendered":"https:\/\/webjornalismo.unicap.br\/racismo-no-futebol\/?p=35"},"modified":"2021-11-17T21:58:25","modified_gmt":"2021-11-18T00:58:25","slug":"jose-reinaldo-de-lima","status":"publish","type":"post","link":"https:\/\/webjornalismo.unicap.br\/racismo-no-futebol\/jose-reinaldo-de-lima\/","title":{"rendered":"Jos\u00e9 Reinaldo de Lima"},"content":{"rendered":"\n<figure class=\"wp-block-image size-full\"><img loading=\"lazy\" width=\"800\" height=\"445\" src=\"https:\/\/webjornalismo.unicap.br\/racismo-no-futebol\/wp-content\/uploads\/2021\/11\/pers05.jpg\" alt=\"\" class=\"wp-image-247\" srcset=\"https:\/\/webjornalismo.unicap.br\/racismo-no-futebol\/wp-content\/uploads\/2021\/11\/pers05.jpg 800w, https:\/\/webjornalismo.unicap.br\/racismo-no-futebol\/wp-content\/uploads\/2021\/11\/pers05-480x267.jpg 480w\" sizes=\"(min-width: 0px) and (max-width: 480px) 480px, (min-width: 481px) 800px, 100vw\" \/><figcaption>Fotos: Pedro Silveira\/EL Pa\u00eds | Reprodu\u00e7\u00e3o\/Arquivo Pessoal<\/figcaption><\/figure>\n\n\n\n<p>\u00cddolo do Atl\u00e9tico-MG, o atacante Jos\u00e9 Reinaldo de Lima (1957-) comemorou com o famoso gesto dos Panteras Negras seu gol na estreia do Brasil contra a Su\u00e9cia, na Copa do Mundo de 1978, realizada na Argentina. A inspira\u00e7\u00e3o eram os atletas estadunidenses John Carlos e Tommie Smith, que, dez anos antes, reproduziram o gesto do grupo de defesa dos direitos civis da popula\u00e7\u00e3o negra dos EUA no p\u00f3dio dos Jogos Ol\u00edmpicos do M\u00e9xico.<\/p>\n\n\n\n<p>Com o Brasil vivendo uma ditadura militar na \u00e9poca, Andr\u00e9 Richer, chefe da delega\u00e7\u00e3o no Mundial, foi \u00e0 concentra\u00e7\u00e3o dizer que tanto a CBD (Confedera\u00e7\u00e3o Brasileira de Desportos, antiga CBF), quanto o regime militar achavam o gesto &#8220;revolucion\u00e1rio demais&#8221;.<\/p>\n\n\n\n<p>Reinaldo ignorou a amea\u00e7a e sofreu as consequ\u00eancias. Isolado, deixou de ser convocado e foi perseguido. No Atl\u00e9tico-MG, marcou 255 gols em 475 jogos. Entrou para hist\u00f3ria n\u00e3o s\u00f3 pelo seu talento com a bola, mas por ser um s\u00edmbolo para os que n\u00e3o se deixam subjugar jamais.<\/p>\n\n\n\n<p>\u201cUma voz isolada \u00e9 importante, mas perde muito o eco depois. O interessante \u00e9 o engajamento pol\u00edtico, tem que se exercer com consci\u00eancia pol\u00edtica\u201d, disse Reinaldo, em entrevista ao El Pa\u00eds, no ano de 2018.<\/p>\n","protected":false},"excerpt":{"rendered":"<p>\u00cddolo do Atl\u00e9tico-MG, o atacante Jos\u00e9 Reinaldo de Lima (1957-) comemorou com o famoso gesto dos Panteras Negras seu gol na estreia do Brasil contra a Su\u00e9cia, na Copa do Mundo de 1978, realizada na Argentina. A inspira\u00e7\u00e3o eram os atletas estadunidenses John Carlos e Tommie Smith, que, dez anos antes, reproduziram o gesto do [&hellip;]<\/p>\n","protected":false},"author":2,"featured_media":248,"comment_status":"open","ping_status":"open","sticky":false,"template":"","format":"standard","meta":{"_et_pb_use_builder":"off","_et_pb_old_content":"","_et_gb_content_width":""},"categories":[2],"tags":[],"_links":{"self":[{"href":"https:\/\/webjornalismo.unicap.br\/racismo-no-futebol\/wp-json\/wp\/v2\/posts\/35"}],"collection":[{"href":"https:\/\/webjornalismo.unicap.br\/racismo-no-futebol\/wp-json\/wp\/v2\/posts"}],"about":[{"href":"https:\/\/webjornalismo.unicap.br\/racismo-no-futebol\/wp-json\/wp\/v2\/types\/post"}],"author":[{"embeddable":true,"href":"https:\/\/webjornalismo.unicap.br\/racismo-no-futebol\/wp-json\/wp\/v2\/users\/2"}],"replies":[{"embeddable":true,"href":"https:\/\/webjornalismo.unicap.br\/racismo-no-futebol\/wp-json\/wp\/v2\/comments?post=35"}],"version-history":[{"count":3,"href":"https:\/\/webjornalismo.unicap.br\/racismo-no-futebol\/wp-json\/wp\/v2\/posts\/35\/revisions"}],"predecessor-version":[{"id":269,"href":"https:\/\/webjornalismo.unicap.br\/racismo-no-futebol\/wp-json\/wp\/v2\/posts\/35\/revisions\/269"}],"wp:featuredmedia":[{"embeddable":true,"href":"https:\/\/webjornalismo.unicap.br\/racismo-no-futebol\/wp-json\/wp\/v2\/media\/248"}],"wp:attachment":[{"href":"https:\/\/webjornalismo.unicap.br\/racismo-no-futebol\/wp-json\/wp\/v2\/media?parent=35"}],"wp:term":[{"taxonomy":"category","embeddable":true,"href":"https:\/\/webjornalismo.unicap.br\/racismo-no-futebol\/wp-json\/wp\/v2\/categories?post=35"},{"taxonomy":"post_tag","embeddable":true,"href":"https:\/\/webjornalismo.unicap.br\/racismo-no-futebol\/wp-json\/wp\/v2\/tags?post=35"}],"curies":[{"name":"wp","href":"https:\/\/api.w.org\/{rel}","templated":true}]}}