{"id":34,"date":"2021-11-12T23:09:57","date_gmt":"2021-11-13T02:09:57","guid":{"rendered":"https:\/\/webjornalismo.unicap.br\/racismo-no-futebol\/?p=34"},"modified":"2021-11-17T21:55:40","modified_gmt":"2021-11-18T00:55:40","slug":"moacir-barbosa","status":"publish","type":"post","link":"https:\/\/webjornalismo.unicap.br\/racismo-no-futebol\/moacir-barbosa\/","title":{"rendered":"Moacir Barbosa"},"content":{"rendered":"\n<div class=\"wp-block-columns\">\n<div class=\"wp-block-column\">\n<figure class=\"wp-block-image size-full\"><img loading=\"lazy\" width=\"370\" height=\"504\" src=\"https:\/\/webjornalismo.unicap.br\/racismo-no-futebol\/wp-content\/uploads\/2021\/11\/pers04.jpg\" alt=\"\" class=\"wp-image-246\" srcset=\"https:\/\/webjornalismo.unicap.br\/racismo-no-futebol\/wp-content\/uploads\/2021\/11\/pers04.jpg 370w, https:\/\/webjornalismo.unicap.br\/racismo-no-futebol\/wp-content\/uploads\/2021\/11\/pers04-220x300.jpg 220w\" sizes=\"(max-width: 370px) 100vw, 370px\" \/><figcaption>Foto: Acervo\/futrio<\/figcaption><\/figure>\n<\/div>\n\n\n\n<div class=\"wp-block-column\">\n<p>Goleiro do Vasco da Gama, Moacir Barbosa (1921\u20132000) foi considerado um dos grandes da sua \u00e9poca. Escalado para defender o Brasil na Copa de 1950, a ele e a outros dois negros em campo (Juvenal e Bigode) \u00e9 atribu\u00edda a culpa pela derrota para a sele\u00e7\u00e3o do Uruguai diante de quase 200 mil pessoas no Maracan\u00e3 \u2014 o famoso &#8220;Maracanazo\u201d.<\/p>\n\n\n\n<p>&#8220;Uns acusavam [o t\u00e9cnico] Fl\u00e1vio Costa. Mas quase todos se viraram contra os pretos do escrete. Assim, tr\u00eas pretos foram escolhidos como bodes expiat\u00f3rios: Barbosa, Juvenal e Bigode. Mas ao mesmo tempo que se observava esse recrudescimento de racismo, o brasileiro escolhia um \u00eddolo \u00e0s avessas: Obdulio Varela, mulato uruguaio, de cabelo ruim&#8221;, escreveu o jornalista M\u00e1rio Filho.<\/p>\n\n\n\n<p>Recentemente, no m\u00eas de agosto, a torcida do Vasco escolheu o nome de Barbosa para batizar o novo centro de treinamentos do clube.<\/p>\n<\/div>\n<\/div>\n\n\n\n<figure class=\"wp-block-embed is-type-video is-provider-youtube wp-block-embed-youtube wp-embed-aspect-16-9 wp-has-aspect-ratio\"><div class=\"wp-block-embed__wrapper\">\n<iframe loading=\"lazy\" title=\"VASCO INAUGURA NOVO CT - HOMENAGEM AO BARBOSA!\" width=\"1080\" height=\"608\" src=\"https:\/\/www.youtube.com\/embed\/afQzNkgmkhw?feature=oembed\"  allow=\"accelerometer; autoplay; clipboard-write; encrypted-media; gyroscope; picture-in-picture\" allowfullscreen><\/iframe>\n<\/div><\/figure>\n","protected":false},"excerpt":{"rendered":"<p>Goleiro do Vasco da Gama, Moacir Barbosa (1921\u20132000) foi considerado um dos grandes da sua \u00e9poca. Escalado para defender o Brasil na Copa de 1950, a ele e a outros dois negros em campo (Juvenal e Bigode) \u00e9 atribu\u00edda a culpa pela derrota para a sele\u00e7\u00e3o do Uruguai diante de quase 200 mil pessoas no [&hellip;]<\/p>\n","protected":false},"author":2,"featured_media":246,"comment_status":"open","ping_status":"open","sticky":false,"template":"","format":"standard","meta":{"_et_pb_use_builder":"off","_et_pb_old_content":"","_et_gb_content_width":""},"categories":[2],"tags":[],"_links":{"self":[{"href":"https:\/\/webjornalismo.unicap.br\/racismo-no-futebol\/wp-json\/wp\/v2\/posts\/34"}],"collection":[{"href":"https:\/\/webjornalismo.unicap.br\/racismo-no-futebol\/wp-json\/wp\/v2\/posts"}],"about":[{"href":"https:\/\/webjornalismo.unicap.br\/racismo-no-futebol\/wp-json\/wp\/v2\/types\/post"}],"author":[{"embeddable":true,"href":"https:\/\/webjornalismo.unicap.br\/racismo-no-futebol\/wp-json\/wp\/v2\/users\/2"}],"replies":[{"embeddable":true,"href":"https:\/\/webjornalismo.unicap.br\/racismo-no-futebol\/wp-json\/wp\/v2\/comments?post=34"}],"version-history":[{"count":3,"href":"https:\/\/webjornalismo.unicap.br\/racismo-no-futebol\/wp-json\/wp\/v2\/posts\/34\/revisions"}],"predecessor-version":[{"id":267,"href":"https:\/\/webjornalismo.unicap.br\/racismo-no-futebol\/wp-json\/wp\/v2\/posts\/34\/revisions\/267"}],"wp:featuredmedia":[{"embeddable":true,"href":"https:\/\/webjornalismo.unicap.br\/racismo-no-futebol\/wp-json\/wp\/v2\/media\/246"}],"wp:attachment":[{"href":"https:\/\/webjornalismo.unicap.br\/racismo-no-futebol\/wp-json\/wp\/v2\/media?parent=34"}],"wp:term":[{"taxonomy":"category","embeddable":true,"href":"https:\/\/webjornalismo.unicap.br\/racismo-no-futebol\/wp-json\/wp\/v2\/categories?post=34"},{"taxonomy":"post_tag","embeddable":true,"href":"https:\/\/webjornalismo.unicap.br\/racismo-no-futebol\/wp-json\/wp\/v2\/tags?post=34"}],"curies":[{"name":"wp","href":"https:\/\/api.w.org\/{rel}","templated":true}]}}