{"id":32,"date":"2021-11-12T23:09:47","date_gmt":"2021-11-13T02:09:47","guid":{"rendered":"https:\/\/webjornalismo.unicap.br\/racismo-no-futebol\/?p=32"},"modified":"2021-11-17T21:53:52","modified_gmt":"2021-11-18T00:53:52","slug":"leonidas-da-silva","status":"publish","type":"post","link":"https:\/\/webjornalismo.unicap.br\/racismo-no-futebol\/leonidas-da-silva\/","title":{"rendered":"Le\u00f4nidas da Silva"},"content":{"rendered":"\n<figure class=\"wp-block-image size-full\"><img loading=\"lazy\" width=\"400\" height=\"286\" src=\"https:\/\/webjornalismo.unicap.br\/racismo-no-futebol\/wp-content\/uploads\/2021\/11\/pers03.jpg\" alt=\"\" class=\"wp-image-244\" srcset=\"https:\/\/webjornalismo.unicap.br\/racismo-no-futebol\/wp-content\/uploads\/2021\/11\/pers03.jpg 400w, https:\/\/webjornalismo.unicap.br\/racismo-no-futebol\/wp-content\/uploads\/2021\/11\/pers03-300x215.jpg 300w\" sizes=\"(max-width: 400px) 100vw, 400px\" \/><figcaption>Foto: Arquivo\/S\u00e3o Paulo\u00a0Futebol Clube<\/figcaption><\/figure>\n\n\n\n<div class=\"wp-block-columns\">\n<div class=\"wp-block-column\">\n<figure class=\"wp-block-image size-full\"><img loading=\"lazy\" width=\"313\" height=\"500\" src=\"https:\/\/webjornalismo.unicap.br\/racismo-no-futebol\/wp-content\/uploads\/2021\/11\/pers03b.png\" alt=\"\" class=\"wp-image-245\" srcset=\"https:\/\/webjornalismo.unicap.br\/racismo-no-futebol\/wp-content\/uploads\/2021\/11\/pers03b.png 313w, https:\/\/webjornalismo.unicap.br\/racismo-no-futebol\/wp-content\/uploads\/2021\/11\/pers03b-188x300.png 188w\" sizes=\"(max-width: 313px) 100vw, 313px\" \/><figcaption>Foto: Reprodu\u00e7\u00e3o\/Amazon<\/figcaption><\/figure>\n<\/div>\n\n\n\n<div class=\"wp-block-column\">\n<p>Chamado de &#8220;Diamante Negro&#8221;, apelido que depois deu nome ao famoso chocolate da Lacta, Le\u00f4nidas (1913\u20132004) foi um dos jogadores que conquistaram ascens\u00e3o no in\u00edcio da profissionaliza\u00e7\u00e3o do futebol, em meados da d\u00e9cada de 1930. Criador do gol de bicicleta e autor de 37 gols em 37 partidas pela sele\u00e7\u00e3o brasileira, o jogador est\u00e1 na mem\u00f3ria de amantes de futebol at\u00e9 hoje, mesmo que poucos o tenham visto jogar.<\/p>\n\n\n\n<p>Apesar de todo o talento com a bola nos p\u00e9s, ele tamb\u00e9m n\u00e3o escapou da sanha racista que persiste at\u00e9 hoje no esporte. Era uma afronta que um jogador negro frequentasse espa\u00e7os considerados de elite e fosse garoto-propaganda de diversas marcas.<\/p>\n\n\n\n<p>Ao lan\u00e7ar o chocolate de mesmo nome, a Lacta viu a oportunidade de associar o produto ao artilheiro da Copa de 1938. Por 2 milh\u00f5es de r\u00e9is (aproximadamente R$ 2 mil hoje), Le\u00f4nidas da Silva cedeu definitivamente \u00e0 marca os direitos sobre o seu apelido.<\/p>\n\n\n\n<p>Pelo sucesso dentro de campo, o ex-atacante tamb\u00e9m foi rosto de marcas como Kolynos, Emagrina, cigarros Sudan e teve uma linha de rel\u00f3gios que levava seu nome.<\/p>\n<\/div>\n<\/div>\n","protected":false},"excerpt":{"rendered":"<p>Chamado de &#8220;Diamante Negro&#8221;, apelido que depois deu nome ao famoso chocolate da Lacta, Le\u00f4nidas (1913\u20132004) foi um dos jogadores que conquistaram ascens\u00e3o no in\u00edcio da profissionaliza\u00e7\u00e3o do futebol, em meados da d\u00e9cada de 1930. Criador do gol de bicicleta e autor de 37 gols em 37 partidas pela sele\u00e7\u00e3o brasileira, o jogador est\u00e1 na [&hellip;]<\/p>\n","protected":false},"author":2,"featured_media":244,"comment_status":"open","ping_status":"open","sticky":false,"template":"","format":"standard","meta":{"_et_pb_use_builder":"off","_et_pb_old_content":"","_et_gb_content_width":""},"categories":[2],"tags":[],"_links":{"self":[{"href":"https:\/\/webjornalismo.unicap.br\/racismo-no-futebol\/wp-json\/wp\/v2\/posts\/32"}],"collection":[{"href":"https:\/\/webjornalismo.unicap.br\/racismo-no-futebol\/wp-json\/wp\/v2\/posts"}],"about":[{"href":"https:\/\/webjornalismo.unicap.br\/racismo-no-futebol\/wp-json\/wp\/v2\/types\/post"}],"author":[{"embeddable":true,"href":"https:\/\/webjornalismo.unicap.br\/racismo-no-futebol\/wp-json\/wp\/v2\/users\/2"}],"replies":[{"embeddable":true,"href":"https:\/\/webjornalismo.unicap.br\/racismo-no-futebol\/wp-json\/wp\/v2\/comments?post=32"}],"version-history":[{"count":3,"href":"https:\/\/webjornalismo.unicap.br\/racismo-no-futebol\/wp-json\/wp\/v2\/posts\/32\/revisions"}],"predecessor-version":[{"id":265,"href":"https:\/\/webjornalismo.unicap.br\/racismo-no-futebol\/wp-json\/wp\/v2\/posts\/32\/revisions\/265"}],"wp:featuredmedia":[{"embeddable":true,"href":"https:\/\/webjornalismo.unicap.br\/racismo-no-futebol\/wp-json\/wp\/v2\/media\/244"}],"wp:attachment":[{"href":"https:\/\/webjornalismo.unicap.br\/racismo-no-futebol\/wp-json\/wp\/v2\/media?parent=32"}],"wp:term":[{"taxonomy":"category","embeddable":true,"href":"https:\/\/webjornalismo.unicap.br\/racismo-no-futebol\/wp-json\/wp\/v2\/categories?post=32"},{"taxonomy":"post_tag","embeddable":true,"href":"https:\/\/webjornalismo.unicap.br\/racismo-no-futebol\/wp-json\/wp\/v2\/tags?post=32"}],"curies":[{"name":"wp","href":"https:\/\/api.w.org\/{rel}","templated":true}]}}