{"id":31,"date":"2021-11-12T23:09:33","date_gmt":"2021-11-13T02:09:33","guid":{"rendered":"https:\/\/webjornalismo.unicap.br\/racismo-no-futebol\/?p=31"},"modified":"2021-11-17T21:50:50","modified_gmt":"2021-11-18T00:50:50","slug":"carlos-alberto","status":"publish","type":"post","link":"https:\/\/webjornalismo.unicap.br\/racismo-no-futebol\/carlos-alberto\/","title":{"rendered":"Carlos Alberto"},"content":{"rendered":"\n<div class=\"wp-block-columns\">\n<div class=\"wp-block-column\">\n<figure class=\"wp-block-image size-full\"><img loading=\"lazy\" width=\"358\" height=\"515\" src=\"https:\/\/webjornalismo.unicap.br\/racismo-no-futebol\/wp-content\/uploads\/2021\/11\/pers02.png\" alt=\"\" class=\"wp-image-243\" srcset=\"https:\/\/webjornalismo.unicap.br\/racismo-no-futebol\/wp-content\/uploads\/2021\/11\/pers02.png 358w, https:\/\/webjornalismo.unicap.br\/racismo-no-futebol\/wp-content\/uploads\/2021\/11\/pers02-209x300.png 209w\" sizes=\"(max-width: 358px) 100vw, 358px\" \/><figcaption>Foto: Arquivo\/Fluminense<\/figcaption><\/figure>\n<\/div>\n\n\n\n<div class=\"wp-block-column\">\n<p>Em 1914, com medo de ser rejeitado pelos torcedores aristocr\u00e1ticos do Fluminense, o jogador passou p\u00f3 de arroz sobre a pele negra. Durante a partida contra o Am\u00e9rica, por\u00e9m, o suor fez a maquiagem escorrer e o disfarce ser descoberto. A partir desse epis\u00f3dio, torcedores de outros clubes cariocas passaram a chamar os apaixonados pelo Fluminense de &#8220;p\u00f3-de-arroz&#8221;, apelido que o time carrega at\u00e9 hoje.<\/p>\n\n\n\n<p>As not\u00edcias da \u00e9poca davam conta de que a diretoria do Fluminense obrigava Carlos Alberto (1880\u20131938) a passar o p\u00f3 de arroz antes das partidas. A justificativa seria a de que sua cor de pele chamava aten\u00e7\u00e3o quando vestia o uniforme branco. Al\u00e9m disso, muitos afirmavam que o jogador n\u00e3o teve grandes oportunidades na equipe por causa da sua ra\u00e7a. Contudo, o jogador j\u00e1 utilizava o p\u00f3 de arroz antes de chegar ao clube das Laranjeiras. De 1911 a 1932, o Fluminense jogou exclusivamente com a camisa Tricolor, n\u00e3o tendo assim a camisa branca para \u201cdestoar\u201d da cor de pele do atleta.<\/p>\n<\/div>\n<\/div>\n","protected":false},"excerpt":{"rendered":"<p>Em 1914, com medo de ser rejeitado pelos torcedores aristocr\u00e1ticos do Fluminense, o jogador passou p\u00f3 de arroz sobre a pele negra. Durante a partida contra o Am\u00e9rica, por\u00e9m, o suor fez a maquiagem escorrer e o disfarce ser descoberto. A partir desse epis\u00f3dio, torcedores de outros clubes cariocas passaram a chamar os apaixonados pelo [&hellip;]<\/p>\n","protected":false},"author":2,"featured_media":243,"comment_status":"open","ping_status":"open","sticky":false,"template":"","format":"standard","meta":{"_et_pb_use_builder":"off","_et_pb_old_content":"","_et_gb_content_width":""},"categories":[2],"tags":[],"_links":{"self":[{"href":"https:\/\/webjornalismo.unicap.br\/racismo-no-futebol\/wp-json\/wp\/v2\/posts\/31"}],"collection":[{"href":"https:\/\/webjornalismo.unicap.br\/racismo-no-futebol\/wp-json\/wp\/v2\/posts"}],"about":[{"href":"https:\/\/webjornalismo.unicap.br\/racismo-no-futebol\/wp-json\/wp\/v2\/types\/post"}],"author":[{"embeddable":true,"href":"https:\/\/webjornalismo.unicap.br\/racismo-no-futebol\/wp-json\/wp\/v2\/users\/2"}],"replies":[{"embeddable":true,"href":"https:\/\/webjornalismo.unicap.br\/racismo-no-futebol\/wp-json\/wp\/v2\/comments?post=31"}],"version-history":[{"count":3,"href":"https:\/\/webjornalismo.unicap.br\/racismo-no-futebol\/wp-json\/wp\/v2\/posts\/31\/revisions"}],"predecessor-version":[{"id":262,"href":"https:\/\/webjornalismo.unicap.br\/racismo-no-futebol\/wp-json\/wp\/v2\/posts\/31\/revisions\/262"}],"wp:featuredmedia":[{"embeddable":true,"href":"https:\/\/webjornalismo.unicap.br\/racismo-no-futebol\/wp-json\/wp\/v2\/media\/243"}],"wp:attachment":[{"href":"https:\/\/webjornalismo.unicap.br\/racismo-no-futebol\/wp-json\/wp\/v2\/media?parent=31"}],"wp:term":[{"taxonomy":"category","embeddable":true,"href":"https:\/\/webjornalismo.unicap.br\/racismo-no-futebol\/wp-json\/wp\/v2\/categories?post=31"},{"taxonomy":"post_tag","embeddable":true,"href":"https:\/\/webjornalismo.unicap.br\/racismo-no-futebol\/wp-json\/wp\/v2\/tags?post=31"}],"curies":[{"name":"wp","href":"https:\/\/api.w.org\/{rel}","templated":true}]}}