{"id":271,"date":"2021-11-17T22:02:09","date_gmt":"2021-11-18T01:02:09","guid":{"rendered":"https:\/\/webjornalismo.unicap.br\/racismo-no-futebol\/?p=271"},"modified":"2021-11-17T22:02:10","modified_gmt":"2021-11-18T01:02:10","slug":"pele","status":"publish","type":"post","link":"https:\/\/webjornalismo.unicap.br\/racismo-no-futebol\/pele\/","title":{"rendered":"Pel\u00e9"},"content":{"rendered":"\n<figure class=\"wp-block-image size-full\"><img loading=\"lazy\" width=\"800\" height=\"450\" src=\"https:\/\/webjornalismo.unicap.br\/racismo-no-futebol\/wp-content\/uploads\/2021\/11\/pers07.png\" alt=\"\" class=\"wp-image-250\" srcset=\"https:\/\/webjornalismo.unicap.br\/racismo-no-futebol\/wp-content\/uploads\/2021\/11\/pers07.png 800w, https:\/\/webjornalismo.unicap.br\/racismo-no-futebol\/wp-content\/uploads\/2021\/11\/pers07-480x270.png 480w\" sizes=\"(min-width: 0px) and (max-width: 480px) 480px, (min-width: 481px) 800px, 100vw\" \/><figcaption>Foto: Arquivo\/Fifa<\/figcaption><\/figure>\n\n\n\n<p>figuras mais importantes da hist\u00f3ria. Ainda como pol\u00edtico, entrou no centro do debate, ao defender a presen\u00e7a de uma maior quantidade de negros no Congresso Nacional.<\/p>\n\n\n\n<p>Como atleta, durante a d\u00e9cada de 1970, chegou a dizer que \u201co brasileiro n\u00e3o sabe votar\u201d. O fato fez com que a figura p\u00fablica de Pel\u00e9 come\u00e7asse a ser encarada de maneira controversa, principalmente porque a declara\u00e7\u00e3o foi dada ap\u00f3s ele ser perguntado sobre a decis\u00e3o dos governos militares de suspender elei\u00e7\u00f5es diretas para cargos do poder executivo.<\/p>\n\n\n\n<p>Como atleta, Pel\u00e9 pouco atuou na luta antirracista. Por\u00e9m, tampouco foi cobrado por isso. Quando chegou ao Santos, ainda adolescente, foi apelidado de \u201cgasolina\u201d, numa refer\u00eancia \u00e0 subst\u00e2ncia escura causada pelo petr\u00f3leo. Na Copa de 1958, realizada na Su\u00e9cia, foi taxado de \u201cAlem\u00e3o\u201d numa ironia que marcava a oposi\u00e7\u00e3o entre o vigor f\u00edsico e a cor da pele dos atletas europeus. Para muitos soci\u00f3logos e jornalistas, o fato de Pel\u00e9, por muito tempo, ter negado que sofreu insultos racistas durante a carreira, evidencia a falta de representatividade para outros atletas negros do s\u00e9culo passado.<\/p>\n\n\n\n<figure class=\"wp-block-image size-full\"><img loading=\"lazy\" width=\"680\" height=\"453\" src=\"https:\/\/webjornalismo.unicap.br\/racismo-no-futebol\/wp-content\/uploads\/2021\/11\/pers07b.jpg\" alt=\"\" class=\"wp-image-251\" srcset=\"https:\/\/webjornalismo.unicap.br\/racismo-no-futebol\/wp-content\/uploads\/2021\/11\/pers07b.jpg 680w, https:\/\/webjornalismo.unicap.br\/racismo-no-futebol\/wp-content\/uploads\/2021\/11\/pers07b-480x320.jpg 480w\" sizes=\"(min-width: 0px) and (max-width: 480px) 480px, (min-width: 481px) 680px, 100vw\" \/><figcaption>Foto: Antonio Milena\/Reprodu\u00e7\u00e3o Revista VEJA<\/figcaption><\/figure>\n\n\n\n<div class=\"wp-block-columns\"><\/div>\n","protected":false},"excerpt":{"rendered":"<p>figuras mais importantes da hist\u00f3ria. Ainda como pol\u00edtico, entrou no centro do debate, ao defender a presen\u00e7a de uma maior quantidade de negros no Congresso Nacional. Como atleta, durante a d\u00e9cada de 1970, chegou a dizer que \u201co brasileiro n\u00e3o sabe votar\u201d. O fato fez com que a figura p\u00fablica de Pel\u00e9 come\u00e7asse a ser [&hellip;]<\/p>\n","protected":false},"author":2,"featured_media":250,"comment_status":"open","ping_status":"open","sticky":false,"template":"","format":"standard","meta":{"_et_pb_use_builder":"off","_et_pb_old_content":"","_et_gb_content_width":""},"categories":[2],"tags":[],"_links":{"self":[{"href":"https:\/\/webjornalismo.unicap.br\/racismo-no-futebol\/wp-json\/wp\/v2\/posts\/271"}],"collection":[{"href":"https:\/\/webjornalismo.unicap.br\/racismo-no-futebol\/wp-json\/wp\/v2\/posts"}],"about":[{"href":"https:\/\/webjornalismo.unicap.br\/racismo-no-futebol\/wp-json\/wp\/v2\/types\/post"}],"author":[{"embeddable":true,"href":"https:\/\/webjornalismo.unicap.br\/racismo-no-futebol\/wp-json\/wp\/v2\/users\/2"}],"replies":[{"embeddable":true,"href":"https:\/\/webjornalismo.unicap.br\/racismo-no-futebol\/wp-json\/wp\/v2\/comments?post=271"}],"version-history":[{"count":1,"href":"https:\/\/webjornalismo.unicap.br\/racismo-no-futebol\/wp-json\/wp\/v2\/posts\/271\/revisions"}],"predecessor-version":[{"id":272,"href":"https:\/\/webjornalismo.unicap.br\/racismo-no-futebol\/wp-json\/wp\/v2\/posts\/271\/revisions\/272"}],"wp:featuredmedia":[{"embeddable":true,"href":"https:\/\/webjornalismo.unicap.br\/racismo-no-futebol\/wp-json\/wp\/v2\/media\/250"}],"wp:attachment":[{"href":"https:\/\/webjornalismo.unicap.br\/racismo-no-futebol\/wp-json\/wp\/v2\/media?parent=271"}],"wp:term":[{"taxonomy":"category","embeddable":true,"href":"https:\/\/webjornalismo.unicap.br\/racismo-no-futebol\/wp-json\/wp\/v2\/categories?post=271"},{"taxonomy":"post_tag","embeddable":true,"href":"https:\/\/webjornalismo.unicap.br\/racismo-no-futebol\/wp-json\/wp\/v2\/tags?post=271"}],"curies":[{"name":"wp","href":"https:\/\/api.w.org\/{rel}","templated":true}]}}