{"id":488,"date":"2024-11-26T08:00:00","date_gmt":"2024-11-26T11:00:00","guid":{"rendered":"https:\/\/webjornalismo.unicap.br\/racismo-ambiental\/?p=488"},"modified":"2025-05-04T19:05:02","modified_gmt":"2025-05-04T22:05:02","slug":"pov-dois-unidos","status":"publish","type":"post","link":"https:\/\/webjornalismo.unicap.br\/portalmorros\/pov-dois-unidos\/","title":{"rendered":"Conhe\u00e7a Dois Unidos"},"content":{"rendered":"\n<p>Dois Unidos existe h\u00e1 mais de 75 anos e, atualmente, abriga cerca de 32,8 mil moradores, segundo a prefeitura da cidade. Destes, 29,23% se autodeclaram brancos e 70,62% n\u00e3o brancos. Localizado na bacia hidrogr\u00e1fica do rio Beberibe, o distrito tamb\u00e9m abriga parte do ecossistema da Mata Atl\u00e2ntica brasileira, com 34,72 hectares protegidos pelo Sistema Estadual de Unidades de Conserva\u00e7\u00e3o (SEUC), conforme estabelecido pela Lei n\u00ba 14.324, de 2012. A \u00e1rea \u00e9 denominada Reserva da Floresta Urbana Mata de Dois Unidos, criada em 1987, ap\u00f3s a publica\u00e7\u00e3o da Lei n\u00ba 9.989.<\/p>\n\n\n\n<figure class=\"wp-block-embed is-type-video is-provider-youtube wp-block-embed-youtube wp-embed-aspect-16-9 wp-has-aspect-ratio\"><div class=\"wp-block-embed__wrapper\">\n<iframe loading=\"lazy\" title=\"MORRO: Um portal de not\u00edcias antirracista que aborda o debate sobre Racismo Ambiental.\" width=\"1080\" height=\"608\" src=\"https:\/\/www.youtube.com\/embed\/qSwI2iAAF84?feature=oembed\"  allow=\"accelerometer; autoplay; clipboard-write; encrypted-media; gyroscope; picture-in-picture; web-share\" referrerpolicy=\"strict-origin-when-cross-origin\" allowfullscreen><\/iframe>\n<\/div><\/figure>\n","protected":false},"excerpt":{"rendered":"<p>Dois Unidos existe h\u00e1 mais de 75 anos e, atualmente, abriga cerca de 32,8 mil moradores, segundo a prefeitura da cidade. Destes, 29,23% se autodeclaram brancos e 70,62% n\u00e3o brancos. Localizado na bacia hidrogr\u00e1fica do rio Beberibe, o distrito tamb\u00e9m abriga parte do ecossistema da Mata Atl\u00e2ntica brasileira, com 34,72 hectares protegidos pelo Sistema Estadual [&hellip;]<\/p>\n","protected":false},"author":2,"featured_media":489,"comment_status":"open","ping_status":"open","sticky":false,"template":"","format":"standard","meta":{"_et_pb_use_builder":"","_et_pb_old_content":"","_et_gb_content_width":"","ngg_post_thumbnail":0,"footnotes":""},"categories":[9],"tags":[],"ppma_author":[22],"class_list":["post-488","post","type-post","status-publish","format-standard","has-post-thumbnail","hentry","category-videos"],"authors":[{"term_id":22,"user_id":2,"is_guest":0,"slug":"paulo-2019209763unicap-br","display_name":"Paulo Pinheiro","avatar_url":{"url":"https:\/\/webjornalismo.unicap.br\/portalmorros\/wp-content\/uploads\/2025\/05\/WhatsApp-Image-2025-01-06-at-09.30.41-e1746381921295.jpeg","url2x":"https:\/\/webjornalismo.unicap.br\/portalmorros\/wp-content\/uploads\/2025\/05\/WhatsApp-Image-2025-01-06-at-09.30.41-e1746381921295.jpeg"},"author_category":"1","first_name":"Paulo","last_name":"Pinheiro","user_url":"","job_title":"","description":"<i><span style=\"font-weight: 400\">Bacharel em Jornalismo pela Universidade Cat\u00f3lica de Pernambuco (2024)<\/span><\/i><span style=\"font-weight: 400\">. Idealizador do Portal Morros, atua com foco em jornalismo comunit\u00e1rio e comunica\u00e7\u00e3o antirracista, com especial interesse em temas como emerg\u00eancias clim\u00e1ticas, direitos humanos e infraestrutura urbana nas periferias do Recife<\/span>"}],"_links":{"self":[{"href":"https:\/\/webjornalismo.unicap.br\/portalmorros\/wp-json\/wp\/v2\/posts\/488","targetHints":{"allow":["GET"]}}],"collection":[{"href":"https:\/\/webjornalismo.unicap.br\/portalmorros\/wp-json\/wp\/v2\/posts"}],"about":[{"href":"https:\/\/webjornalismo.unicap.br\/portalmorros\/wp-json\/wp\/v2\/types\/post"}],"author":[{"embeddable":true,"href":"https:\/\/webjornalismo.unicap.br\/portalmorros\/wp-json\/wp\/v2\/users\/2"}],"replies":[{"embeddable":true,"href":"https:\/\/webjornalismo.unicap.br\/portalmorros\/wp-json\/wp\/v2\/comments?post=488"}],"version-history":[{"count":3,"href":"https:\/\/webjornalismo.unicap.br\/portalmorros\/wp-json\/wp\/v2\/posts\/488\/revisions"}],"predecessor-version":[{"id":831,"href":"https:\/\/webjornalismo.unicap.br\/portalmorros\/wp-json\/wp\/v2\/posts\/488\/revisions\/831"}],"wp:featuredmedia":[{"embeddable":true,"href":"https:\/\/webjornalismo.unicap.br\/portalmorros\/wp-json\/wp\/v2\/media\/489"}],"wp:attachment":[{"href":"https:\/\/webjornalismo.unicap.br\/portalmorros\/wp-json\/wp\/v2\/media?parent=488"}],"wp:term":[{"taxonomy":"category","embeddable":true,"href":"https:\/\/webjornalismo.unicap.br\/portalmorros\/wp-json\/wp\/v2\/categories?post=488"},{"taxonomy":"post_tag","embeddable":true,"href":"https:\/\/webjornalismo.unicap.br\/portalmorros\/wp-json\/wp\/v2\/tags?post=488"},{"taxonomy":"author","embeddable":true,"href":"https:\/\/webjornalismo.unicap.br\/portalmorros\/wp-json\/wp\/v2\/ppma_author?post=488"}],"curies":[{"name":"wp","href":"https:\/\/api.w.org\/{rel}","templated":true}]}}