{"id":422,"date":"2024-11-26T17:58:17","date_gmt":"2024-11-26T20:58:17","guid":{"rendered":"https:\/\/webjornalismo.unicap.br\/racismo-ambiental\/?p=422"},"modified":"2025-05-04T21:02:00","modified_gmt":"2025-05-05T00:02:00","slug":"a-penultima-parada-da-rpa-2","status":"publish","type":"post","link":"https:\/\/webjornalismo.unicap.br\/portalmorros\/a-penultima-parada-da-rpa-2\/","title":{"rendered":"A pen\u00faltima parada da RPA 2"},"content":{"rendered":"\n<figure class=\"wp-block-image size-large\"><img loading=\"lazy\" decoding=\"async\" width=\"1024\" height=\"576\" src=\"https:\/\/webjornalismo.unicap.br\/portalmorros\/wp-content\/uploads\/2024\/11\/Captura-de-tela-2024-11-26-175141-1024x576.png\" alt=\"\" class=\"wp-image-432\" srcset=\"https:\/\/webjornalismo.unicap.br\/portalmorros\/wp-content\/uploads\/2024\/11\/Captura-de-tela-2024-11-26-175141-980x551.png 980w, https:\/\/webjornalismo.unicap.br\/portalmorros\/wp-content\/uploads\/2024\/11\/Captura-de-tela-2024-11-26-175141-480x270.png 480w\" sizes=\"(min-width: 0px) and (max-width: 480px) 480px, (min-width: 481px) and (max-width: 980px) 980px, (min-width: 981px) 1024px, 100vw\" \/><\/figure>\n\n\n\n<p>Sejam bem-vindos(as) \u00e0 linha 742 &#8211; Dois Unidos\/Jo\u00e3o de Barros, que inicia o seu retorno na ponte Duarte Coelho com destino ao bairro de origem (Dois Unidos): uma comunidade da periferia do Recife, cercada pelas \u00e1guas dos rios Beberibe e Morno. Uma regi\u00e3o onde ainda existe parte da Mata Atl\u00e2ntica brasileira e onde vivem mais de 31.4 mil moradores. Territ\u00f3rio que surgiu na \u00e9poca do Brasil Imp\u00e9rio, com mais de 179 anos de hist\u00f3ria e transforma\u00e7\u00f5es, o distrito desenvolveu o seu pr\u00f3prio centro comercial e caracter\u00edsticas de uma microrregi\u00e3o recifense.<\/p>\n\n\n\n<p>Bom, para falar de Dois Unidos, vamos fazer uma breve viagem no tempo, ent\u00e3o segura a\u00ed que o motorista vai pegar o urso! O primeiro suspiro da localidade foi em novembro de 1845, quando o Imperador Dom Pedro II, aprovou a&nbsp;Lei Provincial N\u00ba 1.499, a constru\u00e7\u00e3o da Estrada do Cumbe (atual Av. Hidelbrando de Vasconcelos), criada para dar acesso aos casar\u00f5es localizados na regi\u00e3o. O endere\u00e7o teve seu primeiro registro em uma publica\u00e7\u00e3o do Jornal do Recife em 1883, segundo o portal Vozes da Zona Norte.<\/p>\n\n\n\n<figure class=\"wp-block-image size-full is-resized\"><img loading=\"lazy\" decoding=\"async\" width=\"320\" height=\"233\" src=\"https:\/\/webjornalismo.unicap.br\/portalmorros\/wp-content\/uploads\/2024\/11\/image.png\" alt=\"\" class=\"wp-image-424\" style=\"width:801px;height:auto\" srcset=\"https:\/\/webjornalismo.unicap.br\/portalmorros\/wp-content\/uploads\/2024\/11\/image.png 320w, https:\/\/webjornalismo.unicap.br\/portalmorros\/wp-content\/uploads\/2024\/11\/image-300x218.png 300w\" sizes=\"(max-width: 320px) 100vw, 320px\" \/><\/figure>\n\n\n\n<p>&nbsp;&nbsp;&nbsp;&nbsp;&nbsp;&nbsp;&nbsp;&nbsp;&nbsp;&nbsp;&nbsp;&nbsp;&nbsp;&nbsp;&nbsp;&nbsp;&nbsp;&nbsp; Foto do Di\u00e1rio de Pernambuco, da Antiga Estrada do Cumbe, em 1959.<\/p>\n\n\n\n<p>Historicamente, Dois Unidos abrigou escravizados, tanto que em 1937, o Governador Agamenon Magalh\u00e3es, criou a Liga Social Contra os Mocambos, que ficavam \u00e0s margens do Rio Beberibe e no Grande Recife. Essa quest\u00e3o do nome fica mais evidente quando em 1949, um decreto do Estado transformou a liga no Servi\u00e7o Social Contra os Mocambos (SSCM), que em 1950 inaugurou a Vila Popular Dois Unidos, com a constru\u00e7\u00e3o de casas de barro e ripas e tr\u00eas c\u00f4modos: quarto, cozinha e sala. O bairro surge oficialmente em 1988,&nbsp; devido ao crescimento populacional na regi\u00e3o. Da\u00ed tiraram o \u201cVila\u201d e ficou com esse nome \u201cDois Unidos\u201d.<\/p>\n\n\n\n<p>O distrito come\u00e7a atravessando as \u00e1guas do Rio Beberibe, e logo \u00e0 frente se encontra a Av. Hidelbrando de Vasconcelos (antiga estrada do Cumbe). O nome da via \u00e9 em homenagem&nbsp; ao dono da falida f\u00e1brica Minerva, localizada no bairro. A avenida \u00e9 o principal acesso ao bairro, aonde vamos nos ater para contar como est\u00e1 bairro hoje, vamos dividir o bairro em 4 paradas, beleza?<\/p>\n\n\n\n<h2 class=\"wp-block-heading\"><strong>Parada 01: O Com\u00e9rcio de Dois Unidos<\/strong><\/h2>\n\n\n\n<figure class=\"wp-block-image size-large\"><img loading=\"lazy\" decoding=\"async\" width=\"1024\" height=\"681\" src=\"https:\/\/webjornalismo.unicap.br\/portalmorros\/wp-content\/uploads\/2024\/11\/DSC02358-1-1024x681.jpg\" alt=\"\" class=\"wp-image-426\" srcset=\"https:\/\/webjornalismo.unicap.br\/portalmorros\/wp-content\/uploads\/2024\/11\/DSC02358-1-1024x681.jpg 1024w, https:\/\/webjornalismo.unicap.br\/portalmorros\/wp-content\/uploads\/2024\/11\/DSC02358-1-300x199.jpg 300w, https:\/\/webjornalismo.unicap.br\/portalmorros\/wp-content\/uploads\/2024\/11\/DSC02358-1-768x511.jpg 768w, https:\/\/webjornalismo.unicap.br\/portalmorros\/wp-content\/uploads\/2024\/11\/DSC02358-1-1536x1021.jpg 1536w, https:\/\/webjornalismo.unicap.br\/portalmorros\/wp-content\/uploads\/2024\/11\/DSC02358-1-2048x1362.jpg 2048w, https:\/\/webjornalismo.unicap.br\/portalmorros\/wp-content\/uploads\/2024\/11\/DSC02358-1-1080x718.jpg 1080w, https:\/\/webjornalismo.unicap.br\/portalmorros\/wp-content\/uploads\/2024\/11\/DSC02358-1-1280x851.jpg 1280w, https:\/\/webjornalismo.unicap.br\/portalmorros\/wp-content\/uploads\/2024\/11\/DSC02358-1-980x652.jpg 980w, https:\/\/webjornalismo.unicap.br\/portalmorros\/wp-content\/uploads\/2024\/11\/DSC02358-1-480x319.jpg 480w\" sizes=\"(max-width: 1024px) 100vw, 1024px\" \/><\/figure>\n\n\n\n<p class=\"has-text-align-center\">Centro comercial de Dois Unidos (Foto de Paulo Pinheiro)<\/p>\n\n\n\n<p>Em Dois Unidos, o com\u00e9rcio \u00e9 encontrado por todo o bairro considerando o tamanho da popula\u00e7\u00e3o e a renda dos moradores, que, segundo dados da Prefeitura do Recife \u00e9 em m\u00e9dia, de 937 reais mensais, o que implica em um forte consumo interno.<\/p>\n\n\n\n<p>T\u00e1 com sede? Em 1940, uma fonte de \u00e1gua mineral encontrada na ent\u00e3o Estrada do Cumbe, iniciou um dos pontos comerciais mais antigos do bairro: \u00c1guas Minerais Santa Clara. A empresa chegou a ser sede da Coca-Cola em 1941, enquanto a multinacional conclu\u00eda a constru\u00e7\u00e3o da sua f\u00e1brica no Rio de Janeiro, segundo levantamento do portal Vozes da Zona Norte.<\/p>\n\n\n\n<figure class=\"wp-block-image size-large\"><img loading=\"lazy\" decoding=\"async\" width=\"1024\" height=\"681\" src=\"https:\/\/webjornalismo.unicap.br\/portalmorros\/wp-content\/uploads\/2024\/11\/DSC02180-1-1024x681.jpg\" alt=\"\" class=\"wp-image-425\" srcset=\"https:\/\/webjornalismo.unicap.br\/portalmorros\/wp-content\/uploads\/2024\/11\/DSC02180-1-1024x681.jpg 1024w, https:\/\/webjornalismo.unicap.br\/portalmorros\/wp-content\/uploads\/2024\/11\/DSC02180-1-300x199.jpg 300w, https:\/\/webjornalismo.unicap.br\/portalmorros\/wp-content\/uploads\/2024\/11\/DSC02180-1-768x511.jpg 768w, https:\/\/webjornalismo.unicap.br\/portalmorros\/wp-content\/uploads\/2024\/11\/DSC02180-1-1536x1021.jpg 1536w, https:\/\/webjornalismo.unicap.br\/portalmorros\/wp-content\/uploads\/2024\/11\/DSC02180-1-2048x1362.jpg 2048w, https:\/\/webjornalismo.unicap.br\/portalmorros\/wp-content\/uploads\/2024\/11\/DSC02180-1-1080x718.jpg 1080w, https:\/\/webjornalismo.unicap.br\/portalmorros\/wp-content\/uploads\/2024\/11\/DSC02180-1-1280x851.jpg 1280w, https:\/\/webjornalismo.unicap.br\/portalmorros\/wp-content\/uploads\/2024\/11\/DSC02180-1-980x652.jpg 980w, https:\/\/webjornalismo.unicap.br\/portalmorros\/wp-content\/uploads\/2024\/11\/DSC02180-1-480x319.jpg 480w\" sizes=\"(max-width: 1024px) 100vw, 1024px\" \/><\/figure>\n\n\n\n<p class=\"has-text-align-center\">Mineradora de \u00c1gua Santa Clara (Imagem de Paulo Pinheiro)<\/p>\n\n\n\n<p>Em dezembro de 1951, foi inaugurada a F\u00e1brica Minerva, que produzia celulose, papel comum e para embalagens. Popularmente conhecida como a \u201cF\u00e1brica de Papel de Beberibe\u201d, Minerva foi precursora no desenvolvimento populacional e econ\u00f4mico do bairro.<\/p>\n\n\n\n<figure class=\"wp-block-image size-full is-resized\"><img loading=\"lazy\" decoding=\"async\" width=\"315\" height=\"320\" src=\"https:\/\/webjornalismo.unicap.br\/portalmorros\/wp-content\/uploads\/2024\/11\/IMG_20180921_095116268_HDR.jpg\" alt=\"\" class=\"wp-image-433\" style=\"width:1200px;height:auto\" srcset=\"https:\/\/webjornalismo.unicap.br\/portalmorros\/wp-content\/uploads\/2024\/11\/IMG_20180921_095116268_HDR.jpg 315w, https:\/\/webjornalismo.unicap.br\/portalmorros\/wp-content\/uploads\/2024\/11\/IMG_20180921_095116268_HDR-295x300.jpg 295w\" sizes=\"(max-width: 315px) 100vw, 315px\" \/><\/figure>\n\n\n\n<p class=\"has-text-align-center\">Fabrica Minerva (<strong>Di\u00e1rio de Pernambuco.<\/strong> em 1983)<\/p>\n\n\n\n<p>Apesar de ser um marco na hist\u00f3ria do bairro de Dois Unidos, a f\u00e1brica descartava seus res\u00edduos de forma indevida. Parte deles era direcionada para o Rio Beberibe, que influenciou na polui\u00e7\u00e3o do rio na \u00e9poca. Em 1960, o Di\u00e1rio de Pernambuco denunciou o manejo criminoso da f\u00e1brica.&nbsp; Em 1994, a f\u00e1brica decretou fal\u00eancia.<\/p>\n\n\n\n<h2 class=\"wp-block-heading\"><strong>Com\u00e9rcio familiar<\/strong><\/h2>\n\n\n\n<p>Os empreendimentos de Dois Unidos tamb\u00e9m&nbsp; t\u00eam raiz familiar. Foi assim com a padaria do Sr. Vasco, que transformou uma pequena mercearia na padaria mais antiga do distrito, com mais de 50 anos de tradi\u00e7\u00e3o e culin\u00e1ria familiar, com bolos e p\u00e3es variados, que trazem o sabor da comida de casa.<\/p>\n\n\n\n<p>No n\u00edvel de shopping, a moda tamb\u00e9m est\u00e1 presente em Dois Unidos. Temos a Lery Modas, que se destaca at\u00e9 mesmo em compara\u00e7\u00e3o com muitas lojas do centro. \u00c9 uma loja relativamente nova, com 10 anos de atua\u00e7\u00e3o, moderna e at\u00e9 oferece delivery.&nbsp; Mas quem realmente conquista o cora\u00e7\u00e3o dos moradores de Dois Unidos \u00e9 o com\u00e9rcio de rua, onde frutas e verduras s\u00e3o do dia e os pre\u00e7os que cabem no bolso. Um dos rostos mais conhecidos \u00e9 o do Sr. Edinho, carinhosamente chamado de \u201cDelegado\u201d. Ele foca seu com\u00e9rcio em frutas, mas tamb\u00e9m \u00e9 poss\u00edvel encontrar macaxeira e car\u00e1, entre outros naturais.<\/p>\n\n\n\n<p>Ir no centro para comprar peixe? Nem pensar! O bairro tem sua pr\u00f3pria peixaria, que tamb\u00e9m \u00e9 uma miniloja de produtos naturais e foi inaugurada h\u00e1 3 anos e re\u00fane variedade de frutos do mar e produtos naturais.<\/p>\n\n\n\n<figure class=\"wp-block-image size-large\"><img loading=\"lazy\" decoding=\"async\" width=\"1024\" height=\"681\" src=\"https:\/\/webjornalismo.unicap.br\/portalmorros\/wp-content\/uploads\/2024\/11\/DSC02542-1-1024x681.jpg\" alt=\"\" class=\"wp-image-427\" srcset=\"https:\/\/webjornalismo.unicap.br\/portalmorros\/wp-content\/uploads\/2024\/11\/DSC02542-1-1024x681.jpg 1024w, https:\/\/webjornalismo.unicap.br\/portalmorros\/wp-content\/uploads\/2024\/11\/DSC02542-1-300x199.jpg 300w, https:\/\/webjornalismo.unicap.br\/portalmorros\/wp-content\/uploads\/2024\/11\/DSC02542-1-768x511.jpg 768w, https:\/\/webjornalismo.unicap.br\/portalmorros\/wp-content\/uploads\/2024\/11\/DSC02542-1-1536x1021.jpg 1536w, https:\/\/webjornalismo.unicap.br\/portalmorros\/wp-content\/uploads\/2024\/11\/DSC02542-1-2048x1362.jpg 2048w, https:\/\/webjornalismo.unicap.br\/portalmorros\/wp-content\/uploads\/2024\/11\/DSC02542-1-1080x718.jpg 1080w, https:\/\/webjornalismo.unicap.br\/portalmorros\/wp-content\/uploads\/2024\/11\/DSC02542-1-1280x851.jpg 1280w, https:\/\/webjornalismo.unicap.br\/portalmorros\/wp-content\/uploads\/2024\/11\/DSC02542-1-980x652.jpg 980w, https:\/\/webjornalismo.unicap.br\/portalmorros\/wp-content\/uploads\/2024\/11\/DSC02542-1-480x319.jpg 480w\" sizes=\"(max-width: 1024px) 100vw, 1024px\" \/><\/figure>\n\n\n\n<p class=\"has-text-align-center\"> Sarah Raquel e Nerivaldo Barros  (Foto de Paulo Pinheiro)<\/p>\n\n\n\n<p>\u201cAqui tem de tudo um pouco, mas o bom mesmo \u00e9 o pre\u00e7o. Voc\u00ea compra barato e \u00e9 pertinho de casa. Tem gente que vai ao centro para comprar e acaba gastando mais, e \u00e0s vezes o camar\u00e3o \u00e9 pequenininho. Aqui a gente tem desde peixe at\u00e9 gr\u00e3os e ervas para ch\u00e1, com op\u00e7\u00f5es variadas para as pessoas\u201d, conta, sorrindo Sarah Raquel, funcion\u00e1ria da Peixaria do Rei.<\/p>\n\n\n\n<p>Em Dois Unidos, se cuidar \u00e9 coisa de \u201ccabra macho\u201d, um dos sal\u00f5es mais conhecido do bairro, com mais de 9 anos de exist\u00eancia, fundado por Fl\u00e1vio Sobrinho, vulgo Ded\u00e9. Hoje, o espa\u00e7o conta com mais dois colaboradores, al\u00e9m do prolet\u00e1rio, o estabelecimento s\u00f3 atende com agendamento, que abre a partir da quinta-feira e funciona de segunda a quinta em hor\u00e1rio normal, sexta, at\u00e9 as 17h30 porque Ded\u00e9 \u00e9 adventista e guarda o s\u00e1bado.<\/p>\n\n\n\n<figure class=\"wp-block-image size-large\"><img loading=\"lazy\" decoding=\"async\" width=\"1024\" height=\"681\" src=\"https:\/\/webjornalismo.unicap.br\/portalmorros\/wp-content\/uploads\/2024\/11\/DSC02233-1024x681.jpg\" alt=\"\" class=\"wp-image-428\" srcset=\"https:\/\/webjornalismo.unicap.br\/portalmorros\/wp-content\/uploads\/2024\/11\/DSC02233-1024x681.jpg 1024w, https:\/\/webjornalismo.unicap.br\/portalmorros\/wp-content\/uploads\/2024\/11\/DSC02233-300x199.jpg 300w, https:\/\/webjornalismo.unicap.br\/portalmorros\/wp-content\/uploads\/2024\/11\/DSC02233-768x511.jpg 768w, https:\/\/webjornalismo.unicap.br\/portalmorros\/wp-content\/uploads\/2024\/11\/DSC02233-1536x1021.jpg 1536w, https:\/\/webjornalismo.unicap.br\/portalmorros\/wp-content\/uploads\/2024\/11\/DSC02233-2048x1362.jpg 2048w, https:\/\/webjornalismo.unicap.br\/portalmorros\/wp-content\/uploads\/2024\/11\/DSC02233-1080x718.jpg 1080w, https:\/\/webjornalismo.unicap.br\/portalmorros\/wp-content\/uploads\/2024\/11\/DSC02233-1280x851.jpg 1280w, https:\/\/webjornalismo.unicap.br\/portalmorros\/wp-content\/uploads\/2024\/11\/DSC02233-980x652.jpg 980w, https:\/\/webjornalismo.unicap.br\/portalmorros\/wp-content\/uploads\/2024\/11\/DSC02233-480x319.jpg 480w\" sizes=\"(max-width: 1024px) 100vw, 1024px\" \/><\/figure>\n\n\n\n<p class=\"has-text-align-center\">Foto de Paulo Pinheiro<\/p>\n\n\n\n<p>\u201cEu moro h\u00e1 12 anos no bairro. Cheguei aqui por meio da minha esposa e montei meu neg\u00f3cio na regi\u00e3o. O bairro vem avan\u00e7ando; tivemos recentemente a reforma do posto de sa\u00fade Bionor Teod\u00f3sio e a constru\u00e7\u00e3o da academia da cidade, pr\u00f3xima ao terminal. \u00c9 gratificante ver essas melhorias acontecerem, porque me sinto parte do bairro. Minha barbearia est\u00e1 aqui, e \u00e9 tamb\u00e9m onde realizo minhas a\u00e7\u00f5es sociais. Dois Unidos ainda t\u00eam muito a melhorar, e a seguran\u00e7a \u00e9 uma das quest\u00f5es que deveriam ser prioridade. Dois Unidos tem um potencial enorme. Uma das coisas que mais admiro aqui \u00e9 o com\u00e9rcio.\u201d Contou o empres\u00e1rio.<\/p>\n\n\n\n<p>O potencial de consumo do bairro \u00e9 t\u00e3o forte que, em mar\u00e7o de 2024, o sub\u00farbio recebeu uma das lojas do Novo Atacarejo, constru\u00edda no lote da antiga F\u00e1brica Minerva, uma \u00e1rea de 4.698 m\u00b2, segundo o portal Ecossistema do Varejo. O levantamento ainda enfatiza a cria\u00e7\u00e3o de 300 vagas de emprego na regi\u00e3o.<\/p>\n\n\n\n<figure class=\"wp-block-image size-large\"><img loading=\"lazy\" decoding=\"async\" width=\"1024\" height=\"681\" src=\"https:\/\/webjornalismo.unicap.br\/portalmorros\/wp-content\/uploads\/2024\/11\/DSC02112-1024x681.jpg\" alt=\"\" class=\"wp-image-429\" srcset=\"https:\/\/webjornalismo.unicap.br\/portalmorros\/wp-content\/uploads\/2024\/11\/DSC02112-1024x681.jpg 1024w, https:\/\/webjornalismo.unicap.br\/portalmorros\/wp-content\/uploads\/2024\/11\/DSC02112-300x199.jpg 300w, https:\/\/webjornalismo.unicap.br\/portalmorros\/wp-content\/uploads\/2024\/11\/DSC02112-768x511.jpg 768w, https:\/\/webjornalismo.unicap.br\/portalmorros\/wp-content\/uploads\/2024\/11\/DSC02112-1536x1021.jpg 1536w, https:\/\/webjornalismo.unicap.br\/portalmorros\/wp-content\/uploads\/2024\/11\/DSC02112-2048x1362.jpg 2048w, https:\/\/webjornalismo.unicap.br\/portalmorros\/wp-content\/uploads\/2024\/11\/DSC02112-1080x718.jpg 1080w, https:\/\/webjornalismo.unicap.br\/portalmorros\/wp-content\/uploads\/2024\/11\/DSC02112-1280x851.jpg 1280w, https:\/\/webjornalismo.unicap.br\/portalmorros\/wp-content\/uploads\/2024\/11\/DSC02112-980x652.jpg 980w, https:\/\/webjornalismo.unicap.br\/portalmorros\/wp-content\/uploads\/2024\/11\/DSC02112-480x319.jpg 480w\" sizes=\"(max-width: 1024px) 100vw, 1024px\" \/><\/figure>\n\n\n\n<p class=\"has-text-align-center\">Placa do Novo Atacarejo (Foto de Paulo Pinheiro)<\/p>\n\n\n\n<h2 class=\"wp-block-heading\">Parada 02: Cultura do Bairro<\/h2>\n\n\n\n<p>No in\u00edcio dos anos 2000, o bairro ficou famoso pelo seu espa\u00e7o cultural Arlindo dos 8 Baixos, popularmente conhecido como Forr\u00f3 do Arlindo. O local recebeu artistas como Luiz Gonzaga e Dominguinhos, trazendo pessoas amantes do forr\u00f3 e da culin\u00e1ria nordestina, e claro, pra tomar uma tamb\u00e9m.<\/p>\n\n\n\n<h2 class=\"wp-block-heading\">Parada 03: Servi\u00e7os p\u00fablicos no bairro e a\u00e7\u00f5es comunit\u00e1rias<\/h2>\n\n\n\n<p>Dois Unidos conheceu sua primeira linha de \u00f4nibus, em 1955, com n\u00famero 741 e nome Vila Dois Unidos, pela empresa S\u00e3o Paulo. No in\u00edcio de 1987, a Mata de Dois Unidos, uma parte da Mata Atl\u00e2ntica nacional, foi regulamentada como \u00e1rea de preserva\u00e7\u00e3o com 34,72 hectares, protegida pela Lei n\u00ba 9.989. Em 1993, o distrito recebeu o Posto de Sa\u00fade Professor Bionor Teod\u00f3sio, que segue atendendo os moradores do bairro at\u00e9 os dias de hoje.<\/p>\n\n\n\n<p>Em 1986, foi fundada a Associa\u00e7\u00e3o Comunit\u00e1ria de Dois Unidos, com sede na Avenida Hildebrando de Vasconcelos, n\u00famero 771. Atualmente, a entidade \u00e9 presidida por Rafael Urbano, que por meio da institui\u00e7\u00e3o promove a\u00e7\u00f5es de suporte aos moradores. \u201cAtuamos diretamente na comunidade, defendendo causas sociais e promovendo doa\u00e7\u00f5es de alimentos devido \u00e0 grande vulnerabilidade social que existe no bairro. Realizamos atividades esportivas duas vezes por semana, visando ocupar a mente dos jovens. A comunidade \u00e9 acolhedora e, apesar de algumas dificuldades, como em qualquer lugar, \u00e9 um lugar incr\u00edvel para viver, morar e empreender. Se voc\u00ea souber comercializar o seu trabalho e fazer marketing, consegue empreender bem. Eu amo Dois Unidos.\u201d, afirma Urbano.<\/p>\n\n\n\n<h2 class=\"wp-block-heading\">Parada 04: A f\u00e9 em Dois Unidos<\/h2>\n\n\n\n<p>Essas terras tamb\u00e9m s\u00e3o sagradas e guardam grandezas ancestrais de mulheres fortes. Essa raiz tem registros desde 1930 no Xang\u00f4 M\u00e3e Maria de Oy\u00e1, que zelou pela casa durante 8 anos. Em 1938, o terreiro foi fechado por uma a\u00e7\u00e3o de repress\u00e3o policial. Maria de Oy\u00e1 faleceu em 1939, passando seu legado para sua filha, a Ialorix\u00e1 M\u00e3e Biu, integrante da Sociedade Africana Santa B\u00e1rbara-Xamb\u00e1.<\/p>\n\n\n\n<figure class=\"wp-block-image size-full is-resized\"><img loading=\"lazy\" decoding=\"async\" width=\"320\" height=\"228\" src=\"https:\/\/webjornalismo.unicap.br\/portalmorros\/wp-content\/uploads\/2024\/11\/IMG_20181215_152934147-1.jpg\" alt=\"\" class=\"wp-image-430\" style=\"width:963px;height:auto\" srcset=\"https:\/\/webjornalismo.unicap.br\/portalmorros\/wp-content\/uploads\/2024\/11\/IMG_20181215_152934147-1.jpg 320w, https:\/\/webjornalismo.unicap.br\/portalmorros\/wp-content\/uploads\/2024\/11\/IMG_20181215_152934147-1-300x214.jpg 300w\" sizes=\"(max-width: 320px) 100vw, 320px\" \/><\/figure>\n\n\n\n<p class=\"has-text-align-center\">M\u00e3e Biu (Registro do Jornal do Commercio\/Recife- 15\/12\/2018)<\/p>\n\n\n\n<p>No dia 18 de junho de 1945, foi a vez de Amara Mendes (Ialorix\u00e1 M\u00e3e Amara) e Ant\u00f4nio Higino Barreto (Babalorix\u00e1) inaugurarem o terreiro Santa Clara, S\u00e3o Jo\u00e3o Batista na entrada do Cumbe. Em 1955, o terreiro foi transferido para a Rua Mamede Coelho, e passou a se chamar \u201cIl\u00ea Ob\u00e1 Aganj\u00fa Okoloy\u00e1\u201d, e segue funcionando com muito ax\u00e9, sob a reg\u00eancia de Maria Helena Sampaio. A Ialorix\u00e1 Maria Helena tamb\u00e9m \u00e9 cantora, Mestra em Cultura Popular e fundadora da Rede de Mulheres de Terreiro de Pernambuco. \u201c\u00c9 que aqui era o antigo Santa Cruz, a concentra\u00e7\u00e3o do Santa Cruz. A\u00ed, na \u00e9poca, ele se mudou, e o terreno ficou. Minha m\u00e3e, sim, quando abriu o terreiro, contava que tinha que fazer um exame mental pra poder tocar, porque o terreiro era visto como casa de loucos. Minha m\u00e3e, Amara Mendes, sofreu muito nas d\u00e9cadas de 40 e 50 com essa persegui\u00e7\u00e3o aos terreiros de candombl\u00e9. Ela viveu esse momento da ditadura, dessa opress\u00e3o, e teve que esconder seus orix\u00e1s.\u201d, contou M\u00e3e Maria Helena.<\/p>\n\n\n\n<p>A ialorix\u00e1 Maria Helena Sampaio, de 52 anos, vive no bairro de Dois Unidos desde que nasceu e relembra uma \u00e9poca em que a regi\u00e3o ainda n\u00e3o havia sofrido grandes interven\u00e7\u00f5es urbanas. Por volta de 1980, ela recorda: \u201cQuando eu tinha 8 anos, me lembro disso aqui. N\u00e3o tinha nada, era s\u00f3 mato. O que tinha era uma fazenda linda, linda. Isso aqui era muito lindo. Ent\u00e3o, o desmatamento, n\u00e9, os veranistas, as coisas foram chegando, e as necessidades, as necessidades da popula\u00e7\u00e3o [\u2026] pra gente, que \u00e9 zeladora da natureza, \u00e9 muito triste. Eu pe\u00e7o muito a Deus, aos Orix\u00e1s, que realmente d\u00ea consci\u00eancia aos governando, que cuida da nossa Terra M\u00e3e. Que realmente um olhar com mais carinho [\u2026] e eu tamb\u00e9m preservar, como tenho aqui o Iroko, uma \u00e1rvore de 40 anos. Hoje \u00e9 o \u00fanico daqui de Pernambuco, que foi filho do s\u00edtio de Ad\u00e3o. \u00c9 um cuidado tamb\u00e9m com a natureza, ent\u00e3o isso preocupa muito.\u201d<\/p>\n\n\n\n<figure class=\"wp-block-image size-full is-resized\"><img loading=\"lazy\" decoding=\"async\" width=\"225\" height=\"225\" src=\"https:\/\/webjornalismo.unicap.br\/portalmorros\/wp-content\/uploads\/2024\/11\/images.jpg\" alt=\"\" class=\"wp-image-431\" style=\"width:1035px;height:auto\" srcset=\"https:\/\/webjornalismo.unicap.br\/portalmorros\/wp-content\/uploads\/2024\/11\/images.jpg 225w, https:\/\/webjornalismo.unicap.br\/portalmorros\/wp-content\/uploads\/2024\/11\/images-150x150.jpg 150w\" sizes=\"(max-width: 225px) 100vw, 225px\" \/><\/figure>\n\n\n\n<p class=\"has-text-align-center\">Registro publicado na rede social Facebook do Terreiro Il\u00ea Ob\u00e1 Aganj\u00fa Okoloy\u00e1 &#8211; Terreiro de M\u00e3e Amara&nbsp;<\/p>\n\n\n\n<p>Dois anos mais tarde, surgiu um dos pontos sagrados mais conhecido do bairro, o Vale do Senhor, em 1957. Em 1958, foi inaugurada a Igreja de S\u00e3o Vicente de Paulo, que foi elevada \u00e0 par\u00f3quia do bairro em 2017, tornando-se a 127\u00aa par\u00f3quia da Arquidiocese de Recife e Olinda.<\/p>\n\n\n\n<p>Chegamos ao final do nosso passeio, mostrando o porqu\u00ea essa regi\u00e3o da Regi\u00e3o Pol\u00edtico Administrativa (RPA) 2&nbsp;, \u00e9 t\u00e3o importante para o Recife. Seus vest\u00edgios ao longo do tempo deram origem a um distrito superpovoado e repleto de diversidade. Mas ainda h\u00e1 muitos desafios a serem enfrentados na regi\u00e3o \u2014 mas isso \u00e9 um papo para outra reportagem.<\/p>\n","protected":false},"excerpt":{"rendered":"<p>Sejam bem-vindos(as) \u00e0 linha 742 &#8211; Dois Unidos\/Jo\u00e3o de Barros, que inicia o seu retorno na ponte Duarte Coelho com destino ao bairro de origem (Dois Unidos): uma comunidade da periferia do Recife, cercada pelas \u00e1guas dos rios Beberibe e Morno. Uma regi\u00e3o onde ainda existe parte da Mata Atl\u00e2ntica brasileira e onde vivem mais [&hellip;]<\/p>\n","protected":false},"author":2,"featured_media":432,"comment_status":"open","ping_status":"open","sticky":false,"template":"","format":"standard","meta":{"_et_pb_use_builder":"","_et_pb_old_content":"","_et_gb_content_width":"","ngg_post_thumbnail":0,"footnotes":""},"categories":[5],"tags":[],"ppma_author":[22],"class_list":["post-422","post","type-post","status-publish","format-standard","has-post-thumbnail","hentry","category-reportagens"],"authors":[{"term_id":22,"user_id":2,"is_guest":0,"slug":"paulo-2019209763unicap-br","display_name":"Paulo Pinheiro","avatar_url":{"url":"https:\/\/webjornalismo.unicap.br\/portalmorros\/wp-content\/uploads\/2025\/05\/WhatsApp-Image-2025-01-06-at-09.30.41-e1746381921295.jpeg","url2x":"https:\/\/webjornalismo.unicap.br\/portalmorros\/wp-content\/uploads\/2025\/05\/WhatsApp-Image-2025-01-06-at-09.30.41-e1746381921295.jpeg"},"author_category":"1","first_name":"Paulo","last_name":"Pinheiro","user_url":"","job_title":"","description":"<i><span style=\"font-weight: 400\">Bacharel em Jornalismo pela Universidade Cat\u00f3lica de Pernambuco (2024)<\/span><\/i><span style=\"font-weight: 400\">. Idealizador do Portal Morros, atua com foco em jornalismo comunit\u00e1rio e comunica\u00e7\u00e3o antirracista, com especial interesse em temas como emerg\u00eancias clim\u00e1ticas, direitos humanos e infraestrutura urbana nas periferias do Recife<\/span>"}],"_links":{"self":[{"href":"https:\/\/webjornalismo.unicap.br\/portalmorros\/wp-json\/wp\/v2\/posts\/422","targetHints":{"allow":["GET"]}}],"collection":[{"href":"https:\/\/webjornalismo.unicap.br\/portalmorros\/wp-json\/wp\/v2\/posts"}],"about":[{"href":"https:\/\/webjornalismo.unicap.br\/portalmorros\/wp-json\/wp\/v2\/types\/post"}],"author":[{"embeddable":true,"href":"https:\/\/webjornalismo.unicap.br\/portalmorros\/wp-json\/wp\/v2\/users\/2"}],"replies":[{"embeddable":true,"href":"https:\/\/webjornalismo.unicap.br\/portalmorros\/wp-json\/wp\/v2\/comments?post=422"}],"version-history":[{"count":2,"href":"https:\/\/webjornalismo.unicap.br\/portalmorros\/wp-json\/wp\/v2\/posts\/422\/revisions"}],"predecessor-version":[{"id":843,"href":"https:\/\/webjornalismo.unicap.br\/portalmorros\/wp-json\/wp\/v2\/posts\/422\/revisions\/843"}],"wp:featuredmedia":[{"embeddable":true,"href":"https:\/\/webjornalismo.unicap.br\/portalmorros\/wp-json\/wp\/v2\/media\/432"}],"wp:attachment":[{"href":"https:\/\/webjornalismo.unicap.br\/portalmorros\/wp-json\/wp\/v2\/media?parent=422"}],"wp:term":[{"taxonomy":"category","embeddable":true,"href":"https:\/\/webjornalismo.unicap.br\/portalmorros\/wp-json\/wp\/v2\/categories?post=422"},{"taxonomy":"post_tag","embeddable":true,"href":"https:\/\/webjornalismo.unicap.br\/portalmorros\/wp-json\/wp\/v2\/tags?post=422"},{"taxonomy":"author","embeddable":true,"href":"https:\/\/webjornalismo.unicap.br\/portalmorros\/wp-json\/wp\/v2\/ppma_author?post=422"}],"curies":[{"name":"wp","href":"https:\/\/api.w.org\/{rel}","templated":true}]}}