{"id":394,"date":"2024-11-26T16:40:19","date_gmt":"2024-11-26T19:40:19","guid":{"rendered":"https:\/\/webjornalismo.unicap.br\/racismo-ambiental\/?p=394"},"modified":"2024-11-26T16:40:42","modified_gmt":"2024-11-26T19:40:42","slug":"entrevista-com-a-viuva-de-arlindo-do-8-baixos","status":"publish","type":"post","link":"https:\/\/webjornalismo.unicap.br\/portalmorros\/entrevista-com-a-viuva-de-arlindo-do-8-baixos\/","title":{"rendered":"Entrevista com a vi\u00fava de Arlindo do 8 Baixos"},"content":{"rendered":"\n<figure class=\"wp-block-embed is-type-video is-provider-youtube wp-block-embed-youtube wp-embed-aspect-16-9 wp-has-aspect-ratio\"><div class=\"wp-block-embed__wrapper\">\n<iframe loading=\"lazy\" title=\"Entrevista com a vi\u00fava de Arlindo do 8 Baixos\" width=\"1080\" height=\"608\" src=\"https:\/\/www.youtube.com\/embed\/2wkkAGxF9lk?feature=oembed\"  allow=\"accelerometer; autoplay; clipboard-write; encrypted-media; gyroscope; picture-in-picture; web-share\" referrerpolicy=\"strict-origin-when-cross-origin\" allowfullscreen><\/iframe>\n<\/div><\/figure>\n\n\n\n<p>Entrevista com Odete Macedo, vi\u00fava de Arlindo dos Oito Baixos e propriet\u00e1ria do espa\u00e7o cultural onde funcionava o famoso Forr\u00f3 do Arlindo, fechado devido \u00e0 falta de verba. Odete relembra momentos de celebra\u00e7\u00e3o no Forr\u00f3 do Arlindo e destaca a alegria das pessoas que frequentavam o local, em busca de divers\u00e3o e boa comida, como ela descreve. <\/p>\n\n\n\n<p>A vi\u00fava lamenta a falta de interesse do poder p\u00fablico em preservar a mem\u00f3ria de Arlindo dos 8 Baixos, ressaltando que o espa\u00e7o atualmente est\u00e1 abandonado, sem nenhum tipo de preserva\u00e7\u00e3o hist\u00f3rica ou sinaliza\u00e7\u00e3o indicando que ali viveu o sanfoneiro.<\/p>\n","protected":false},"excerpt":{"rendered":"<p>Entrevista com Odete Macedo, vi\u00fava de Arlindo dos Oito Baixos e propriet\u00e1ria do espa\u00e7o cultural onde funcionava o famoso Forr\u00f3 do Arlindo, fechado devido \u00e0 falta de verba. Odete relembra momentos de celebra\u00e7\u00e3o no Forr\u00f3 do Arlindo e destaca a alegria das pessoas que frequentavam o local, em busca de divers\u00e3o e boa comida, como [&hellip;]<\/p>\n","protected":false},"author":2,"featured_media":395,"comment_status":"open","ping_status":"open","sticky":false,"template":"","format":"standard","meta":{"_et_pb_use_builder":"","_et_pb_old_content":"","_et_gb_content_width":"","ngg_post_thumbnail":0,"footnotes":""},"categories":[6],"tags":[],"ppma_author":[22],"class_list":["post-394","post","type-post","status-publish","format-standard","has-post-thumbnail","hentry","category-entrevistas"],"authors":[{"term_id":22,"user_id":2,"is_guest":0,"slug":"paulo-2019209763unicap-br","display_name":"Paulo Pinheiro","avatar_url":{"url":"https:\/\/webjornalismo.unicap.br\/portalmorros\/wp-content\/uploads\/2025\/05\/WhatsApp-Image-2025-01-06-at-09.30.41-e1746381921295.jpeg","url2x":"https:\/\/webjornalismo.unicap.br\/portalmorros\/wp-content\/uploads\/2025\/05\/WhatsApp-Image-2025-01-06-at-09.30.41-e1746381921295.jpeg"},"author_category":"1","first_name":"Paulo","last_name":"Pinheiro","user_url":"","job_title":"","description":"<i><span style=\"font-weight: 400\">Bacharel em Jornalismo pela Universidade Cat\u00f3lica de Pernambuco (2024)<\/span><\/i><span style=\"font-weight: 400\">. Idealizador do Portal Morros, atua com foco em jornalismo comunit\u00e1rio e comunica\u00e7\u00e3o antirracista, com especial interesse em temas como emerg\u00eancias clim\u00e1ticas, direitos humanos e infraestrutura urbana nas periferias do Recife<\/span>"}],"_links":{"self":[{"href":"https:\/\/webjornalismo.unicap.br\/portalmorros\/wp-json\/wp\/v2\/posts\/394","targetHints":{"allow":["GET"]}}],"collection":[{"href":"https:\/\/webjornalismo.unicap.br\/portalmorros\/wp-json\/wp\/v2\/posts"}],"about":[{"href":"https:\/\/webjornalismo.unicap.br\/portalmorros\/wp-json\/wp\/v2\/types\/post"}],"author":[{"embeddable":true,"href":"https:\/\/webjornalismo.unicap.br\/portalmorros\/wp-json\/wp\/v2\/users\/2"}],"replies":[{"embeddable":true,"href":"https:\/\/webjornalismo.unicap.br\/portalmorros\/wp-json\/wp\/v2\/comments?post=394"}],"version-history":[{"count":2,"href":"https:\/\/webjornalismo.unicap.br\/portalmorros\/wp-json\/wp\/v2\/posts\/394\/revisions"}],"predecessor-version":[{"id":397,"href":"https:\/\/webjornalismo.unicap.br\/portalmorros\/wp-json\/wp\/v2\/posts\/394\/revisions\/397"}],"wp:featuredmedia":[{"embeddable":true,"href":"https:\/\/webjornalismo.unicap.br\/portalmorros\/wp-json\/wp\/v2\/media\/395"}],"wp:attachment":[{"href":"https:\/\/webjornalismo.unicap.br\/portalmorros\/wp-json\/wp\/v2\/media?parent=394"}],"wp:term":[{"taxonomy":"category","embeddable":true,"href":"https:\/\/webjornalismo.unicap.br\/portalmorros\/wp-json\/wp\/v2\/categories?post=394"},{"taxonomy":"post_tag","embeddable":true,"href":"https:\/\/webjornalismo.unicap.br\/portalmorros\/wp-json\/wp\/v2\/tags?post=394"},{"taxonomy":"author","embeddable":true,"href":"https:\/\/webjornalismo.unicap.br\/portalmorros\/wp-json\/wp\/v2\/ppma_author?post=394"}],"curies":[{"name":"wp","href":"https:\/\/api.w.org\/{rel}","templated":true}]}}