{"id":379,"date":"2024-11-26T16:25:03","date_gmt":"2024-11-26T19:25:03","guid":{"rendered":"https:\/\/webjornalismo.unicap.br\/racismo-ambiental\/?p=379"},"modified":"2024-11-26T16:26:22","modified_gmt":"2024-11-26T19:26:22","slug":"entrevista-pingue-pongue-com-maria-cecilia","status":"publish","type":"post","link":"https:\/\/webjornalismo.unicap.br\/portalmorros\/entrevista-pingue-pongue-com-maria-cecilia\/","title":{"rendered":"Entrevista Pingue-Pongue com Maria Cec\u00edlia"},"content":{"rendered":"\n<figure class=\"wp-block-image size-large\"><img loading=\"lazy\" decoding=\"async\" width=\"1024\" height=\"1024\" src=\"https:\/\/webjornalismo.unicap.br\/portalmorros\/wp-content\/uploads\/2024\/11\/20201003_160946-1024x1024.jpg\" alt=\"\" class=\"wp-image-380\" srcset=\"https:\/\/webjornalismo.unicap.br\/portalmorros\/wp-content\/uploads\/2024\/11\/20201003_160946-1024x1024.jpg 1024w, https:\/\/webjornalismo.unicap.br\/portalmorros\/wp-content\/uploads\/2024\/11\/20201003_160946-300x300.jpg 300w, https:\/\/webjornalismo.unicap.br\/portalmorros\/wp-content\/uploads\/2024\/11\/20201003_160946-150x150.jpg 150w, https:\/\/webjornalismo.unicap.br\/portalmorros\/wp-content\/uploads\/2024\/11\/20201003_160946-768x768.jpg 768w, https:\/\/webjornalismo.unicap.br\/portalmorros\/wp-content\/uploads\/2024\/11\/20201003_160946-1536x1536.jpg 1536w, https:\/\/webjornalismo.unicap.br\/portalmorros\/wp-content\/uploads\/2024\/11\/20201003_160946-2048x2048.jpg 2048w, https:\/\/webjornalismo.unicap.br\/portalmorros\/wp-content\/uploads\/2024\/11\/20201003_160946-1080x1080.jpg 1080w, https:\/\/webjornalismo.unicap.br\/portalmorros\/wp-content\/uploads\/2024\/11\/20201003_160946-1280x1280.jpg 1280w, https:\/\/webjornalismo.unicap.br\/portalmorros\/wp-content\/uploads\/2024\/11\/20201003_160946-980x980.jpg 980w, https:\/\/webjornalismo.unicap.br\/portalmorros\/wp-content\/uploads\/2024\/11\/20201003_160946-480x480.jpg 480w\" sizes=\"(max-width: 1024px) 100vw, 1024px\" \/><\/figure>\n\n\n\n<p class=\"has-text-align-center\">Foto: Paulo Pinheiro<\/p>\n\n\n\n<p>Quem vive nos morros do bairro de Dois Unidos tem uma viv\u00eancia um pouco diferente das pessoas que vivem pr\u00f3ximas \u00e0 Avenida Hildebrando de Vasconcelos, principal corredor do bairro. Pensando nisso, conversei com Maria Cec\u00edlia, moradora da Rua Jo\u00e3o Cavalcanti Petribu, numa parte mais afastada da avenida do distrito. Ela tem 45 anos, \u00e9 dona de casa, casada com Edson Alves, pessoa com defici\u00eancia visual, e com seu filho mais velho, Edson J\u00fanior. Entre os desafios relacionados a saneamento, sa\u00fade, transporte e seguran\u00e7a, Cec\u00edlia descreve as aus\u00eancias do poder p\u00fablico no bairro e como isso afeta sua rotina.<\/p>\n\n\n\n<p><strong>Como voc\u00ea chegou a Dois Unidos?<\/strong><\/p>\n\n\n\n<p>Eu vim morar aqui, na verdade, por um incentivo de ter minha casa pr\u00f3pria. Ent\u00e3o, aqui foi a oportunidade que me surgiu. Por\u00e9m, a dificuldade \u00e9 tremenda. Acredito que tem lugares melhores, porque, a partir do momento que voc\u00ea tem uma rua, mas n\u00e3o \u00e9 asfaltada, tem um posto de sa\u00fade pr\u00f3ximo da minha casa, mas eu n\u00e3o tenho acesso. Eu mesma tenho que ir l\u00e1 para a Avenida Beberibe, o posto \u00e9 muito longe, e tamb\u00e9m, para mim, o hor\u00e1rio \u00e9 inconveniente para marca\u00e7\u00e3o de consulta. Enfim, s\u00e3o muitas coisas que n\u00e3o favorecem nem a mim nem \u00e0s minhas vizinhas. Se fosse opcional, eu n\u00e3o compraria aqui. Eu s\u00f3 comprei porque a minha renda realmente s\u00f3 podia me contemplar para vir morar aqui.<\/p>\n\n\n\n<p><strong>Quais s\u00e3o as principais dificuldades que voc\u00ea vivencia aqui na Rua Jo\u00e3o Cavalcanti Petribu?<\/strong><\/p>\n\n\n\n<p>A rua principal tem muito buraco. Assim, quando fazem um paliativo para ajudar, muitas vezes alguns moradores quebram o asfalto. Porque j\u00e1 chegou gente para ajeitar a rua, e os pr\u00f3prios moradores inconvenientes fazem rego no meio da rua. Tem tamb\u00e9m a canaleta, porque, quando fizeram o paliativo, fizeram com a canaleta. Por\u00e9m, tem uns intrusos que quebram o que est\u00e1 sendo feito.<\/p>\n\n\n\n<p><strong>As ruas e travessas aqui da Jo\u00e3o Cavalcanti Petribu foram beneficiadas por essa obra paliativa que voc\u00ea citou?<\/strong><\/p>\n\n\n\n<p>N\u00e3o fizeram as entradas, s\u00f3 a principal. Mas j\u00e1 dava um bom retorno, porque estava entrando Uber. Agora, como n\u00e3o est\u00e1 passando carro, por exemplo, uma viatura da pol\u00edcia n\u00e3o passa. Lugar afastado, lugar dif\u00edcil, complicado. N\u00e3o vem carro de aplicativo, n\u00e3o vem moto, porque ficam com medo, entendeu? Fica dif\u00edcil o acesso para tudo.<\/p>\n\n\n\n<p><strong>Voc\u00ea comentou sobre a quest\u00e3o da seguran\u00e7a p\u00fablica aqui na Jo\u00e3o Cavalcanti e que isso afeta o acesso a servi\u00e7os como Uber. Isso \u00e9 frequente?<\/strong><\/p>\n\n\n\n<p>Na verdade, quando d\u00e1 um certo hor\u00e1rio, eles n\u00e3o querem vir mais, porque, como sempre, a gente mora numa regi\u00e3o que est\u00e1 descoberta. Ent\u00e3o, est\u00e1 tudo descoberto. E, se n\u00e3o v\u00ea a viatura passar, muitas vezes o Uber n\u00e3o quer entrar. Um socorro n\u00e3o entra porque a rua j\u00e1 est\u00e1 toda esburacada. Quem fez o conserto agora, por exemplo, foi um dos moradores.<\/p>\n\n\n\n<p><strong>Aqui pr\u00f3ximo tem um posto de sa\u00fade, mas voc\u00ea acabou relatando que n\u00e3o recebe atendimento. Por que isso acontece?<\/strong><\/p>\n\n\n\n<p><strong>Q<\/strong>uem mora aqui na parte do alto, no morro, eles dizem que a demanda \u00e9 grande, entende? A\u00ed eles n\u00e3o atendem. Por\u00e9m, a gente j\u00e1 precisou fazer um curativo, tomar uma inje\u00e7\u00e3o, e eles n\u00e3o aplicam, n\u00e3o fazem curativo, n\u00e3o fazem nada, porque a gente mora aqui em cima. Mas tem pessoas que j\u00e1 entraram na justi\u00e7a e est\u00e3o sendo atendidas embaixo, porque tem crian\u00e7as com anemia falciforme, a\u00ed conseguiram na justi\u00e7a um atendimento m\u00e9dico nesse posto aqui embaixo, o Clube dos Delegados. Como pode um posto pr\u00f3ximo da sua casa n\u00e3o lhe atender? A gente tem que se deslocar, e muitas vezes n\u00e3o tem passagem. Porque, \u00e0s vezes, eu mesma, como meu marido tem baixa vis\u00e3o, acontece de ele n\u00e3o poder ir comigo, ou eu n\u00e3o poder ir com ele. A\u00ed tem que depender totalmente dele. Se n\u00e3o depende de mim, eu preciso ter passagem para poder me deslocar para ir para o m\u00e9dico mais distante. Porque nem toda hora ele pode ir comigo, e isso fica dif\u00edcil para mim.<\/p>\n\n\n\n<p><strong>A quest\u00e3o do transporte p\u00fablico aqui em Dois Unidos, como voc\u00ea avalia?<\/strong><\/p>\n\n\n\n<p>Tem algumas linhas de \u00f4nibus que demoram. Por exemplo, Afogados \u00e9 o que mais demora. Os demais, como Prefeitura e Espinheiro, tamb\u00e9m demoram.<\/p>\n\n\n\n<p><strong>Como voc\u00ea avalia o bairro de Dois Unidos?<\/strong><\/p>\n\n\n\n<p>Eu gosto de Dois Unidos, mas todo lugar precisa ter seguran\u00e7a, sa\u00fade, entendeu? A pessoa tem que ter mais acesso \u00e0s coisas. Porque, gra\u00e7as a Deus, eu n\u00e3o tenho defici\u00eancia, mas eu n\u00e3o sei o futuro. Meu esposo tem, ent\u00e3o para mim j\u00e1 \u00e9 ruim, para ele \u00e9 pior ainda. A ilumina\u00e7\u00e3o p\u00fablica aqui melhorou muito, porque antes n\u00e3o tinha, era bem escuro. Depois que entrou um novo prefeito, realmente foi feita uma mudan\u00e7a. Mas a seguran\u00e7a, para mim, aqui \u00e9 zero.<\/p>\n","protected":false},"excerpt":{"rendered":"<p>Foto: Paulo Pinheiro Quem vive nos morros do bairro de Dois Unidos tem uma viv\u00eancia um pouco diferente das pessoas que vivem pr\u00f3ximas \u00e0 Avenida Hildebrando de Vasconcelos, principal corredor do bairro. Pensando nisso, conversei com Maria Cec\u00edlia, moradora da Rua Jo\u00e3o Cavalcanti Petribu, numa parte mais afastada da avenida do distrito. Ela tem 45 [&hellip;]<\/p>\n","protected":false},"author":2,"featured_media":380,"comment_status":"open","ping_status":"open","sticky":false,"template":"","format":"standard","meta":{"_et_pb_use_builder":"","_et_pb_old_content":"","_et_gb_content_width":"","ngg_post_thumbnail":0,"footnotes":""},"categories":[6],"tags":[],"ppma_author":[22],"class_list":["post-379","post","type-post","status-publish","format-standard","has-post-thumbnail","hentry","category-entrevistas"],"authors":[{"term_id":22,"user_id":2,"is_guest":0,"slug":"paulo-2019209763unicap-br","display_name":"Paulo Pinheiro","avatar_url":{"url":"https:\/\/webjornalismo.unicap.br\/portalmorros\/wp-content\/uploads\/2025\/05\/WhatsApp-Image-2025-01-06-at-09.30.41-e1746381921295.jpeg","url2x":"https:\/\/webjornalismo.unicap.br\/portalmorros\/wp-content\/uploads\/2025\/05\/WhatsApp-Image-2025-01-06-at-09.30.41-e1746381921295.jpeg"},"author_category":"1","first_name":"Paulo","last_name":"Pinheiro","user_url":"","job_title":"","description":"<i><span style=\"font-weight: 400\">Bacharel em Jornalismo pela Universidade Cat\u00f3lica de Pernambuco (2024)<\/span><\/i><span style=\"font-weight: 400\">. Idealizador do Portal Morros, atua com foco em jornalismo comunit\u00e1rio e comunica\u00e7\u00e3o antirracista, com especial interesse em temas como emerg\u00eancias clim\u00e1ticas, direitos humanos e infraestrutura urbana nas periferias do Recife<\/span>"}],"_links":{"self":[{"href":"https:\/\/webjornalismo.unicap.br\/portalmorros\/wp-json\/wp\/v2\/posts\/379","targetHints":{"allow":["GET"]}}],"collection":[{"href":"https:\/\/webjornalismo.unicap.br\/portalmorros\/wp-json\/wp\/v2\/posts"}],"about":[{"href":"https:\/\/webjornalismo.unicap.br\/portalmorros\/wp-json\/wp\/v2\/types\/post"}],"author":[{"embeddable":true,"href":"https:\/\/webjornalismo.unicap.br\/portalmorros\/wp-json\/wp\/v2\/users\/2"}],"replies":[{"embeddable":true,"href":"https:\/\/webjornalismo.unicap.br\/portalmorros\/wp-json\/wp\/v2\/comments?post=379"}],"version-history":[{"count":2,"href":"https:\/\/webjornalismo.unicap.br\/portalmorros\/wp-json\/wp\/v2\/posts\/379\/revisions"}],"predecessor-version":[{"id":383,"href":"https:\/\/webjornalismo.unicap.br\/portalmorros\/wp-json\/wp\/v2\/posts\/379\/revisions\/383"}],"wp:featuredmedia":[{"embeddable":true,"href":"https:\/\/webjornalismo.unicap.br\/portalmorros\/wp-json\/wp\/v2\/media\/380"}],"wp:attachment":[{"href":"https:\/\/webjornalismo.unicap.br\/portalmorros\/wp-json\/wp\/v2\/media?parent=379"}],"wp:term":[{"taxonomy":"category","embeddable":true,"href":"https:\/\/webjornalismo.unicap.br\/portalmorros\/wp-json\/wp\/v2\/categories?post=379"},{"taxonomy":"post_tag","embeddable":true,"href":"https:\/\/webjornalismo.unicap.br\/portalmorros\/wp-json\/wp\/v2\/tags?post=379"},{"taxonomy":"author","embeddable":true,"href":"https:\/\/webjornalismo.unicap.br\/portalmorros\/wp-json\/wp\/v2\/ppma_author?post=379"}],"curies":[{"name":"wp","href":"https:\/\/api.w.org\/{rel}","templated":true}]}}