{"id":376,"date":"2024-11-26T16:23:01","date_gmt":"2024-11-26T19:23:01","guid":{"rendered":"https:\/\/webjornalismo.unicap.br\/racismo-ambiental\/?p=376"},"modified":"2024-11-26T16:27:16","modified_gmt":"2024-11-26T19:27:16","slug":"entrevista-pingue-pongue-com-marcia-jaciara","status":"publish","type":"post","link":"https:\/\/webjornalismo.unicap.br\/portalmorros\/entrevista-pingue-pongue-com-marcia-jaciara\/","title":{"rendered":"Entrevista Pingue-Pongue com Marcia Jaciara"},"content":{"rendered":"\n<figure class=\"wp-block-image size-large\"><img loading=\"lazy\" decoding=\"async\" width=\"1024\" height=\"681\" src=\"https:\/\/webjornalismo.unicap.br\/portalmorros\/wp-content\/uploads\/2024\/11\/DSC_0058-1-1024x681.jpg\" alt=\"\" class=\"wp-image-377\" srcset=\"https:\/\/webjornalismo.unicap.br\/portalmorros\/wp-content\/uploads\/2024\/11\/DSC_0058-1-1024x681.jpg 1024w, https:\/\/webjornalismo.unicap.br\/portalmorros\/wp-content\/uploads\/2024\/11\/DSC_0058-1-300x199.jpg 300w, https:\/\/webjornalismo.unicap.br\/portalmorros\/wp-content\/uploads\/2024\/11\/DSC_0058-1-768x511.jpg 768w, https:\/\/webjornalismo.unicap.br\/portalmorros\/wp-content\/uploads\/2024\/11\/DSC_0058-1-1536x1021.jpg 1536w, https:\/\/webjornalismo.unicap.br\/portalmorros\/wp-content\/uploads\/2024\/11\/DSC_0058-1-2048x1362.jpg 2048w, https:\/\/webjornalismo.unicap.br\/portalmorros\/wp-content\/uploads\/2024\/11\/DSC_0058-1-1080x718.jpg 1080w, https:\/\/webjornalismo.unicap.br\/portalmorros\/wp-content\/uploads\/2024\/11\/DSC_0058-1-1280x851.jpg 1280w, https:\/\/webjornalismo.unicap.br\/portalmorros\/wp-content\/uploads\/2024\/11\/DSC_0058-1-980x652.jpg 980w, https:\/\/webjornalismo.unicap.br\/portalmorros\/wp-content\/uploads\/2024\/11\/DSC_0058-1-480x319.jpg 480w\" sizes=\"(max-width: 1024px) 100vw, 1024px\" \/><\/figure>\n\n\n\n<p>Foto: Paulo Pinheiro<\/p>\n\n\n\n<p>Para entender mais as din\u00e2micas do bairro de Dois Unidos sob a vis\u00e3o de quem vivencia diariamente o bairro, conversei com M\u00e1rcia Jaciara, 56 anos, moradora do bairro de Dois Unidos. Auxiliar de servi\u00e7os gerais, atualmente desempregada, atua informalmente vendendo passagens de \u00f4nibus no terminal, no antigo terminal de \u00f4nibus de Dois Unidos, todos os dias no hor\u00e1rio da manh\u00e3. M\u00e1rcia tira o seu sustento mensal a partir da venda da passagem mais barata, em torno de R$3,50, R$0,90 mais barato que a passagem cobrada pelo Cons\u00f3rcio Grande Recife, atrav\u00e9s de vem trabalhador de outras pessoas, cedidos a vendedora.<\/p>\n\n\n\n<p><strong>Voc\u00ea \u00e9 nascida e criada aqui no bairro?<\/strong><\/p>\n\n\n\n<p>Eu nasci em casa, no Alto do Pascoal, foi a parteira que pegou. Mas eu moro aqui h\u00e1 34 anos.<\/p>\n\n\n\n<p><strong>Como voc\u00ea avalia a quest\u00e3o do emprego aqui no Bairro?<\/strong><\/p>\n\n\n\n<p>Trabalho aqui \u00e9 meio dif\u00edcil. Porque aqui s\u00f3 tem mercado, n\u00e3o tem uma empresa grande e, mesmo assim, s\u00f3 quer pessoas com experi\u00eancia como caixa. Tamb\u00e9m n\u00e3o demora muito, a pessoa entra aqui e sai logo.<\/p>\n\n\n\n<p><strong>Como voc\u00ea avalia o bairro de Dois Unidos?<\/strong><\/p>\n\n\n\n<p>At\u00e9 agora, aqui \u00e9 de boa. Eu n\u00e3o arrumo problema com ningu\u00e9m, eu vivo na minha casa. Seguran\u00e7a aqui tem, porque tem muito tr\u00e1fico, a\u00ed de instante em instante passa carro (se referindo \u00e0 pol\u00edcia). Por esse motivo, eu sempre vejo eles por aqui.<\/p>\n\n\n\n<p><strong>Quais s\u00e3o os principais desafios de Dois Unidos?<\/strong><\/p>\n\n\n\n<p>Aqui o problema \u00e9 \u00f4nibus, que demora por demais. A gente espera quase 1 hora para pegar um transporte. O Uber n\u00e3o entra aqui todo hor\u00e1rio, nem moto. Uma escola municipal que n\u00e3o tem aqui no bairro, uma escola aqui mesmo, no terminal. As escolas que eles colocam como de Dois Unidos s\u00e3o todas longe. \u00c9 o que falta aqui. Uma UPA pra gente, porque s\u00f3 tem posto de sa\u00fade e, quando a gente pede um encaminhamento, demora um ano pra chegar. Tudo isso a gente tem dificuldade aqui.<\/p>\n\n\n\n<p><strong>O que voc\u00ea acha que pode melhorar?<\/strong><\/p>\n\n\n\n<p>Agora mesmo, Jo\u00e3o Campos ganhou. Seria uma boa proposta pra gente, ele abrir uma escola municipal aqui no centro de Dois Unidos, que n\u00e3o tem. Ele poderia fazer isso pela gente.<\/p>\n\n\n\n<p><strong>Recentemente tiveram mudan\u00e7as aqui no bairro, como a chegada da rede de supermercados Novo Atacarejo. Como voc\u00ea avalia essas novidades?<\/strong><\/p>\n\n\n\n<p>Beneficia pra quem tem dinheiro para ir no Novo Atacarejo comparar, porque l\u00e1 vende mais em fardo. Ent\u00e3o, n\u00e3o \u00e9 vi\u00e1vel sair de casa para comprar 3 kg de feij\u00e3o l\u00e1. Melhor comprar nos mercadinhos mais perto aqui no bairro mesmo.<\/p>\n\n\n\n<p><strong>Levando em considera\u00e7\u00e3o as quest\u00f5es de saneamento, sa\u00fade e seguran\u00e7a, como voc\u00ea avalia Dois Unidos?<\/strong><\/p>\n\n\n\n<p>P\u00e9ssimo. Aqui, mal chove e est\u00e1 tudo alagado. \u00c9 bem ruim. A gente toma banho de lama esperando o \u00f4nibus. Ent\u00e3o, deveria melhorar, ter limpeza das canaletas. Apesar que isso tamb\u00e9m \u00e9 culpa da comunidade que joga lixo na rua, mas a prefeitura poderia passar uma vistoria aqui nas canaletas para melhorar.<\/p>\n\n\n\n<p><strong>Se voc\u00ea pudesse apresentar o bairro para algu\u00e9m que nunca veio a Dois Unidos, o que voc\u00ea diria?<\/strong><\/p>\n\n\n\n<p>Eu gosto muito de Dois Unidos, eu indico. Agora depende da parte que vai morar. Eu t\u00f4 falando da parte que eu moro, que, gra\u00e7as a Deus, eu n\u00e3o tenho problema, nem com vizinhos, nem com os meninos do tr\u00e1fico, nem com ningu\u00e9m.<\/p>\n","protected":false},"excerpt":{"rendered":"<p>Foto: Paulo Pinheiro Para entender mais as din\u00e2micas do bairro de Dois Unidos sob a vis\u00e3o de quem vivencia diariamente o bairro, conversei com M\u00e1rcia Jaciara, 56 anos, moradora do bairro de Dois Unidos. Auxiliar de servi\u00e7os gerais, atualmente desempregada, atua informalmente vendendo passagens de \u00f4nibus no terminal, no antigo terminal de \u00f4nibus de Dois [&hellip;]<\/p>\n","protected":false},"author":2,"featured_media":377,"comment_status":"open","ping_status":"open","sticky":false,"template":"","format":"standard","meta":{"_et_pb_use_builder":"","_et_pb_old_content":"","_et_gb_content_width":"","ngg_post_thumbnail":0,"footnotes":""},"categories":[6],"tags":[],"ppma_author":[22],"class_list":["post-376","post","type-post","status-publish","format-standard","has-post-thumbnail","hentry","category-entrevistas"],"authors":[{"term_id":22,"user_id":2,"is_guest":0,"slug":"paulo-2019209763unicap-br","display_name":"Paulo Pinheiro","avatar_url":{"url":"https:\/\/webjornalismo.unicap.br\/portalmorros\/wp-content\/uploads\/2025\/05\/WhatsApp-Image-2025-01-06-at-09.30.41-e1746381921295.jpeg","url2x":"https:\/\/webjornalismo.unicap.br\/portalmorros\/wp-content\/uploads\/2025\/05\/WhatsApp-Image-2025-01-06-at-09.30.41-e1746381921295.jpeg"},"author_category":"1","first_name":"Paulo","last_name":"Pinheiro","user_url":"","job_title":"","description":"<i><span style=\"font-weight: 400\">Bacharel em Jornalismo pela Universidade Cat\u00f3lica de Pernambuco (2024)<\/span><\/i><span style=\"font-weight: 400\">. Idealizador do Portal Morros, atua com foco em jornalismo comunit\u00e1rio e comunica\u00e7\u00e3o antirracista, com especial interesse em temas como emerg\u00eancias clim\u00e1ticas, direitos humanos e infraestrutura urbana nas periferias do Recife<\/span>"}],"_links":{"self":[{"href":"https:\/\/webjornalismo.unicap.br\/portalmorros\/wp-json\/wp\/v2\/posts\/376","targetHints":{"allow":["GET"]}}],"collection":[{"href":"https:\/\/webjornalismo.unicap.br\/portalmorros\/wp-json\/wp\/v2\/posts"}],"about":[{"href":"https:\/\/webjornalismo.unicap.br\/portalmorros\/wp-json\/wp\/v2\/types\/post"}],"author":[{"embeddable":true,"href":"https:\/\/webjornalismo.unicap.br\/portalmorros\/wp-json\/wp\/v2\/users\/2"}],"replies":[{"embeddable":true,"href":"https:\/\/webjornalismo.unicap.br\/portalmorros\/wp-json\/wp\/v2\/comments?post=376"}],"version-history":[{"count":2,"href":"https:\/\/webjornalismo.unicap.br\/portalmorros\/wp-json\/wp\/v2\/posts\/376\/revisions"}],"predecessor-version":[{"id":384,"href":"https:\/\/webjornalismo.unicap.br\/portalmorros\/wp-json\/wp\/v2\/posts\/376\/revisions\/384"}],"wp:featuredmedia":[{"embeddable":true,"href":"https:\/\/webjornalismo.unicap.br\/portalmorros\/wp-json\/wp\/v2\/media\/377"}],"wp:attachment":[{"href":"https:\/\/webjornalismo.unicap.br\/portalmorros\/wp-json\/wp\/v2\/media?parent=376"}],"wp:term":[{"taxonomy":"category","embeddable":true,"href":"https:\/\/webjornalismo.unicap.br\/portalmorros\/wp-json\/wp\/v2\/categories?post=376"},{"taxonomy":"post_tag","embeddable":true,"href":"https:\/\/webjornalismo.unicap.br\/portalmorros\/wp-json\/wp\/v2\/tags?post=376"},{"taxonomy":"author","embeddable":true,"href":"https:\/\/webjornalismo.unicap.br\/portalmorros\/wp-json\/wp\/v2\/ppma_author?post=376"}],"curies":[{"name":"wp","href":"https:\/\/api.w.org\/{rel}","templated":true}]}}