{"id":373,"date":"2024-11-26T16:06:54","date_gmt":"2024-11-26T19:06:54","guid":{"rendered":"https:\/\/webjornalismo.unicap.br\/racismo-ambiental\/?p=373"},"modified":"2025-05-04T18:12:58","modified_gmt":"2025-05-04T21:12:58","slug":"o-que-e-portalmorros","status":"publish","type":"post","link":"https:\/\/webjornalismo.unicap.br\/portalmorros\/o-que-e-portalmorros\/","title":{"rendered":"Entenda o que \u00e9 Racismo Ambiental"},"content":{"rendered":"\n<p>Entrevista com \u00cdgor Travassos, ativista clim\u00e1tico pernambucano e ex-coordenador da Frente de Justi\u00e7a Clim\u00e1tica do Greenpeace, realizada na Universidade Cat\u00f3lica de Pernambuco, sobre o racismo ambiental, refletindo o que significa essa express\u00e3o. A conversa tamb\u00e9m pautou temas como justi\u00e7a clim\u00e1tica, as caracter\u00edsticas dos territ\u00f3rios afetados pelo racismo ambiental e a cidade do Recife, relembrando os epis\u00f3dios clim\u00e1ticos extremos que assolou a cidade nos \u00faltimos 2 anos.<\/p>\n\n\n\n<figure class=\"wp-block-embed is-type-video is-provider-youtube wp-block-embed-youtube wp-embed-aspect-4-3 wp-has-aspect-ratio\"><div class=\"wp-block-embed__wrapper\">\n<iframe loading=\"lazy\" title=\"O que \u00e9 Racismo Ambiental?\" width=\"1080\" height=\"608\" src=\"https:\/\/www.youtube.com\/embed\/ZEqV7TpRXCQ?feature=oembed\"  allow=\"accelerometer; autoplay; clipboard-write; encrypted-media; gyroscope; picture-in-picture; web-share\" referrerpolicy=\"strict-origin-when-cross-origin\" allowfullscreen><\/iframe>\n<\/div><\/figure>\n","protected":false},"excerpt":{"rendered":"<p>Entrevista com \u00cdgor Travassos, ativista clim\u00e1tico pernambucano e ex-coordenador da Frente de Justi\u00e7a Clim\u00e1tica do Greenpeace, realizada na Universidade Cat\u00f3lica de Pernambuco, sobre o racismo ambiental, refletindo o que significa essa express\u00e3o. A conversa tamb\u00e9m pautou temas como justi\u00e7a clim\u00e1tica, as caracter\u00edsticas dos territ\u00f3rios afetados pelo racismo ambiental e a cidade do Recife, relembrando os [&hellip;]<\/p>\n","protected":false},"author":2,"featured_media":386,"comment_status":"open","ping_status":"open","sticky":false,"template":"","format":"standard","meta":{"_et_pb_use_builder":"","_et_pb_old_content":"","_et_gb_content_width":"","ngg_post_thumbnail":0,"footnotes":""},"categories":[9],"tags":[],"ppma_author":[22],"class_list":["post-373","post","type-post","status-publish","format-standard","has-post-thumbnail","hentry","category-videos"],"authors":[{"term_id":22,"user_id":2,"is_guest":0,"slug":"paulo-2019209763unicap-br","display_name":"Paulo Pinheiro","avatar_url":{"url":"https:\/\/webjornalismo.unicap.br\/portalmorros\/wp-content\/uploads\/2025\/05\/WhatsApp-Image-2025-01-06-at-09.30.41-e1746381921295.jpeg","url2x":"https:\/\/webjornalismo.unicap.br\/portalmorros\/wp-content\/uploads\/2025\/05\/WhatsApp-Image-2025-01-06-at-09.30.41-e1746381921295.jpeg"},"author_category":"1","first_name":"Paulo","last_name":"Pinheiro","user_url":"","job_title":"","description":"<i><span style=\"font-weight: 400\">Bacharel em Jornalismo pela Universidade Cat\u00f3lica de Pernambuco (2024)<\/span><\/i><span style=\"font-weight: 400\">. Idealizador do Portal Morros, atua com foco em jornalismo comunit\u00e1rio e comunica\u00e7\u00e3o antirracista, com especial interesse em temas como emerg\u00eancias clim\u00e1ticas, direitos humanos e infraestrutura urbana nas periferias do Recife<\/span>"}],"_links":{"self":[{"href":"https:\/\/webjornalismo.unicap.br\/portalmorros\/wp-json\/wp\/v2\/posts\/373","targetHints":{"allow":["GET"]}}],"collection":[{"href":"https:\/\/webjornalismo.unicap.br\/portalmorros\/wp-json\/wp\/v2\/posts"}],"about":[{"href":"https:\/\/webjornalismo.unicap.br\/portalmorros\/wp-json\/wp\/v2\/types\/post"}],"author":[{"embeddable":true,"href":"https:\/\/webjornalismo.unicap.br\/portalmorros\/wp-json\/wp\/v2\/users\/2"}],"replies":[{"embeddable":true,"href":"https:\/\/webjornalismo.unicap.br\/portalmorros\/wp-json\/wp\/v2\/comments?post=373"}],"version-history":[{"count":2,"href":"https:\/\/webjornalismo.unicap.br\/portalmorros\/wp-json\/wp\/v2\/posts\/373\/revisions"}],"predecessor-version":[{"id":822,"href":"https:\/\/webjornalismo.unicap.br\/portalmorros\/wp-json\/wp\/v2\/posts\/373\/revisions\/822"}],"wp:featuredmedia":[{"embeddable":true,"href":"https:\/\/webjornalismo.unicap.br\/portalmorros\/wp-json\/wp\/v2\/media\/386"}],"wp:attachment":[{"href":"https:\/\/webjornalismo.unicap.br\/portalmorros\/wp-json\/wp\/v2\/media?parent=373"}],"wp:term":[{"taxonomy":"category","embeddable":true,"href":"https:\/\/webjornalismo.unicap.br\/portalmorros\/wp-json\/wp\/v2\/categories?post=373"},{"taxonomy":"post_tag","embeddable":true,"href":"https:\/\/webjornalismo.unicap.br\/portalmorros\/wp-json\/wp\/v2\/tags?post=373"},{"taxonomy":"author","embeddable":true,"href":"https:\/\/webjornalismo.unicap.br\/portalmorros\/wp-json\/wp\/v2\/ppma_author?post=373"}],"curies":[{"name":"wp","href":"https:\/\/api.w.org\/{rel}","templated":true}]}}