{"id":370,"date":"2024-11-26T16:04:44","date_gmt":"2024-11-26T19:04:44","guid":{"rendered":"https:\/\/webjornalismo.unicap.br\/racismo-ambiental\/?p=370"},"modified":"2025-05-04T19:23:21","modified_gmt":"2025-05-04T22:23:21","slug":"elizama-pinheiro-e-a-crenca-em-um-dois-unidos-melhor","status":"publish","type":"post","link":"https:\/\/webjornalismo.unicap.br\/portalmorros\/elizama-pinheiro-e-a-crenca-em-um-dois-unidos-melhor\/","title":{"rendered":"Esperan\u00e7a em meio \u00e0 falta de infraestrutura"},"content":{"rendered":"\n<p>A l\u00edder comunit\u00e1ria e moradora da Rua Jo\u00e3o Cavalcanti Petribu, Elizama Pinheiro, relata os desafios enfrentados pela comunidade e o que a motivou a iniciar sua atua\u00e7\u00e3o comunit\u00e1ria na rua, localizada no bairro de Dois Unidos. Ela relembra epis\u00f3dios marcantes, como o caso de um caminh\u00e3o que quase caiu de uma ribanceira devido \u00e0 falta de infraestrutura na rua onde vive. Elizama tamb\u00e9m destaca as principais necessidades da comunidade, como saneamento b\u00e1sico e melhorias na infraestrutura, al\u00e9m de demonstrar esperan\u00e7a de que, um dia, esses problemas sejam solucionados com a atua\u00e7\u00e3o efetiva do poder p\u00fablico municipal na regi\u00e3o.<\/p>\n\n\n\n<figure class=\"wp-block-embed is-type-video is-provider-youtube wp-block-embed-youtube wp-embed-aspect-16-9 wp-has-aspect-ratio\"><div class=\"wp-block-embed__wrapper\">\n<iframe loading=\"lazy\" title=\"Elizama Pinheiro e a cren\u00e7a em um Dois Unidos melhor\" width=\"1080\" height=\"608\" src=\"https:\/\/www.youtube.com\/embed\/HJt8uJodhpQ?feature=oembed\"  allow=\"accelerometer; autoplay; clipboard-write; encrypted-media; gyroscope; picture-in-picture; web-share\" referrerpolicy=\"strict-origin-when-cross-origin\" allowfullscreen><\/iframe>\n<\/div><\/figure>\n","protected":false},"excerpt":{"rendered":"<p>A l\u00edder comunit\u00e1ria e moradora da Rua Jo\u00e3o Cavalcanti Petribu, Elizama Pinheiro, relata os desafios enfrentados pela comunidade e o que a motivou a iniciar sua atua\u00e7\u00e3o comunit\u00e1ria na rua, localizada no bairro de Dois Unidos. Ela relembra epis\u00f3dios marcantes, como o caso de um caminh\u00e3o que quase caiu de uma ribanceira devido \u00e0 falta [&hellip;]<\/p>\n","protected":false},"author":2,"featured_media":399,"comment_status":"open","ping_status":"open","sticky":false,"template":"","format":"standard","meta":{"_et_pb_use_builder":"","_et_pb_old_content":"","_et_gb_content_width":"","ngg_post_thumbnail":0,"footnotes":""},"categories":[9],"tags":[],"ppma_author":[22],"class_list":["post-370","post","type-post","status-publish","format-standard","has-post-thumbnail","hentry","category-videos"],"authors":[{"term_id":22,"user_id":2,"is_guest":0,"slug":"paulo-2019209763unicap-br","display_name":"Paulo Pinheiro","avatar_url":{"url":"https:\/\/webjornalismo.unicap.br\/portalmorros\/wp-content\/uploads\/2025\/05\/WhatsApp-Image-2025-01-06-at-09.30.41-e1746381921295.jpeg","url2x":"https:\/\/webjornalismo.unicap.br\/portalmorros\/wp-content\/uploads\/2025\/05\/WhatsApp-Image-2025-01-06-at-09.30.41-e1746381921295.jpeg"},"author_category":"1","first_name":"Paulo","last_name":"Pinheiro","user_url":"","job_title":"","description":"<i><span style=\"font-weight: 400\">Bacharel em Jornalismo pela Universidade Cat\u00f3lica de Pernambuco (2024)<\/span><\/i><span style=\"font-weight: 400\">. Idealizador do Portal Morros, atua com foco em jornalismo comunit\u00e1rio e comunica\u00e7\u00e3o antirracista, com especial interesse em temas como emerg\u00eancias clim\u00e1ticas, direitos humanos e infraestrutura urbana nas periferias do Recife<\/span>"}],"_links":{"self":[{"href":"https:\/\/webjornalismo.unicap.br\/portalmorros\/wp-json\/wp\/v2\/posts\/370","targetHints":{"allow":["GET"]}}],"collection":[{"href":"https:\/\/webjornalismo.unicap.br\/portalmorros\/wp-json\/wp\/v2\/posts"}],"about":[{"href":"https:\/\/webjornalismo.unicap.br\/portalmorros\/wp-json\/wp\/v2\/types\/post"}],"author":[{"embeddable":true,"href":"https:\/\/webjornalismo.unicap.br\/portalmorros\/wp-json\/wp\/v2\/users\/2"}],"replies":[{"embeddable":true,"href":"https:\/\/webjornalismo.unicap.br\/portalmorros\/wp-json\/wp\/v2\/comments?post=370"}],"version-history":[{"count":5,"href":"https:\/\/webjornalismo.unicap.br\/portalmorros\/wp-json\/wp\/v2\/posts\/370\/revisions"}],"predecessor-version":[{"id":839,"href":"https:\/\/webjornalismo.unicap.br\/portalmorros\/wp-json\/wp\/v2\/posts\/370\/revisions\/839"}],"wp:featuredmedia":[{"embeddable":true,"href":"https:\/\/webjornalismo.unicap.br\/portalmorros\/wp-json\/wp\/v2\/media\/399"}],"wp:attachment":[{"href":"https:\/\/webjornalismo.unicap.br\/portalmorros\/wp-json\/wp\/v2\/media?parent=370"}],"wp:term":[{"taxonomy":"category","embeddable":true,"href":"https:\/\/webjornalismo.unicap.br\/portalmorros\/wp-json\/wp\/v2\/categories?post=370"},{"taxonomy":"post_tag","embeddable":true,"href":"https:\/\/webjornalismo.unicap.br\/portalmorros\/wp-json\/wp\/v2\/tags?post=370"},{"taxonomy":"author","embeddable":true,"href":"https:\/\/webjornalismo.unicap.br\/portalmorros\/wp-json\/wp\/v2\/ppma_author?post=370"}],"curies":[{"name":"wp","href":"https:\/\/api.w.org\/{rel}","templated":true}]}}