{"id":367,"date":"2024-11-26T16:01:25","date_gmt":"2024-11-26T19:01:25","guid":{"rendered":"https:\/\/webjornalismo.unicap.br\/racismo-ambiental\/?p=367"},"modified":"2025-05-04T19:18:12","modified_gmt":"2025-05-04T22:18:12","slug":"wercules-e-o-seu-palacio-construido-na-rua-joao-cavalcanti-petribu","status":"publish","type":"post","link":"https:\/\/webjornalismo.unicap.br\/portalmorros\/wercules-e-o-seu-palacio-construido-na-rua-joao-cavalcanti-petribu\/","title":{"rendered":"O pal\u00e1cio constru\u00eddo na periferia"},"content":{"rendered":"\n<p>Wecules Djair de Barros, morador da Rua Jo\u00e3o Cavalcante Petribu h\u00e1 15 anos, compartilha os desafios que presenciou ao longo do tempo e o sentimento de viver nesse lugar, que ele descreve como o ber\u00e7o de sua evolu\u00e7\u00e3o. Ele relembra epis\u00f3dios marcantes de sua trajet\u00f3ria no endere\u00e7o, como a morte de um vizinho devido \u00e0 falta de acessibilidade, que impediu a ambul\u00e2ncia de chegar a tempo. <\/p>\n\n\n\n<p>Apesar dos desafios, H\u00e9rcules celebra Dois Unidos por suas caracter\u00edsticas, destacando o bairro como um lugar arejado e tranquilo para se viver, onde, segundo ele, construiu o que chama de seu \u201cpal\u00e1cio\u201d.<\/p>\n\n\n\n<figure class=\"wp-block-embed is-type-video is-provider-youtube wp-block-embed-youtube wp-embed-aspect-16-9 wp-has-aspect-ratio\"><div class=\"wp-block-embed__wrapper\">\n<iframe loading=\"lazy\" title=\"Wercules e o seu pal\u00e1cio constru\u00eddo na Rua Jo\u00e3o Cavalcanti Petrib\u00fa.\" width=\"1080\" height=\"608\" src=\"https:\/\/www.youtube.com\/embed\/5aiyqD0iyus?feature=oembed\"  allow=\"accelerometer; autoplay; clipboard-write; encrypted-media; gyroscope; picture-in-picture; web-share\" referrerpolicy=\"strict-origin-when-cross-origin\" allowfullscreen><\/iframe>\n<\/div><\/figure>\n","protected":false},"excerpt":{"rendered":"<p>Wecules Djair de Barros, morador da Rua Jo\u00e3o Cavalcante Petribu h\u00e1 15 anos, compartilha os desafios que presenciou ao longo do tempo e o sentimento de viver nesse lugar, que ele descreve como o ber\u00e7o de sua evolu\u00e7\u00e3o. Ele relembra epis\u00f3dios marcantes de sua trajet\u00f3ria no endere\u00e7o, como a morte de um vizinho devido \u00e0 [&hellip;]<\/p>\n","protected":false},"author":2,"featured_media":390,"comment_status":"open","ping_status":"open","sticky":false,"template":"","format":"standard","meta":{"_et_pb_use_builder":"","_et_pb_old_content":"","_et_gb_content_width":"","ngg_post_thumbnail":0,"footnotes":""},"categories":[9],"tags":[],"ppma_author":[22],"class_list":["post-367","post","type-post","status-publish","format-standard","has-post-thumbnail","hentry","category-videos"],"authors":[{"term_id":22,"user_id":2,"is_guest":0,"slug":"paulo-2019209763unicap-br","display_name":"Paulo Pinheiro","avatar_url":{"url":"https:\/\/webjornalismo.unicap.br\/portalmorros\/wp-content\/uploads\/2025\/05\/WhatsApp-Image-2025-01-06-at-09.30.41-e1746381921295.jpeg","url2x":"https:\/\/webjornalismo.unicap.br\/portalmorros\/wp-content\/uploads\/2025\/05\/WhatsApp-Image-2025-01-06-at-09.30.41-e1746381921295.jpeg"},"author_category":"1","first_name":"Paulo","last_name":"Pinheiro","user_url":"","job_title":"","description":"<i><span style=\"font-weight: 400\">Bacharel em Jornalismo pela Universidade Cat\u00f3lica de Pernambuco (2024)<\/span><\/i><span style=\"font-weight: 400\">. Idealizador do Portal Morros, atua com foco em jornalismo comunit\u00e1rio e comunica\u00e7\u00e3o antirracista, com especial interesse em temas como emerg\u00eancias clim\u00e1ticas, direitos humanos e infraestrutura urbana nas periferias do Recife<\/span>"}],"_links":{"self":[{"href":"https:\/\/webjornalismo.unicap.br\/portalmorros\/wp-json\/wp\/v2\/posts\/367","targetHints":{"allow":["GET"]}}],"collection":[{"href":"https:\/\/webjornalismo.unicap.br\/portalmorros\/wp-json\/wp\/v2\/posts"}],"about":[{"href":"https:\/\/webjornalismo.unicap.br\/portalmorros\/wp-json\/wp\/v2\/types\/post"}],"author":[{"embeddable":true,"href":"https:\/\/webjornalismo.unicap.br\/portalmorros\/wp-json\/wp\/v2\/users\/2"}],"replies":[{"embeddable":true,"href":"https:\/\/webjornalismo.unicap.br\/portalmorros\/wp-json\/wp\/v2\/comments?post=367"}],"version-history":[{"count":4,"href":"https:\/\/webjornalismo.unicap.br\/portalmorros\/wp-json\/wp\/v2\/posts\/367\/revisions"}],"predecessor-version":[{"id":837,"href":"https:\/\/webjornalismo.unicap.br\/portalmorros\/wp-json\/wp\/v2\/posts\/367\/revisions\/837"}],"wp:featuredmedia":[{"embeddable":true,"href":"https:\/\/webjornalismo.unicap.br\/portalmorros\/wp-json\/wp\/v2\/media\/390"}],"wp:attachment":[{"href":"https:\/\/webjornalismo.unicap.br\/portalmorros\/wp-json\/wp\/v2\/media?parent=367"}],"wp:term":[{"taxonomy":"category","embeddable":true,"href":"https:\/\/webjornalismo.unicap.br\/portalmorros\/wp-json\/wp\/v2\/categories?post=367"},{"taxonomy":"post_tag","embeddable":true,"href":"https:\/\/webjornalismo.unicap.br\/portalmorros\/wp-json\/wp\/v2\/tags?post=367"},{"taxonomy":"author","embeddable":true,"href":"https:\/\/webjornalismo.unicap.br\/portalmorros\/wp-json\/wp\/v2\/ppma_author?post=367"}],"curies":[{"name":"wp","href":"https:\/\/api.w.org\/{rel}","templated":true}]}}