{"id":778,"date":"2016-01-19T13:05:13","date_gmt":"2016-01-19T16:05:13","guid":{"rendered":"http:\/\/vn-themes.com\/?p=778"},"modified":"2021-01-11T11:31:28","modified_gmt":"2021-01-11T14:31:28","slug":"vamos-entender-o-que-e-moda-consciente-e-o-que-e-moda-sustentavel","status":"publish","type":"post","link":"https:\/\/webjornalismo.unicap.br\/modaconsciente\/vamos-entender-o-que-e-moda-consciente-e-o-que-e-moda-sustentavel\/","title":{"rendered":"Vamos entender: o que difere moda consciente de moda sustent\u00e1vel?"},"content":{"rendered":"\n<iframe loading=\"lazy\" width=\"793.7\" height=\"1851\" frameborder=\"0\"scrolling=\"no\" style=\"overflow-y:hidden;\" src=\"https:\/\/create.piktochart.com\/embed\/50172717-my-visual\" ><\/iframe>\n\n\n\n<p>O consumo consciente \u00e9 um norte para as mudan\u00e7as de h\u00e1bito aliadas \u00e0 quest\u00e3o da sustentabilidade. Para minimizar os impactos da ind\u00fastria da moda, uma das solu\u00e7\u00f5es seria repensar o ciclo completo de vida de cada pe\u00e7a de roupa, a fim de evitar o desperd\u00edcio. Al\u00e9m disso, uma importante atitude que o consumidor contempor\u00e2neo deveria assumir para ter uma \u201cpegada\u201d mais leve e preservar o meio ambiente \u00e9 se perguntar porque e de quem est\u00e1 comprando uma determinada roupa, cal\u00e7ado ou acess\u00f3rio e se o objeto \u00e9 realmente essencial.<\/p>\n\n\n\n<p>A arquiteta e urbanista Gabriela Pinheiro (26), considera-se uma consumidora consciente. Compra apenas quando est\u00e1 realmente precisando e pensa se as pe\u00e7as v\u00e3o ser \u00fateis em sua rotina no trabalho, na universidade e na&nbsp; igreja, locais que ela mais frequenta. No que diz respeito \u00e0s compras, considera a rela\u00e7\u00e3o equilibrada com a moda.&nbsp;\u201cH\u00e1 uns anos tento acumular menos. Percebo que n\u00e3o uso muitas das roupas que tenho, fruto de compras passadas feitas sem prop\u00f3sito. Adotei a pr\u00e1tica de fazer compras intencionais e, a cada pe\u00e7a nova que compro, me desfa\u00e7o de alguma antiga que j\u00e1 n\u00e3o uso\u201d, afirma. \u201cOutra quest\u00e3o importante para mim tem sido reduzir gastos sem finalidade e investir meu dinheiro naquilo que realmente me faz feliz\u201d, complementa Gabriela.<\/p>\n\n\n\n<p><\/p>\n\n\n\n<figure class=\"wp-block-gallery columns-3 is-cropped\"><ul class=\"blocks-gallery-grid\"><li class=\"blocks-gallery-item\"><figure><img loading=\"lazy\" width=\"768\" height=\"1024\" src=\"https:\/\/webjornalismo.unicap.br\/modaconsciente\/wp-content\/uploads\/2016\/01\/unnamed-768x1024.jpg\" alt=\"\" data-id=\"5732\" data-full-url=\"https:\/\/webjornalismo.unicap.br\/modaconsciente\/wp-content\/uploads\/2016\/01\/unnamed.jpg\" data-link=\"https:\/\/webjornalismo.unicap.br\/modaconsciente\/vamos-entender-o-que-e-moda-consciente-e-o-que-e-moda-sustentavel\/unnamed\/\" class=\"wp-image-5732\" srcset=\"https:\/\/webjornalismo.unicap.br\/modaconsciente\/wp-content\/uploads\/2016\/01\/unnamed-768x1024.jpg 768w, https:\/\/webjornalismo.unicap.br\/modaconsciente\/wp-content\/uploads\/2016\/01\/unnamed-480x640.jpg 480w\" sizes=\"(min-width: 0px) and (max-width: 480px) 480px, (min-width: 481px) 768px, 100vw\" \/><\/figure><\/li><li class=\"blocks-gallery-item\"><figure><img loading=\"lazy\" width=\"768\" height=\"1024\" src=\"https:\/\/webjornalismo.unicap.br\/modaconsciente\/wp-content\/uploads\/2016\/01\/unnamed-1-768x1024.jpg\" alt=\"\" data-id=\"5731\" data-full-url=\"https:\/\/webjornalismo.unicap.br\/modaconsciente\/wp-content\/uploads\/2016\/01\/unnamed-1.jpg\" data-link=\"https:\/\/webjornalismo.unicap.br\/modaconsciente\/vamos-entender-o-que-e-moda-consciente-e-o-que-e-moda-sustentavel\/unnamed-1\/\" class=\"wp-image-5731\" srcset=\"https:\/\/webjornalismo.unicap.br\/modaconsciente\/wp-content\/uploads\/2016\/01\/unnamed-1-768x1024.jpg 768w, https:\/\/webjornalismo.unicap.br\/modaconsciente\/wp-content\/uploads\/2016\/01\/unnamed-1-480x640.jpg 480w\" sizes=\"(min-width: 0px) and (max-width: 480px) 480px, (min-width: 481px) 768px, 100vw\" \/><\/figure><\/li><li class=\"blocks-gallery-item\"><figure><img loading=\"lazy\" width=\"736\" height=\"1024\" src=\"https:\/\/webjornalismo.unicap.br\/modaconsciente\/wp-content\/uploads\/2016\/01\/unnamed-2-736x1024.jpg\" alt=\"\" data-id=\"5730\" data-full-url=\"https:\/\/webjornalismo.unicap.br\/modaconsciente\/wp-content\/uploads\/2016\/01\/unnamed-2.jpg\" data-link=\"https:\/\/webjornalismo.unicap.br\/modaconsciente\/vamos-entender-o-que-e-moda-consciente-e-o-que-e-moda-sustentavel\/unnamed-2\/\" class=\"wp-image-5730\" srcset=\"https:\/\/webjornalismo.unicap.br\/modaconsciente\/wp-content\/uploads\/2016\/01\/unnamed-2-736x1024.jpg 736w, https:\/\/webjornalismo.unicap.br\/modaconsciente\/wp-content\/uploads\/2016\/01\/unnamed-2-480x668.jpg 480w\" sizes=\"(min-width: 0px) and (max-width: 480px) 480px, (min-width: 481px) 736px, 100vw\" \/><\/figure><\/li><\/ul><figcaption class=\"blocks-gallery-caption\"><strong>Gabriela costuma alugar vestidos de festa ou at\u00e9 mesmo pede emprestado, visando o consumo consciente e menos gastos<\/strong> <br>Fotos: acervo pessoal\/divulga\u00e7\u00e3o<\/figcaption><\/figure>\n\n\n\n<p>A professora doutora do Departamento de Design de Moda e P\u00f3s Gradua\u00e7\u00e3o em Design da Universidade Federal de Pernambuco (UFPE), Simone Barros, afirma que existem v\u00e1rias formas de sustentabilidade. \u201cVoc\u00ea pode fazer moda sustent\u00e1vel a partir do uso de mat\u00e9ria prima que n\u00e3o degradem o meio ambiente, que sejam mais dur\u00e1veis, que n\u00e3o sejam de origem animal, que n\u00e3o usam corantes artificiais, que fa\u00e7am menos lavagens, inovando atrav\u00e9s dos tecidos de couro feitos de banana, abacaxi, c\u00e2nhamo, por exemplo\u201d, explica. \u201cAl\u00e9m disso, uma marca tamb\u00e9m pode ser sustent\u00e1vel a partir do ponto de vista social tal como o trabalho de rendeiras, pagando-as honestamente e divulgando, porque, geralmente, h\u00e1 explora\u00e7\u00e3o dessas trabalhadoras. As lojas vendem as pe\u00e7as por uma fortuna e pagam uma mis\u00e9ria e as rendeiras n\u00e3o podem vender para outras pessoas\u201d, revela.&nbsp;<\/p>\n\n\n\n<p><\/p>\n\n\n\n<h3><strong>Slow<\/strong><\/h3>\n\n\n\n<figure class=\"wp-block-gallery columns-1 is-cropped\"><ul class=\"blocks-gallery-grid\"><li class=\"blocks-gallery-item\"><figure><img loading=\"lazy\" width=\"1024\" height=\"683\" src=\"https:\/\/webjornalismo.unicap.br\/modaconsciente\/wp-content\/uploads\/2020\/11\/11-1024x683.jpg\" alt=\"\" data-id=\"6110\" data-full-url=\"https:\/\/webjornalismo.unicap.br\/modaconsciente\/wp-content\/uploads\/2020\/11\/11.jpg\" data-link=\"https:\/\/webjornalismo.unicap.br\/modaconsciente\/11\/\" class=\"wp-image-6110\" srcset=\"https:\/\/webjornalismo.unicap.br\/modaconsciente\/wp-content\/uploads\/2020\/11\/11-980x653.jpg 980w, https:\/\/webjornalismo.unicap.br\/modaconsciente\/wp-content\/uploads\/2020\/11\/11-480x320.jpg 480w\" sizes=\"(min-width: 0px) and (max-width: 480px) 480px, (min-width: 481px) and (max-width: 980px) 980px, (min-width: 981px) 1024px, 100vw\" \/><\/figure><\/li><\/ul><figcaption class=\"blocks-gallery-caption\">Foto: twenty20photos\/reprodu\u00e7\u00e3o<\/figcaption><\/figure>\n\n\n\n<p>Outra palavra recente incorporada ao gloss\u00e1rio da moda \u00e9 o <em>slow fashion,<\/em> movimento sustent\u00e1vel de produ\u00e7\u00e3o em pequena escala que se contrap\u00f5e ao <em>fast fashion.<\/em> O conceito foi criado em 2008 pela inglesa Kate Fletcher, consultora e professora de design sustent\u00e1vel do brit\u00e2nico Centre for <em>Sustainable Fashion<\/em>, inspirado no movimento <em>slow food<\/em>. Assim como em rela\u00e7\u00e3o \u00e0 moda, o <em>slow food <\/em>incentiva a consci\u00eancia dos produtos consumidos, opondo<em>-se <\/em>\u00e0 tend\u00eancia de padroniza\u00e7\u00e3o do alimento<em>, <\/em>retomando a conex\u00e3o com a maneira que s\u00e3o produzidos e valorizando a diversidade e a riqueza das tradi\u00e7\u00f5es.<\/p>\n\n\n\n<p>A sociedade, em sua maioria, ainda tem uma vis\u00e3o antropoc\u00eantrica do mundo (com o ser humano utilizando a natureza de forma predat\u00f3ria e sem preocupa\u00e7\u00e3o com a biodiversidade), como se ela existisse apenas para satisfazer \u00e0s necessidades humanas. H\u00e1 ainda uma valoriza\u00e7\u00e3o excessiva da economia em detrimento das quest\u00f5es sociais e ambientais. Entretanto, economia e meio ambiente interagem e fazem parte de um sistema \u00fanico. Para que o futuro do planeta n\u00e3o seja comprometido, \u00e9 necess\u00e1rio que caminhemos para uma economia sustent\u00e1vel.&nbsp;<\/p>\n\n\n\n<p><\/p>\n\n\n\n<p><\/p>\n","protected":false},"excerpt":{"rendered":"<p>O consumo consciente \u00e9 um norte para as mudan\u00e7as de h\u00e1bito aliadas \u00e0 quest\u00e3o da sustentabilidade. Para minimizar os impactos da ind\u00fastria da moda, uma das solu\u00e7\u00f5es seria repensar o ciclo completo de vida de cada pe\u00e7a de roupa, a fim de evitar o desperd\u00edcio. Al\u00e9m disso, uma importante atitude que o consumidor contempor\u00e2neo deveria [&hellip;]<\/p>\n","protected":false},"author":2,"featured_media":5536,"comment_status":"open","ping_status":"closed","sticky":false,"template":"","format":"standard","meta":{"_et_pb_use_builder":"","_et_pb_old_content":"","_et_gb_content_width":""},"categories":[17],"tags":[],"_links":{"self":[{"href":"https:\/\/webjornalismo.unicap.br\/modaconsciente\/wp-json\/wp\/v2\/posts\/778"}],"collection":[{"href":"https:\/\/webjornalismo.unicap.br\/modaconsciente\/wp-json\/wp\/v2\/posts"}],"about":[{"href":"https:\/\/webjornalismo.unicap.br\/modaconsciente\/wp-json\/wp\/v2\/types\/post"}],"author":[{"embeddable":true,"href":"https:\/\/webjornalismo.unicap.br\/modaconsciente\/wp-json\/wp\/v2\/users\/2"}],"replies":[{"embeddable":true,"href":"https:\/\/webjornalismo.unicap.br\/modaconsciente\/wp-json\/wp\/v2\/comments?post=778"}],"version-history":[{"count":32,"href":"https:\/\/webjornalismo.unicap.br\/modaconsciente\/wp-json\/wp\/v2\/posts\/778\/revisions"}],"predecessor-version":[{"id":6586,"href":"https:\/\/webjornalismo.unicap.br\/modaconsciente\/wp-json\/wp\/v2\/posts\/778\/revisions\/6586"}],"wp:featuredmedia":[{"embeddable":true,"href":"https:\/\/webjornalismo.unicap.br\/modaconsciente\/wp-json\/wp\/v2\/media\/5536"}],"wp:attachment":[{"href":"https:\/\/webjornalismo.unicap.br\/modaconsciente\/wp-json\/wp\/v2\/media?parent=778"}],"wp:term":[{"taxonomy":"category","embeddable":true,"href":"https:\/\/webjornalismo.unicap.br\/modaconsciente\/wp-json\/wp\/v2\/categories?post=778"},{"taxonomy":"post_tag","embeddable":true,"href":"https:\/\/webjornalismo.unicap.br\/modaconsciente\/wp-json\/wp\/v2\/tags?post=778"}],"curies":[{"name":"wp","href":"https:\/\/api.w.org\/{rel}","templated":true}]}}