{"id":776,"date":"2016-01-19T13:03:59","date_gmt":"2016-01-19T16:03:59","guid":{"rendered":"http:\/\/vn-themes.com\/?p=776"},"modified":"2020-12-02T09:18:43","modified_gmt":"2020-12-02T12:18:43","slug":"do-que-sao-feitas-as-minhas-roupas","status":"publish","type":"post","link":"https:\/\/webjornalismo.unicap.br\/modaconsciente\/do-que-sao-feitas-as-minhas-roupas\/","title":{"rendered":"Do que s\u00e3o feitas as minhas roupas?"},"content":{"rendered":"\n<iframe loading=\"lazy\" width=\"800\" height=\"2878\" frameborder=\"0\" scrolling=\"no\" style=\"overflow-y:hidden;\" src=\"https:\/\/create.piktochart.com\/embed\/50157325-do-que-sao-feitas-as-minhas-roupas\"><\/iframe>\n\n\n\n<h1><strong>Onde v\u00e3o parar os res\u00edduos qu\u00edmicos das roupas produzidas?<\/strong><\/h1>\n\n\n\n<p><\/p>\n\n\n\n<p>De acordo com a Associa\u00e7\u00e3o Brasileira da Ind\u00fastria T\u00eaxtil e de Confec\u00e7\u00e3o (ABIT), o Brasil produz cerca de 100.000 toneladas de pe\u00e7as de roupas ao longo do ano e 12% do total \u00e9 desperdi\u00e7ado, transformando-se em res\u00edduo t\u00eaxtil. A maior parte vai para aterros sanit\u00e1rios e demora at\u00e9 400 anos para deteriorar-se, ou \u00e9 ent\u00e3o incinerado, liberando, assim, gases nocivos ao meio ambiente.&nbsp;<\/p>\n\n\n\n<p><\/p>\n\n\n\n<figure class=\"wp-block-gallery columns-1 is-cropped\"><ul class=\"blocks-gallery-grid\"><li class=\"blocks-gallery-item\"><figure><img loading=\"lazy\" width=\"1024\" height=\"681\" src=\"https:\/\/webjornalismo.unicap.br\/modaconsciente\/wp-content\/uploads\/2020\/11\/05-1024x681.jpg\" alt=\"\" data-id=\"6104\" data-full-url=\"https:\/\/webjornalismo.unicap.br\/modaconsciente\/wp-content\/uploads\/2020\/11\/05.jpg\" data-link=\"https:\/\/webjornalismo.unicap.br\/modaconsciente\/05-2\/\" class=\"wp-image-6104\" srcset=\"https:\/\/webjornalismo.unicap.br\/modaconsciente\/wp-content\/uploads\/2020\/11\/05-980x652.jpg 980w, https:\/\/webjornalismo.unicap.br\/modaconsciente\/wp-content\/uploads\/2020\/11\/05-480x319.jpg 480w\" sizes=\"(min-width: 0px) and (max-width: 480px) 480px, (min-width: 481px) and (max-width: 980px) 980px, (min-width: 981px) 1024px, 100vw\" \/><\/figure><\/li><\/ul><figcaption class=\"blocks-gallery-caption\">Foto: NomadSoul1\/reprodu\u00e7\u00e3o<\/figcaption><\/figure>\n\n\n\n<p>Em mensagem para o Dia Mundial do Habitat, celebrado em 1\u00ba de outubro de 2018, a chefe do Programa das Na\u00e7\u00f5es Unidas para Assentamentos Humanos (<a href=\"https:\/\/unhabitat.org\/ms-maimunah-mohd-sharif-united-nations-under-secretary-general-and-executive-directors-message-on-world-habitat-day\/\" target=\"_blank\" rel=\"noreferrer noopener\">ONU-Habitat<\/a>), Maimunah Sharif, cobrou mudan\u00e7as nos padr\u00f5es de consumo para combater o excesso de lixo nas cidades. Sharif declarou: \u201cO volume de lixo no mundo \u00e9 enorme. Uma parte \u00e9 reciclada, mas muito \u00e9 simplesmente descartado, causando problemas de sa\u00fade para pessoas e animais e poluindo nosso meio ambiente. A quantidade de lixo produzido por indiv\u00edduos, comunidades, empresas, institui\u00e7\u00f5es, mercados e f\u00e1bricas continua a crescer tremendamente\u201d, disse.&nbsp;<\/p>\n\n\n\n<p>Neste cen\u00e1rio, a ind\u00fastria da Moda \u00e9 uma das mais desafiadoras em quest\u00e3o de sustentabilidade. Embora seja uma das maiores geradoras de empregos e renda no mundo (segundo dados da ONU Meio Ambiente, ela est\u00e1 avaliada em cerca de US$ 2,4 trilh\u00f5es e emprega mais de 75 milh\u00f5es de pessoas internacionalmente), os impactos no planeta desde a origem das mat\u00e9rias primas at\u00e9 o descarte s\u00e3o profundos e diversos em toda a sua dimens\u00e3o. Outro dado impressionante da ONU Meio Ambiente \u00e9 que se perdem cerca de US$ 500 bilh\u00f5es por ano com o descarte de roupas que v\u00e3o direto para aterros e lix\u00f5es e sequer s\u00e3o recicladas.<\/p>\n\n\n\n<p>O resultado do consumo desenfreado multiplica os impactos ambientais. De acordo com a Harvard Business School (HBS) uma pe\u00e7a de roupa usada menos de cinco vezes, colocada no lixo ap\u00f3s um m\u00eas, emite mais 400% de g\u00e1s carbono do que uma usada 50 vezes e preservada por um ano. Segundo o diretor do<a rel=\"noreferrer noopener\" href=\"http:\/\/www.akatu.org.br\/\" target=\"_blank\"> Instituto Akatu<\/a>, Helio Mattar, o consumo mundial,<a rel=\"noreferrer noopener\" href=\"http:\/\/planetasustentavel.abril.com.br\/blog\/parceiros-do-planeta\/instituto-akatu-debate-consumo-sustentavel-na-onu\/\" target=\"_blank\"> al\u00e9m de estar mal distribu\u00eddo, est\u00e1 descontrolado<\/a>: cerca de 20% da popula\u00e7\u00e3o mundial concentra o consumo de 80% de todos os produtos e servi\u00e7os do planeta.<\/p>\n\n\n\n<figure class=\"wp-block-gallery aligncenter columns-1 is-cropped\"><ul class=\"blocks-gallery-grid\"><li class=\"blocks-gallery-item\"><figure><img loading=\"lazy\" width=\"620\" height=\"465\" src=\"https:\/\/webjornalismo.unicap.br\/modaconsciente\/wp-content\/uploads\/2016\/01\/att70430.png\" alt=\"\" data-id=\"6371\" data-full-url=\"https:\/\/webjornalismo.unicap.br\/modaconsciente\/wp-content\/uploads\/2016\/01\/att70430.png\" data-link=\"https:\/\/webjornalismo.unicap.br\/modaconsciente\/do-que-sao-feitas-as-minhas-roupas\/att70430\/\" class=\"wp-image-6371\" srcset=\"https:\/\/webjornalismo.unicap.br\/modaconsciente\/wp-content\/uploads\/2016\/01\/att70430.png 620w, https:\/\/webjornalismo.unicap.br\/modaconsciente\/wp-content\/uploads\/2016\/01\/att70430-480x360.png 480w\" sizes=\"(min-width: 0px) and (max-width: 480px) 480px, (min-width: 481px) 620px, 100vw\" \/><\/figure><\/li><\/ul><figcaption class=\"blocks-gallery-caption\"><strong>Roupas descartadas em \u00e1rea da Regi\u00e3o Metropolitana de Porto Alegre<\/strong> <br>Foto: Reprodu\u00e7\u00e3o\/RBS TV<br><\/figcaption><\/figure>\n\n\n\n<div class=\"wp-block-group\"><div class=\"wp-block-group__inner-container\">\n<p>Formada em Log\u00edstica e estudante de Administra\u00e7\u00e3o, Ge\u00f3rgia Rocha (24), confessa que tem conhecimento limitado \u00e0 respeito da complexa trajet\u00f3ria do lixo t\u00eaxtil, mas sabe que o descarte n\u00e3o \u00e9 correto e, em sua maioria, inadequado. \u201cN\u00e3o h\u00e1 nenhum <em>glamour<\/em> na ind\u00fastria da moda descart\u00e1vel, desde o in\u00edcio do processo produtivo at\u00e9 chegar ao consumidor. Se aprofundarmos a discuss\u00e3o para o uso consciente dos recursos ambientais, n\u00e3o precisamos ir para muito longe e nem falar de grandes marcas, o munic\u00edpio de Toritama, no Agreste pernambucano, \u00e9 um exemplo completo\u201d, diz. \u201cA polui\u00e7\u00e3o dos rios se deu em grande parte pela destina\u00e7\u00e3o inadequada da \u00e1gua usada no processo de lavagem dos jeans. O quadro geral \u00e9 o descumprimento total ao trip\u00e9 da sustentabilidade e ele s\u00f3 muda com conscientiza\u00e7\u00e3o\u201d, afirma.<\/p>\n<\/div><\/div>\n\n\n\n<p>A estudante de Jornalismo Marina Melo (20), tamb\u00e9m se preocupa com a quantidade de material t\u00eaxtil descartado. \u201cAcredito que, infelizmente, a ind\u00fastria da moda ainda n\u00e3o despertou sobre o preju\u00edzo do descarte incorreto a longo prazo, apesar de j\u00e1 existir a vis\u00e3o de moda sustent\u00e1vel tanto na mat\u00e9ria prima quanto na reutiliza\u00e7\u00e3o\u201d, diz. Acho que \u00e9 preciso ir na raiz do problema, tendo consci\u00eancia<s> <\/s>desde a produ\u00e7\u00e3o at\u00e9 chegar at\u00e9 o lixo t\u00eaxtil\u201d, expressa.&nbsp;<\/p>\n\n\n\n<p><\/p>\n\n\n\n<h3><strong>Responsabilidade socioambiental<\/strong><\/h3>\n\n\n\n<p><\/p>\n\n\n\n<figure class=\"wp-block-gallery columns-1 is-cropped\"><ul class=\"blocks-gallery-grid\"><li class=\"blocks-gallery-item\"><figure><img loading=\"lazy\" width=\"1024\" height=\"576\" src=\"https:\/\/webjornalismo.unicap.br\/modaconsciente\/wp-content\/uploads\/2016\/01\/Branco-e-Verde-Minimalista-Guia-de-Marca-Apresentacao-1024x576.png\" alt=\"\" data-id=\"6464\" data-full-url=\"https:\/\/webjornalismo.unicap.br\/modaconsciente\/wp-content\/uploads\/2016\/01\/Branco-e-Verde-Minimalista-Guia-de-Marca-Apresentacao.png\" data-link=\"https:\/\/webjornalismo.unicap.br\/modaconsciente\/do-que-sao-feitas-as-minhas-roupas\/branco-e-verde-minimalista-guia-de-marca-apresentacao\/\" class=\"wp-image-6464\" srcset=\"https:\/\/webjornalismo.unicap.br\/modaconsciente\/wp-content\/uploads\/2016\/01\/Branco-e-Verde-Minimalista-Guia-de-Marca-Apresentacao-980x551.png 980w, https:\/\/webjornalismo.unicap.br\/modaconsciente\/wp-content\/uploads\/2016\/01\/Branco-e-Verde-Minimalista-Guia-de-Marca-Apresentacao-480x270.png 480w\" sizes=\"(min-width: 0px) and (max-width: 480px) 480px, (min-width: 481px) and (max-width: 980px) 980px, (min-width: 981px) 1024px, 100vw\" \/><\/figure><\/li><\/ul><figcaption class=\"blocks-gallery-caption\">Foto: Canva\/reprodu\u00e7\u00e3o<\/figcaption><\/figure>\n\n\n\n<p><\/p>\n\n\n\n<p>As ind\u00fastrias t\u00eaxteis s\u00e3o apresentadas como grandes geradoras de diferentes res\u00edduos s\u00f3lidos. Entre os setores com maior sobra de tecidos, destaca-se o do corte das pe\u00e7as, principalmente, quando n\u00e3o h\u00e1 um preparo t\u00e9cnico de encaixe de modelagem. Por isso, algumas mudan\u00e7as s\u00e3o fundamentais em uma empresa da moda que deseja ampliar sua responsabilidade socioambiental. A utiliza\u00e7\u00e3o de tecidos com \u201cselo verde\u201d ou <em>ecofriendly<\/em>, como algod\u00e3o org\u00e2nico e tecidos \u201cdesfibrados\u201d (compostos por retalhos ou fibra de garrafa PET) e o uso de corantes naturais para tingir os tecidos s\u00e3o exemplos. Os consumidores podem optar pelas pe\u00e7as cl\u00e1ssicas que sejam de qualidade, mais dur\u00e1veis e atemporais e n\u00e3o se ater aos modismos passageiros.<\/p>\n\n\n\n<p>O <em>upcycling<\/em> vem da famosa frase: \u201cdo lixo ao luxo\u201d. A pr\u00e1tica consiste na reutiliza\u00e7\u00e3o de sobras de materiais t\u00eaxteis da produ\u00e7\u00e3o de itens de vestu\u00e1rio que, provavelmente, iriam poluir o meio ambiente. \u00c9 um dos conceitos que mais se encaixam no prop\u00f3sito da moda sustent\u00e1vel. A t\u00e9cnica ainda permite exercer a criatividade e poupar o meio ambiente. Diferentemente da reciclagem, processo de converter o velho em novo, o <em>upcycling<\/em> n\u00e3o utiliza fatores qu\u00edmicos, j\u00e1 que a mat\u00e9ria prima do produto descartado \u00e9 mantida originalmente. Por conta disso, o seu uso poupa \u00e1gua e energia comparado a processos de reciclagem, uma vez que esse mesmo material ir\u00e1 ser idealizado de maneira diferente e criativa em novas pe\u00e7as, \u00fanicas e totalmente sustent\u00e1veis.<\/p>\n\n\n\n<p><\/p>\n\n\n\n<figure class=\"wp-block-gallery columns-1 is-cropped\"><ul class=\"blocks-gallery-grid\"><li class=\"blocks-gallery-item\"><figure><img loading=\"lazy\" width=\"1024\" height=\"683\" src=\"https:\/\/webjornalismo.unicap.br\/modaconsciente\/wp-content\/uploads\/2020\/11\/09-1024x683.jpg\" alt=\"\" data-id=\"6108\" data-full-url=\"https:\/\/webjornalismo.unicap.br\/modaconsciente\/wp-content\/uploads\/2020\/11\/09.jpg\" data-link=\"https:\/\/webjornalismo.unicap.br\/modaconsciente\/09\/\" class=\"wp-image-6108\" srcset=\"https:\/\/webjornalismo.unicap.br\/modaconsciente\/wp-content\/uploads\/2020\/11\/09-980x653.jpg 980w, https:\/\/webjornalismo.unicap.br\/modaconsciente\/wp-content\/uploads\/2020\/11\/09-480x320.jpg 480w\" sizes=\"(min-width: 0px) and (max-width: 480px) 480px, (min-width: 481px) and (max-width: 980px) 980px, (min-width: 981px) 1024px, 100vw\" \/><\/figure><\/li><\/ul><figcaption class=\"blocks-gallery-caption\">Foto: twenty20photos\/reprodu\u00e7\u00e3o<\/figcaption><\/figure>\n\n\n\n<p>Al\u00e9m de ecologicamente correto, o <em>upcycling<\/em> est\u00e1 despontando como uma excelente oportunidade de neg\u00f3cios. A marca Meu Sapato Preto (<a rel=\"noreferrer noopener\" href=\"https:\/\/www.instagram.com\/meusapatopreto\/\" data-type=\"URL\" data-id=\"https:\/\/www.instagram.com\/meusapatopreto\/\" target=\"_blank\">@meusapatopreto<\/a>), por exemplo, possui fabrica\u00e7\u00e3o pr\u00f3pria e utiliza restos de couro &#8211; que iriam pro lixo &#8211; como mat\u00e9ria prima. O couro \u00e9 pintado de preto j\u00e1 que as sobras s\u00e3o de cores diversas, fazendo um excelente uso e se transformando em um produto novo.<\/p>\n\n\n\n<p><\/p>\n\n\n\n<h1><strong>A urgente transpar\u00eancia da comunica\u00e7\u00e3o da moda<\/strong><\/h1>\n\n\n\n<p>Segundo a mat\u00e9ria do Midia Ninja: <a href=\"https:\/\/midianinja.org\/news\/por-que-a-moda-precisa-de-uma-revolucao-e-de-mais-transparencia-em-sua-comunicacao\/\"><strong>Por que a Moda precisa de uma revolu\u00e7\u00e3o e de mais transpar\u00eancia em sua comunica\u00e7\u00e3o?<\/strong>&nbsp;<\/a> depois da trag\u00e9dia em 2011 do Edif\u00edcio Rana Plaza, que deixou 1138 mortos em <a rel=\"noreferrer noopener\" href=\"https:\/\/www.bbc.com\/portuguese\/noticias\/2013\/04\/130428_bangladesh_tragedia_lado_obscuro\" target=\"_blank\">Bangladesh<\/a>, surgiram iniciativas como o movimento global <a rel=\"noreferrer noopener\" href=\"https:\/\/www.fashionrevolution.org\/south-america\/brazil\/\" data-type=\"URL\" data-id=\"https:\/\/www.fashionrevolution.org\/south-america\/brazil\/\" target=\"_blank\">Fashion Revolution<\/a> que, desde 2014, incentiva mais transpar\u00eancia, sustentabilidade e \u00e9tica na ind\u00fastria da moda. Com este tipo de press\u00e3o, grandes marcas est\u00e3o revendo suas pol\u00edticas de comunica\u00e7\u00e3o com o p\u00fablico a respeito de suas pr\u00e1ticas sociais e ambientais com fornecedores e trabalhadores.<\/p>\n\n\n\n<p><\/p>\n\n\n\n<figure class=\"wp-block-gallery columns-1 is-cropped\"><ul class=\"blocks-gallery-grid\"><li class=\"blocks-gallery-item\"><figure><img loading=\"lazy\" width=\"850\" height=\"478\" src=\"https:\/\/webjornalismo.unicap.br\/modaconsciente\/wp-content\/uploads\/2016\/01\/16x9.jpg\" alt=\"\" data-id=\"6141\" data-full-url=\"https:\/\/webjornalismo.unicap.br\/modaconsciente\/wp-content\/uploads\/2016\/01\/16x9.jpg\" data-link=\"https:\/\/webjornalismo.unicap.br\/modaconsciente\/do-que-sao-feitas-as-minhas-roupas\/bangladesh-disaster-textile-factory-rights-files\/\" class=\"wp-image-6141\" srcset=\"https:\/\/webjornalismo.unicap.br\/modaconsciente\/wp-content\/uploads\/2016\/01\/16x9.jpg 850w, https:\/\/webjornalismo.unicap.br\/modaconsciente\/wp-content\/uploads\/2016\/01\/16x9-480x270.jpg 480w\" sizes=\"(min-width: 0px) and (max-width: 480px) 480px, (min-width: 481px) 850px, 100vw\" \/><\/figure><\/li><\/ul><figcaption class=\"blocks-gallery-caption\"><strong>Colapso do Edif\u00edcio Rana Plaza<\/strong><br>Foto: Australian Associated Press\/reprodu\u00e7\u00e3o<\/figcaption><\/figure>\n\n\n\n<p>De acordo com dados de 2018 da <em>Global Fashion Agenda<\/em>, 64 marcas cujas etiquetas estavam nos destro\u00e7os do edif\u00edcio como a Zara, H&amp;M e C&amp;A, comprometeram-se a tornar sua produ\u00e7\u00e3o o mais sustent\u00e1vel poss\u00edvel at\u00e9 2020. Al\u00e9m disso, tamb\u00e9m prometeram divulgar a lista de f\u00e1bricas, divulgar a rastreabilidade das roupas, aplacar as quest\u00f5es relacionadas ao <em>dumping social fashion<\/em> (a precariza\u00e7\u00e3o do trabalho com o objetivo de reduzir custos e aumentar a competitividade no mercado) e reduzir os impactos ambientais conforme o<a rel=\"noreferrer noopener\" href=\"https:\/\/www.fashionrevolution.org\/about\/transparency\/\" data-type=\"URL\" data-id=\"https:\/\/www.fashionrevolution.org\/about\/transparency\/\" target=\"_blank\"> \u00cdndice de Transpar\u00eancia da Moda <\/a>de 2017, produzido pelo Fashion Revolution, em parceria com um comit\u00ea <em>pro bono<\/em> de especialistas do setor.<\/p>\n\n\n\n<p>Conforme a mat\u00e9ria do M\u00eddia Ninja, o \u00cdndice de Transpar\u00eancia da Moda afirma que as 100 maiores marcas e revendedores globais de moda t\u00eam o faturamento anual de pelo menos US$ 1,2 bilh\u00e3o e prop\u00f5e uma classifica\u00e7\u00e3o de acordo com a quantidade de informa\u00e7\u00f5es que compartilham sobre governan\u00e7a, rastreabilidade, pol\u00edtica de comunica\u00e7\u00e3o e de&nbsp; incentivo \u00e0 organiza\u00e7\u00e3o sindical. A proposta \u00e9 que as marcas sejam transparentes sobre suas pol\u00edticas e procedimentos, al\u00e9m de focar nos resultados dos esfor\u00e7os para melhorar os direitos humanos e os impactos ambientais.&nbsp;<\/p>\n\n\n\n<p><\/p>\n\n\n\n<figure class=\"wp-block-gallery columns-1 is-cropped\"><ul class=\"blocks-gallery-grid\"><li class=\"blocks-gallery-item\"><figure><img loading=\"lazy\" width=\"1024\" height=\"683\" src=\"https:\/\/webjornalismo.unicap.br\/modaconsciente\/wp-content\/uploads\/2016\/01\/gettyimages-632007950-1024x683.jpg\" alt=\"\" data-id=\"6145\" data-full-url=\"https:\/\/webjornalismo.unicap.br\/modaconsciente\/wp-content\/uploads\/2016\/01\/gettyimages-632007950-scaled.jpg\" data-link=\"https:\/\/webjornalismo.unicap.br\/modaconsciente\/do-que-sao-feitas-as-minhas-roupas\/gettyimages-632007950\/\" class=\"wp-image-6145\" srcset=\"https:\/\/webjornalismo.unicap.br\/modaconsciente\/wp-content\/uploads\/2016\/01\/gettyimages-632007950-980x653.jpg 980w, https:\/\/webjornalismo.unicap.br\/modaconsciente\/wp-content\/uploads\/2016\/01\/gettyimages-632007950-480x320.jpg 480w\" sizes=\"(min-width: 0px) and (max-width: 480px) 480px, (min-width: 481px) and (max-width: 980px) 980px, (min-width: 981px) 1024px, 100vw\" \/><\/figure><\/li><\/ul><figcaption class=\"blocks-gallery-caption\"><strong>Bolsa Louis Vuitton Never Full \u00e9 a mais vendida de todas as marcas de luxo e uma das mais falsificadas<\/strong><br>Foto: Getty Images\/reprodu\u00e7\u00e3o<\/figcaption><\/figure>\n\n\n\n<p>Ou seja, as marcas devem oferecer aos seus consumidores as seguintes informa\u00e7\u00f5es: quem faz as pe\u00e7as? quais as pol\u00edticas sociais e ambientais das marcas? quais s\u00e3o os problemas que a marca prioriza? quais as metas futuras para melhorar o impacto social e ambiental? Para que a comunica\u00e7\u00e3o transparente possa existir, \u00e9 necess\u00e1rio que as informa\u00e7\u00f5es estejam disponibilizadas claramente aos consumidores, al\u00e9m de conceder os progressos por via p\u00fablica, para que, com dados atualizados anualmente, saber se as pol\u00edticas e os procedimentos das marcas s\u00e3o de fato eficazes e se realmente trazem melhorias para quem fabrica as roupas.<\/p>\n\n\n\n<p>J\u00e1 a segunda constata\u00e7\u00e3o apontada pelo relat\u00f3rio \u00e9 que ainda h\u00e1 muitas informa\u00e7\u00f5es irrefut\u00e1veis sobre os procedimentos da ind\u00fastria da moda que permanecem escondidos quando se trata sobre o impacto palp\u00e1vel das marcas na vida dos trabalhadores da cadeia de suprimentos e no meio ambiente. Cabe a imprensa investigar e publicar informa\u00e7\u00f5es detalhadas sobre as atividades ocultas na ind\u00fastria fashion, denunciando toda forma de viola\u00e7\u00e3o aos princ\u00edpios expressos na Declara\u00e7\u00e3o Universal dos Direitos Humanos, consoante o inciso I do artigo 6\u00ba do C\u00f3digo de \u00c9tica dos Jornalistas Brasileiros. E, assim, contribuir para formar cidad\u00e3os e consumidores cada vez mais conscientes para exigirem de marcas e de governantes responsabilidades e solu\u00e7\u00f5es para os problemas graves da ind\u00fastria da moda.<\/p>\n\n\n\n<figure class=\"wp-block-gallery columns-1 is-cropped\"><ul class=\"blocks-gallery-grid\"><li class=\"blocks-gallery-item\"><figure><img loading=\"lazy\" width=\"962\" height=\"642\" src=\"https:\/\/webjornalismo.unicap.br\/modaconsciente\/wp-content\/uploads\/2016\/01\/2EEC9B9500000578-0-image-m-17_1448893290910.jpg\" alt=\"\" data-id=\"5719\" data-full-url=\"https:\/\/webjornalismo.unicap.br\/modaconsciente\/wp-content\/uploads\/2016\/01\/2EEC9B9500000578-0-image-m-17_1448893290910.jpg\" data-link=\"https:\/\/webjornalismo.unicap.br\/modaconsciente\/interesses-economicos-versus-direitos-humanos\/2eec9b9500000578-0-image-m-17_1448893290910\/\" class=\"wp-image-5719\" srcset=\"https:\/\/webjornalismo.unicap.br\/modaconsciente\/wp-content\/uploads\/2016\/01\/2EEC9B9500000578-0-image-m-17_1448893290910.jpg 962w, https:\/\/webjornalismo.unicap.br\/modaconsciente\/wp-content\/uploads\/2016\/01\/2EEC9B9500000578-0-image-m-17_1448893290910-480x320.jpg 480w\" sizes=\"(min-width: 0px) and (max-width: 480px) 480px, (min-width: 481px) 962px, 100vw\" \/><\/figure><\/li><\/ul><figcaption class=\"blocks-gallery-caption\"><strong>Crian\u00e7as em situa\u00e7\u00e3o de trabalho an\u00e1logo \u00e0 escravid\u00e3o<\/strong> <br>Foto: Casillas\/REX Shutterstock\/reprodu\u00e7\u00e3o<\/figcaption><\/figure>\n\n\n\n<p>Desde 2013, o aplicativo Moda Livre (dispon\u00edvel em iOS e Android) desenvolvido pelo Rep\u00f3rter Brasil em parceria com o Minist\u00e9rio do Trabalho, avalia as medidas praticadas por marcas e varejistas de roupa para monitorar as condi\u00e7\u00f5es de servi\u00e7o de seus fornecedores, a fim de combater o trabalho escravo contempor\u00e2neo. Ele atua como uma ferramenta tecnol\u00f3gica que vem contribuindo para a cultura do consumo de moda consciente no Brasil. Atrav\u00e9s das divulga\u00e7\u00f5es p\u00fablicas de suas avalia\u00e7\u00f5es, apesar dos obst\u00e1culos de boa parte das empresas do setor, a exemplo das 100 marcas mundiais do <em>fast fashion<\/em> selecionadas para serem analisadas pelo \u00cdndice de Transpar\u00eancia da Moda, 52 n\u00e3o responderam ao question\u00e1rio ou negaram a oportunidade de darem informa\u00e7\u00f5es de interesse p\u00fablico solicitadas. <\/p>\n\n\n\n<p>\u00c9 por esse motivo que a cobertura jornal\u00edstica cr\u00edtica em rela\u00e7\u00e3o \u00e0 moda sustent\u00e1vel e consciente, al\u00e9m da transpar\u00eancia na comunica\u00e7\u00e3o institucional das marcas, deve ser colocada em pr\u00e1tica pelas editorias. Para que, por consequ\u00eancia, os consumidores conscientizem-se sobre o verdadeiro custo social e ambiental das roupas, a fim de urgentemente revolucionar a moda para melhor, diante do que ela tem sido para os habitantes e o planeta.<\/p>\n\n\n\n<p>Marina Melo (20) tem dificuldade para encontrar roupas que realmente goste, se sinta bem e combine com o estilo pessoal, al\u00e9m das pe\u00e7as n\u00e3o ficarem com o caimento perfeito e, muitas vezes, acabar recorrendo \u00e0s grandes lojas, onde encontra maior variedade. \u201cMe atentei a quem produz minhas roupas depois de saber sobre os esc\u00e2ndalos com trabalhadores escravos em Bangladesh, principalmente nas lojas de departamento que s\u00e3o mais acess\u00edveis que, na maioria das vezes, acabo recorrendo porque, infelizmente, meu or\u00e7amento n\u00e3o permite gastar 200 ou 300 reais em uma cal\u00e7a\u201d, confessa. \u201cO aplicativo Moda Livre me ajuda bastante com as avalia\u00e7\u00f5es e listas que disponibiliza sobre as principais lojas, avaliando-as em v\u00e1rios quesitos como trabalho escravo, lixo t\u00eaxtil e material utilizado. Sempre acesso o aplicativo e tento ver a loja de departamento mais &#8220;ok&#8221; pra comprar\u201d, conta.<\/p>\n\n\n\n<figure class=\"wp-block-gallery columns-3 is-cropped\"><ul class=\"blocks-gallery-grid\"><li class=\"blocks-gallery-item\"><figure><img loading=\"lazy\" width=\"1024\" height=\"1024\" src=\"https:\/\/webjornalismo.unicap.br\/modaconsciente\/wp-content\/uploads\/2016\/01\/WhatsApp-Image-2020-11-26-at-19.05.23-1024x1024.jpeg\" alt=\"\" data-id=\"6130\" data-full-url=\"https:\/\/webjornalismo.unicap.br\/modaconsciente\/wp-content\/uploads\/2016\/01\/WhatsApp-Image-2020-11-26-at-19.05.23.jpeg\" data-link=\"https:\/\/webjornalismo.unicap.br\/modaconsciente\/do-que-sao-feitas-as-minhas-roupas\/whatsapp-image-2020-11-26-at-19-05-23\/\" class=\"wp-image-6130\" srcset=\"https:\/\/webjornalismo.unicap.br\/modaconsciente\/wp-content\/uploads\/2016\/01\/WhatsApp-Image-2020-11-26-at-19.05.23-1024x1024.jpeg 1024w, https:\/\/webjornalismo.unicap.br\/modaconsciente\/wp-content\/uploads\/2016\/01\/WhatsApp-Image-2020-11-26-at-19.05.23-980x980.jpeg 980w, https:\/\/webjornalismo.unicap.br\/modaconsciente\/wp-content\/uploads\/2016\/01\/WhatsApp-Image-2020-11-26-at-19.05.23-480x480.jpeg 480w\" sizes=\"(min-width: 0px) and (max-width: 480px) 480px, (min-width: 481px) and (max-width: 980px) 980px, (min-width: 981px) 1024px, 100vw\" \/><\/figure><\/li><li class=\"blocks-gallery-item\"><figure><img loading=\"lazy\" width=\"750\" height=\"744\" src=\"https:\/\/webjornalismo.unicap.br\/modaconsciente\/wp-content\/uploads\/2016\/01\/IMG-4175.jpg\" alt=\"\" data-id=\"6133\" data-full-url=\"https:\/\/webjornalismo.unicap.br\/modaconsciente\/wp-content\/uploads\/2016\/01\/IMG-4175.jpg\" data-link=\"https:\/\/webjornalismo.unicap.br\/modaconsciente\/do-que-sao-feitas-as-minhas-roupas\/img-4175\/\" class=\"wp-image-6133\" srcset=\"https:\/\/webjornalismo.unicap.br\/modaconsciente\/wp-content\/uploads\/2016\/01\/IMG-4175.jpg 750w, https:\/\/webjornalismo.unicap.br\/modaconsciente\/wp-content\/uploads\/2016\/01\/IMG-4175-480x476.jpg 480w\" sizes=\"(min-width: 0px) and (max-width: 480px) 480px, (min-width: 481px) 750px, 100vw\" \/><\/figure><\/li><li class=\"blocks-gallery-item\"><figure><img loading=\"lazy\" width=\"750\" height=\"934\" src=\"https:\/\/webjornalismo.unicap.br\/modaconsciente\/wp-content\/uploads\/2016\/01\/IMG-4174.jpg\" alt=\"\" data-id=\"6134\" data-full-url=\"https:\/\/webjornalismo.unicap.br\/modaconsciente\/wp-content\/uploads\/2016\/01\/IMG-4174.jpg\" data-link=\"https:\/\/webjornalismo.unicap.br\/modaconsciente\/do-que-sao-feitas-as-minhas-roupas\/img-4174\/\" class=\"wp-image-6134\" srcset=\"https:\/\/webjornalismo.unicap.br\/modaconsciente\/wp-content\/uploads\/2016\/01\/IMG-4174.jpg 750w, https:\/\/webjornalismo.unicap.br\/modaconsciente\/wp-content\/uploads\/2016\/01\/IMG-4174-480x598.jpg 480w\" sizes=\"(min-width: 0px) and (max-width: 480px) 480px, (min-width: 481px) 750px, 100vw\" \/><\/figure><\/li><\/ul><figcaption class=\"blocks-gallery-caption\">Fotos: acervo pessoal\/divulga\u00e7\u00e3o<\/figcaption><\/figure>\n\n\n\n<p>De acordo com Andr\u00e9 Carvalhal, no livro Moda com Prop\u00f3sito, as marcas que quiserem garantir seu lugar no mundo ter\u00e3o que trilhar o caminho da ilumina\u00e7\u00e3o, realizando a\u00e7\u00f5es com prop\u00f3sito. \u201cAssim como n\u00f3s, cada uma dever\u00e1 encontrar sua voca\u00e7\u00e3o e entender como pode deixar um novo legado para o planeta. Esse \u00e9 o novo passo na personifica\u00e7\u00e3o constru\u00e7\u00e3o do lado humano das marcas\u201d, diz. \u201cNo velho mundo, o estilo de vida era o maior ponto de tra\u00e7\u00e3o entre pessoas e marcas Daqui para a frente, ser\u00e1 substitu\u00eddo cada vez mais pela afinidade entre causas, valores e cren\u00e7as\u201d, afirma.<\/p>\n\n\n\n<p>A campanha <strong><a href=\"https:\/\/www.fashionrevolution.org\/brazil-blog\/quem-fez-minhas-roupas-as-vidas-por-tras-do-que-vestimos\/\" data-type=\"URL\" data-id=\"https:\/\/www.fashionrevolution.org\/brazil-blog\/quem-fez-minhas-roupas-as-vidas-por-tras-do-que-vestimos\/\">Quem Fez Minhas Roupas <\/a><\/strong>do Fashion Revolution surgiu para aumentar a conscientiza\u00e7\u00e3o sobre o verdadeiro custo da moda e seu impacto no mundo, em todas as fases do processo de produ\u00e7\u00e3o e consumo. Realizado inicialmente no dia 24 de abril, o Fashion Revolution Day ganhou for\u00e7a e hoje tornou-se a Fashion Revolution Week, que conta com atividades promovidas por n\u00facleos volunt\u00e1rios, em mais de 100 pa\u00edses, inclusive no Brasil.<\/p>\n\n\n\n<p><\/p>\n\n\n\n<figure class=\"wp-block-gallery columns-1 is-cropped\"><ul class=\"blocks-gallery-grid\"><li class=\"blocks-gallery-item\"><figure><img loading=\"lazy\" width=\"700\" height=\"628\" src=\"https:\/\/webjornalismo.unicap.br\/modaconsciente\/wp-content\/uploads\/2016\/01\/fashion-revolution-berlin-2018.jpg\" alt=\"\" data-id=\"6136\" data-full-url=\"https:\/\/webjornalismo.unicap.br\/modaconsciente\/wp-content\/uploads\/2016\/01\/fashion-revolution-berlin-2018.jpg\" data-link=\"https:\/\/webjornalismo.unicap.br\/modaconsciente\/do-que-sao-feitas-as-minhas-roupas\/fashion-revolution-berlin-2018\/\" class=\"wp-image-6136\" srcset=\"https:\/\/webjornalismo.unicap.br\/modaconsciente\/wp-content\/uploads\/2016\/01\/fashion-revolution-berlin-2018.jpg 700w, https:\/\/webjornalismo.unicap.br\/modaconsciente\/wp-content\/uploads\/2016\/01\/fashion-revolution-berlin-2018-480x431.jpg 480w\" sizes=\"(min-width: 0px) and (max-width: 480px) 480px, (min-width: 481px) 700px, 100vw\" \/><\/figure><\/li><\/ul><figcaption class=\"blocks-gallery-caption\"><strong>Protestantes v\u00e3o \u00e0s ruas cobrar uma moda justa e respons\u00e1vel<\/strong><br>Foto: Fashion Revolution Berlin\/reprodu\u00e7\u00e3o<\/figcaption><\/figure>\n\n\n\n<p>Mariana Monteiro (31), representante da Fashion Revolution em Pernambuco, afirma que a campanha \u00e9 fundamental por dar visibilidade aos processos e aos trabalhadores por tr\u00e1s da ind\u00fastria da moda, al\u00e9m de conscientiz\u00e1-los. \u201cO Fashion Revolution \u00e9 um movimento que busca transformar positivamente a ind\u00fastria da moda. A principal pauta \u00e9 a da transpar\u00eancia, porque, atrav\u00e9s dela, conseguimos dados para monitorar as pr\u00e1ticas e cobrar sal\u00e1rios justos para os trabalhadores e definir processos menos poluentes\u201d, declara.<\/p>\n\n\n\n<p><a rel=\"noreferrer noopener\" href=\"https:\/\/ffw.uol.com.br\/noticias\/sustentabilidade\/fashion-revolution-saiba-qual-e-o-nivel-de-transparencia-de-30-grandes-marcas-brasileiras\/\" target=\"_blank\"><strong>Clique aqui<\/strong><\/a> para saber sobre o \u00edndice de transpar\u00eancia da moda do Fashion Revolution e entender o posicionamento de 30 grandes marcas do varejo nacional, ou seja, de como est\u00e3o est\u00e3o divulgando em rela\u00e7\u00e3o a lista de fornecedores, cadeia de produ\u00e7\u00e3o, pr\u00e1ticas sustent\u00e1veis, pol\u00edticas de equalidade e diversidade de g\u00eanero, entre outros.<\/p>\n\n\n\n<p><\/p>\n\n\n\n<p><\/p>\n","protected":false},"excerpt":{"rendered":"<p>A escolha do tecido determina o qu\u00e3o confort\u00e1vel, leve, frio ou mais quente a pe\u00e7a pode ser. Al\u00e9m de oferecerem o conforto t\u00e9rmico que a pessoa deseja e necessita, o acabamento da pe\u00e7a tamb\u00e9m pode ser interferir de acordo com suas caracter\u00edsticas, usos e particularidades.<\/p>\n","protected":false},"author":2,"featured_media":5930,"comment_status":"open","ping_status":"closed","sticky":false,"template":"","format":"standard","meta":{"_et_pb_use_builder":"off","_et_pb_old_content":"A Capitalize on low hanging fruit to identify a ballpark value added activity to beta test. Override the digital divide with additional clickthroughs from DevOps. Nanotechnology immersion along the information highway will close the\u2026\n<!--more-->\n<blockquote>Quisque semper nunc vitae erat pellentesque, ac placerat arcu consectetur. In venenatis elit ac ultrices convallis. Duis est nisi, tincidunt ac urna sed, cursus blandit lectus. In ullamcorper sit amet ligula ut eleifend. Proin dictum tempor ligula, ac feugiat metus. Sed finibus tortor eu scelerisque scelerisque.<\/blockquote>\nAenean et tempor eros, vitae sollicitudin velit. Etiam varius enim nec quam tempor, sed efficitur ex ultrices. Phasellus pretium est vel dui vestibulum condimentum. Aenean nec suscipit nibh. Phasellus nec lacus id arcu facilisis elementum. Curabitur lobortis, elit ut elementum congue, erat ex bibendum odio, nec iaculis lacus sem non lorem. Duis suscipit metus ante, sed convallis quam posuere quis. Ut tincidunt eleifend odio, ac fringilla mi vehicula nec. Nunc vitae lacus eget lectus imperdiet tempus sed in dui. Nam molestie magna at risus consectetur, placerat suscipit justo dignissim. Sed vitae fringilla enim, nec ullamcorper arcu.\n\nSuspendisse turpis ipsum, tempus in nulla eu, posuere pharetra nibh. In dignissim vitae lorem non mollis. Praesent pretium tellus in tortor viverra condimentum. Nullam dignissim facilisis nisl, accumsan placerat justo ultricies vel. Vivamus finibus mi a neque pretium, ut convallis dui lacinia. Morbi a rutrum velit. Curabitur sagittis quam quis consectetur mattis. Aenean sit amet quam vel turpis interdum sagittis et eget neque. Nunc ante quam, luctus et neque a, interdum iaculis metus. Aliquam vel ante mattis, placerat orci id, vehicula quam. Suspendisse quis eros cursus, viverra urna sed, commodo mauris. Cras diam arcu, fringilla a sem condimentum, viverra facilisis nunc. Curabitur vitae orci id nulla maximus maximus. Nunc pulvinar sollicitudin molestie.","_et_gb_content_width":""},"categories":[17],"tags":[],"_links":{"self":[{"href":"https:\/\/webjornalismo.unicap.br\/modaconsciente\/wp-json\/wp\/v2\/posts\/776"}],"collection":[{"href":"https:\/\/webjornalismo.unicap.br\/modaconsciente\/wp-json\/wp\/v2\/posts"}],"about":[{"href":"https:\/\/webjornalismo.unicap.br\/modaconsciente\/wp-json\/wp\/v2\/types\/post"}],"author":[{"embeddable":true,"href":"https:\/\/webjornalismo.unicap.br\/modaconsciente\/wp-json\/wp\/v2\/users\/2"}],"replies":[{"embeddable":true,"href":"https:\/\/webjornalismo.unicap.br\/modaconsciente\/wp-json\/wp\/v2\/comments?post=776"}],"version-history":[{"count":55,"href":"https:\/\/webjornalismo.unicap.br\/modaconsciente\/wp-json\/wp\/v2\/posts\/776\/revisions"}],"predecessor-version":[{"id":6466,"href":"https:\/\/webjornalismo.unicap.br\/modaconsciente\/wp-json\/wp\/v2\/posts\/776\/revisions\/6466"}],"wp:featuredmedia":[{"embeddable":true,"href":"https:\/\/webjornalismo.unicap.br\/modaconsciente\/wp-json\/wp\/v2\/media\/5930"}],"wp:attachment":[{"href":"https:\/\/webjornalismo.unicap.br\/modaconsciente\/wp-json\/wp\/v2\/media?parent=776"}],"wp:term":[{"taxonomy":"category","embeddable":true,"href":"https:\/\/webjornalismo.unicap.br\/modaconsciente\/wp-json\/wp\/v2\/categories?post=776"},{"taxonomy":"post_tag","embeddable":true,"href":"https:\/\/webjornalismo.unicap.br\/modaconsciente\/wp-json\/wp\/v2\/tags?post=776"}],"curies":[{"name":"wp","href":"https:\/\/api.w.org\/{rel}","templated":true}]}}