{"id":5526,"date":"2020-11-23T22:21:21","date_gmt":"2020-11-24T01:21:21","guid":{"rendered":"https:\/\/webjornalismo.unicap.br\/modaconsciente\/?p=5526"},"modified":"2020-12-02T11:12:25","modified_gmt":"2020-12-02T14:12:25","slug":"thayane-franklin-a-cacheada-sustentavel","status":"publish","type":"post","link":"https:\/\/webjornalismo.unicap.br\/modaconsciente\/thayane-franklin-a-cacheada-sustentavel\/","title":{"rendered":"Thayane Franklin: a cacheada sustent\u00e1vel"},"content":{"rendered":"\n<p>A bi\u00f3loga Thayane Franklin (27), come\u00e7ou a consumir de forma sustent\u00e1vel quando percebeu que gastava muito dinheiro e que tinha uma grande quantidade de cosm\u00e9ticos sobrando, al\u00e9m de outros jogados no lixo sem ao menos terem acabado. Foi ent\u00e3o que despertou para seus h\u00e1bitos de consumo e como empregava <s>o<\/s> seu dinheiro. \u201cPercebi, tamb\u00e9m, que estava contribuindo para a polui\u00e7\u00e3o do planeta e n\u00e3o queria mais impactar o meio ambiente de forma negativa\u201d, diz.\u00a0<\/p>\n\n\n\n<p><\/p>\n\n\n\n<figure class=\"wp-block-gallery columns-2 is-cropped\"><ul class=\"blocks-gallery-grid\"><li class=\"blocks-gallery-item\"><figure><img loading=\"lazy\" width=\"767\" height=\"1024\" src=\"https:\/\/webjornalismo.unicap.br\/modaconsciente\/wp-content\/uploads\/2020\/11\/WhatsApp-Image-2020-11-25-at-22.01.26-767x1024.jpeg\" alt=\"\" data-id=\"5914\" data-full-url=\"https:\/\/webjornalismo.unicap.br\/modaconsciente\/wp-content\/uploads\/2020\/11\/WhatsApp-Image-2020-11-25-at-22.01.26.jpeg\" data-link=\"https:\/\/webjornalismo.unicap.br\/modaconsciente\/thayane-franklin-a-cacheada-sustentavel\/whatsapp-image-2020-11-25-at-22-01-26\/\" class=\"wp-image-5914\" srcset=\"https:\/\/webjornalismo.unicap.br\/modaconsciente\/wp-content\/uploads\/2020\/11\/WhatsApp-Image-2020-11-25-at-22.01.26-767x1024.jpeg 767w, https:\/\/webjornalismo.unicap.br\/modaconsciente\/wp-content\/uploads\/2020\/11\/WhatsApp-Image-2020-11-25-at-22.01.26-480x641.jpeg 480w\" sizes=\"(min-width: 0px) and (max-width: 480px) 480px, (min-width: 481px) 767px, 100vw\" \/><\/figure><\/li><li class=\"blocks-gallery-item\"><figure><img loading=\"lazy\" width=\"750\" height=\"917\" src=\"https:\/\/webjornalismo.unicap.br\/modaconsciente\/wp-content\/uploads\/2020\/11\/IMG-4155.jpg\" alt=\"\" data-id=\"6085\" data-full-url=\"https:\/\/webjornalismo.unicap.br\/modaconsciente\/wp-content\/uploads\/2020\/11\/IMG-4155.jpg\" data-link=\"https:\/\/webjornalismo.unicap.br\/modaconsciente\/thayane-franklin-a-cacheada-sustentavel\/img-4155\/\" class=\"wp-image-6085\" srcset=\"https:\/\/webjornalismo.unicap.br\/modaconsciente\/wp-content\/uploads\/2020\/11\/IMG-4155.jpg 750w, https:\/\/webjornalismo.unicap.br\/modaconsciente\/wp-content\/uploads\/2020\/11\/IMG-4155-480x587.jpg 480w\" sizes=\"(min-width: 0px) and (max-width: 480px) 480px, (min-width: 481px) 750px, 100vw\" \/><\/figure><\/li><\/ul><figcaption class=\"blocks-gallery-caption\">Fotos: acervo pessoal\/divulga\u00e7\u00e3o<\/figcaption><\/figure>\n\n\n\n<p>O processo de entender o que realmente precisa foi lento, mudando uma coisa de cada vez. A gradua\u00e7\u00e3o a ajudou com o conhecimento, mas ela j\u00e1 tinha o desejo de mudan\u00e7a. Foi partir da\u00ed que, em mar\u00e7o de 2019, h\u00e1 quase dois anos, Thayane criou o <strong><a href=\"https:\/\/instagram.com\/cacheada_sustentavel\" target=\"_blank\" rel=\"noreferrer noopener\">@cacheada_sustentavel<\/a><\/strong>. Com mais de 12 mil seguidores, ela compartilha dicas sobre beleza e sustentabilidade de forma consciente e descomplicada, com muitas receitas caseiras e baratas. \u201cSempre tive vontade de compartilhar sobre como cuido do meu cabelo, mas n\u00e3o queria ser mais um Instagram que fala sobre isso, queria ser mais\u201d, expressa.&nbsp;<\/p>\n\n\n\n<p>Em vista disso, pensando sobre que assuntos poderia abordar, de uma coisa ela tinha certeza: fazer diferente do que todos os influenciadores de beleza faziam. \u201cQueria impactar positivamente atrav\u00e9s do cuidado com meu o cabelo, e n\u00e3o apenas abordar os conte\u00fados de forma superficial. Achei necess\u00e1rio compartilhar dicas para que mais pessoas pudessem multiplicar a\u00e7\u00f5es ecologicamente corretas\u201d, comenta.\u00a0\u00a0<\/p>\n\n\n\n<p><\/p>\n\n\n\n<figure class=\"wp-block-gallery columns-3 is-cropped\"><ul class=\"blocks-gallery-grid\"><li class=\"blocks-gallery-item\"><figure><img loading=\"lazy\" width=\"750\" height=\"913\" src=\"https:\/\/webjornalismo.unicap.br\/modaconsciente\/wp-content\/uploads\/2020\/11\/IMG-4151.jpg\" alt=\"\" data-id=\"6054\" data-full-url=\"https:\/\/webjornalismo.unicap.br\/modaconsciente\/wp-content\/uploads\/2020\/11\/IMG-4151.jpg\" data-link=\"https:\/\/webjornalismo.unicap.br\/modaconsciente\/thayane-franklin-a-cacheada-sustentavel\/img-4151\/\" class=\"wp-image-6054\" srcset=\"https:\/\/webjornalismo.unicap.br\/modaconsciente\/wp-content\/uploads\/2020\/11\/IMG-4151.jpg 750w, https:\/\/webjornalismo.unicap.br\/modaconsciente\/wp-content\/uploads\/2020\/11\/IMG-4151-480x584.jpg 480w\" sizes=\"(min-width: 0px) and (max-width: 480px) 480px, (min-width: 481px) 750px, 100vw\" \/><\/figure><\/li><li class=\"blocks-gallery-item\"><figure><img loading=\"lazy\" width=\"750\" height=\"917\" src=\"https:\/\/webjornalismo.unicap.br\/modaconsciente\/wp-content\/uploads\/2020\/11\/IMG-4156-1.jpg\" alt=\"\" data-id=\"6084\" data-full-url=\"https:\/\/webjornalismo.unicap.br\/modaconsciente\/wp-content\/uploads\/2020\/11\/IMG-4156-1.jpg\" data-link=\"https:\/\/webjornalismo.unicap.br\/modaconsciente\/thayane-franklin-a-cacheada-sustentavel\/img-4156-2\/\" class=\"wp-image-6084\" srcset=\"https:\/\/webjornalismo.unicap.br\/modaconsciente\/wp-content\/uploads\/2020\/11\/IMG-4156-1.jpg 750w, https:\/\/webjornalismo.unicap.br\/modaconsciente\/wp-content\/uploads\/2020\/11\/IMG-4156-1-480x587.jpg 480w\" sizes=\"(min-width: 0px) and (max-width: 480px) 480px, (min-width: 481px) 750px, 100vw\" \/><\/figure><\/li><li class=\"blocks-gallery-item\"><figure><img loading=\"lazy\" width=\"750\" height=\"873\" src=\"https:\/\/webjornalismo.unicap.br\/modaconsciente\/wp-content\/uploads\/2020\/11\/IMG-4077.jpg\" alt=\"\" data-id=\"6056\" data-full-url=\"https:\/\/webjornalismo.unicap.br\/modaconsciente\/wp-content\/uploads\/2020\/11\/IMG-4077.jpg\" data-link=\"https:\/\/webjornalismo.unicap.br\/modaconsciente\/thayane-franklin-a-cacheada-sustentavel\/img-4077\/\" class=\"wp-image-6056\" srcset=\"https:\/\/webjornalismo.unicap.br\/modaconsciente\/wp-content\/uploads\/2020\/11\/IMG-4077.jpg 750w, https:\/\/webjornalismo.unicap.br\/modaconsciente\/wp-content\/uploads\/2020\/11\/IMG-4077-480x559.jpg 480w\" sizes=\"(min-width: 0px) and (max-width: 480px) 480px, (min-width: 481px) 750px, 100vw\" \/><\/figure><\/li><li class=\"blocks-gallery-item\"><figure><img loading=\"lazy\" width=\"750\" height=\"923\" src=\"https:\/\/webjornalismo.unicap.br\/modaconsciente\/wp-content\/uploads\/2020\/11\/unnamed-5-1.jpg\" alt=\"\" data-id=\"6063\" data-full-url=\"https:\/\/webjornalismo.unicap.br\/modaconsciente\/wp-content\/uploads\/2020\/11\/unnamed-5-1.jpg\" data-link=\"https:\/\/webjornalismo.unicap.br\/modaconsciente\/thayane-franklin-a-cacheada-sustentavel\/unnamed-5-3\/\" class=\"wp-image-6063\" srcset=\"https:\/\/webjornalismo.unicap.br\/modaconsciente\/wp-content\/uploads\/2020\/11\/unnamed-5-1.jpg 750w, https:\/\/webjornalismo.unicap.br\/modaconsciente\/wp-content\/uploads\/2020\/11\/unnamed-5-1-480x591.jpg 480w\" sizes=\"(min-width: 0px) and (max-width: 480px) 480px, (min-width: 481px) 750px, 100vw\" \/><\/figure><\/li><li class=\"blocks-gallery-item\"><figure><img loading=\"lazy\" width=\"750\" height=\"918\" src=\"https:\/\/webjornalismo.unicap.br\/modaconsciente\/wp-content\/uploads\/2020\/11\/IMG-4153.jpg\" alt=\"\" data-id=\"6052\" data-full-url=\"https:\/\/webjornalismo.unicap.br\/modaconsciente\/wp-content\/uploads\/2020\/11\/IMG-4153.jpg\" data-link=\"https:\/\/webjornalismo.unicap.br\/modaconsciente\/thayane-franklin-a-cacheada-sustentavel\/img-4153\/\" class=\"wp-image-6052\" srcset=\"https:\/\/webjornalismo.unicap.br\/modaconsciente\/wp-content\/uploads\/2020\/11\/IMG-4153.jpg 750w, https:\/\/webjornalismo.unicap.br\/modaconsciente\/wp-content\/uploads\/2020\/11\/IMG-4153-480x588.jpg 480w\" sizes=\"(min-width: 0px) and (max-width: 480px) 480px, (min-width: 481px) 750px, 100vw\" \/><\/figure><\/li><\/ul><figcaption class=\"blocks-gallery-caption\">Fotos: acervo pessoal\/divulga\u00e7\u00e3o<\/figcaption><\/figure>\n\n\n\n<p>Com o Cacheada Sustent\u00e1vel, Thayane afirma que j\u00e1 influenciou muita gente e garante que os retornos s\u00e3o positivos. Os seguidores dela constantemente mandam mensagens dizendo que mudou a forma de consumir algo e que por ela foram influenciados. \u201cSinto que estou cumprindo meu dever. Fico muito feliz e cada vez mais motivada a mudar para melhor e a criar ainda mais conte\u00fado para compartilhar e atingir mais pessoas\u201d, declara.<\/p>\n\n\n\n<p>Thayane afirma que ao consumir cosm\u00e9ticos naturais, al\u00e9m de ajudar o planeta, nosso corpo tamb\u00e9m agradece. \u201cCosm\u00e9ticos naturais possuem ingredientes biodegrad\u00e1veis, ou seja, s\u00e3o compat\u00edveis com a natureza e, quando v\u00e3o para o ralo, degradam-se e retornam para o meio ambiente, al\u00e9m de ter o m\u00ednimo risco de provocar rea\u00e7\u00f5es al\u00e9rgicas\u201d, relata.<\/p>\n\n\n\n<p><\/p>\n\n\n\n<figure class=\"wp-block-gallery columns-3 is-cropped\"><ul class=\"blocks-gallery-grid\"><li class=\"blocks-gallery-item\"><figure><img loading=\"lazy\" width=\"750\" height=\"731\" src=\"https:\/\/webjornalismo.unicap.br\/modaconsciente\/wp-content\/uploads\/2020\/11\/IMG-4158.jpg\" alt=\"\" data-id=\"6048\" data-full-url=\"https:\/\/webjornalismo.unicap.br\/modaconsciente\/wp-content\/uploads\/2020\/11\/IMG-4158.jpg\" data-link=\"https:\/\/webjornalismo.unicap.br\/modaconsciente\/thayane-franklin-a-cacheada-sustentavel\/img-4158\/\" class=\"wp-image-6048\" srcset=\"https:\/\/webjornalismo.unicap.br\/modaconsciente\/wp-content\/uploads\/2020\/11\/IMG-4158.jpg 750w, https:\/\/webjornalismo.unicap.br\/modaconsciente\/wp-content\/uploads\/2020\/11\/IMG-4158-480x468.jpg 480w\" sizes=\"(min-width: 0px) and (max-width: 480px) 480px, (min-width: 481px) 750px, 100vw\" \/><\/figure><\/li><li class=\"blocks-gallery-item\"><figure><img loading=\"lazy\" width=\"750\" height=\"926\" src=\"https:\/\/webjornalismo.unicap.br\/modaconsciente\/wp-content\/uploads\/2020\/11\/IMG-4168.jpg\" alt=\"\" data-id=\"6089\" data-full-url=\"https:\/\/webjornalismo.unicap.br\/modaconsciente\/wp-content\/uploads\/2020\/11\/IMG-4168.jpg\" data-link=\"https:\/\/webjornalismo.unicap.br\/modaconsciente\/thayane-franklin-a-cacheada-sustentavel\/img-4168\/\" class=\"wp-image-6089\" srcset=\"https:\/\/webjornalismo.unicap.br\/modaconsciente\/wp-content\/uploads\/2020\/11\/IMG-4168.jpg 750w, https:\/\/webjornalismo.unicap.br\/modaconsciente\/wp-content\/uploads\/2020\/11\/IMG-4168-480x593.jpg 480w\" sizes=\"(min-width: 0px) and (max-width: 480px) 480px, (min-width: 481px) 750px, 100vw\" \/><\/figure><\/li><li class=\"blocks-gallery-item\"><figure><img loading=\"lazy\" width=\"750\" height=\"843\" src=\"https:\/\/webjornalismo.unicap.br\/modaconsciente\/wp-content\/uploads\/2020\/11\/IMG-4157.jpg\" alt=\"\" data-id=\"6049\" data-full-url=\"https:\/\/webjornalismo.unicap.br\/modaconsciente\/wp-content\/uploads\/2020\/11\/IMG-4157.jpg\" data-link=\"https:\/\/webjornalismo.unicap.br\/modaconsciente\/thayane-franklin-a-cacheada-sustentavel\/img-4157\/\" class=\"wp-image-6049\" srcset=\"https:\/\/webjornalismo.unicap.br\/modaconsciente\/wp-content\/uploads\/2020\/11\/IMG-4157.jpg 750w, https:\/\/webjornalismo.unicap.br\/modaconsciente\/wp-content\/uploads\/2020\/11\/IMG-4157-480x540.jpg 480w\" sizes=\"(min-width: 0px) and (max-width: 480px) 480px, (min-width: 481px) 750px, 100vw\" \/><\/figure><\/li><\/ul><figcaption class=\"blocks-gallery-caption\"><strong>Thayane usa cosm\u00e9ticos s\u00f3lidos por n\u00e3o possu\u00edrem ingredientes sint\u00e9ticos e prejudiciais, tanto \u00e0 ela quanto ao meio ambiente<\/strong><br>Fotos: acervo pessoal\/divulga\u00e7\u00e3o<\/figcaption><\/figure>\n\n\n\n<p><\/p>\n\n\n\n<h2><strong>Onde encontrar lojas de produtos naturais<\/strong>?<\/h2>\n\n\n\n<p><\/p>\n\n\n\n<p>\u00c9 bem prov\u00e1vel que a cidade em que voc\u00ea mora possa ter barracas na feira livre que vendam esses produtos. Em todo caso, tamb\u00e9m temos as op\u00e7\u00f5es online. Confira algumas que entregam para todo o Brasil:<\/p>\n\n\n\n<p><\/p>\n\n\n\n<div class=\"wp-block-columns\">\n<div class=\"wp-block-column\">\n<figure class=\"wp-block-image size-large\"><a href=\"https:\/\/www.instagram.com\/use.bob\/\" target=\"_blank\" rel=\"noopener noreferrer\"><img loading=\"lazy\" width=\"648\" height=\"1024\" src=\"https:\/\/webjornalismo.unicap.br\/modaconsciente\/wp-content\/uploads\/2020\/11\/IMG-4165-648x1024.jpg\" alt=\"\" class=\"wp-image-6071\" srcset=\"https:\/\/webjornalismo.unicap.br\/modaconsciente\/wp-content\/uploads\/2020\/11\/IMG-4165-648x1024.jpg 648w, https:\/\/webjornalismo.unicap.br\/modaconsciente\/wp-content\/uploads\/2020\/11\/IMG-4165-480x758.jpg 480w\" sizes=\"(min-width: 0px) and (max-width: 480px) 480px, (min-width: 481px) 648px, 100vw\" \/><\/a><\/figure>\n<\/div>\n\n\n\n<div class=\"wp-block-column\">\n<figure class=\"wp-block-image size-large\"><a href=\"https:\/\/www.instagram.com\/relaxcosmeticos\/\" target=\"_blank\" rel=\"noopener noreferrer\"><img loading=\"lazy\" width=\"644\" height=\"1024\" src=\"https:\/\/webjornalismo.unicap.br\/modaconsciente\/wp-content\/uploads\/2020\/11\/IMG-4164-644x1024.jpg\" alt=\"\" class=\"wp-image-6070\" srcset=\"https:\/\/webjornalismo.unicap.br\/modaconsciente\/wp-content\/uploads\/2020\/11\/IMG-4164-644x1024.jpg 644w, https:\/\/webjornalismo.unicap.br\/modaconsciente\/wp-content\/uploads\/2020\/11\/IMG-4164-480x763.jpg 480w\" sizes=\"(min-width: 0px) and (max-width: 480px) 480px, (min-width: 481px) 644px, 100vw\" \/><\/a><\/figure>\n<\/div>\n\n\n\n<div class=\"wp-block-column\">\n<figure class=\"wp-block-image size-large\"><a href=\"https:\/\/www.instagram.com\/twooneonetwonaturalvegana\/\" target=\"_blank\" rel=\"noopener noreferrer\"><img loading=\"lazy\" width=\"644\" height=\"1024\" src=\"https:\/\/webjornalismo.unicap.br\/modaconsciente\/wp-content\/uploads\/2020\/11\/IMG-4167-644x1024.jpg\" alt=\"\" class=\"wp-image-6069\" srcset=\"https:\/\/webjornalismo.unicap.br\/modaconsciente\/wp-content\/uploads\/2020\/11\/IMG-4167-644x1024.jpg 644w, https:\/\/webjornalismo.unicap.br\/modaconsciente\/wp-content\/uploads\/2020\/11\/IMG-4167-480x764.jpg 480w\" sizes=\"(min-width: 0px) and (max-width: 480px) 480px, (min-width: 481px) 644px, 100vw\" \/><\/a><\/figure>\n<\/div>\n<\/div>\n\n\n\n<p><\/p>\n\n\n\n<p><\/p>\n","protected":false},"excerpt":{"rendered":"<p>A bi\u00f3loga Thayane Franklin (27), come\u00e7ou a consumir de forma sustent\u00e1vel quando percebeu que gastava muito dinheiro e que tinha uma grande quantidade de cosm\u00e9ticos sobrando, al\u00e9m de outros jogados no lixo sem ao menos terem acabado. Foi ent\u00e3o que despertou para seus h\u00e1bitos de consumo e como empregava o seu dinheiro. \u201cPercebi, tamb\u00e9m, que [&hellip;]<\/p>\n","protected":false},"author":2,"featured_media":6059,"comment_status":"open","ping_status":"open","sticky":false,"template":"","format":"standard","meta":{"_et_pb_use_builder":"off","_et_pb_old_content":"","_et_gb_content_width":""},"categories":[22],"tags":[],"_links":{"self":[{"href":"https:\/\/webjornalismo.unicap.br\/modaconsciente\/wp-json\/wp\/v2\/posts\/5526"}],"collection":[{"href":"https:\/\/webjornalismo.unicap.br\/modaconsciente\/wp-json\/wp\/v2\/posts"}],"about":[{"href":"https:\/\/webjornalismo.unicap.br\/modaconsciente\/wp-json\/wp\/v2\/types\/post"}],"author":[{"embeddable":true,"href":"https:\/\/webjornalismo.unicap.br\/modaconsciente\/wp-json\/wp\/v2\/users\/2"}],"replies":[{"embeddable":true,"href":"https:\/\/webjornalismo.unicap.br\/modaconsciente\/wp-json\/wp\/v2\/comments?post=5526"}],"version-history":[{"count":34,"href":"https:\/\/webjornalismo.unicap.br\/modaconsciente\/wp-json\/wp\/v2\/posts\/5526\/revisions"}],"predecessor-version":[{"id":6487,"href":"https:\/\/webjornalismo.unicap.br\/modaconsciente\/wp-json\/wp\/v2\/posts\/5526\/revisions\/6487"}],"wp:featuredmedia":[{"embeddable":true,"href":"https:\/\/webjornalismo.unicap.br\/modaconsciente\/wp-json\/wp\/v2\/media\/6059"}],"wp:attachment":[{"href":"https:\/\/webjornalismo.unicap.br\/modaconsciente\/wp-json\/wp\/v2\/media?parent=5526"}],"wp:term":[{"taxonomy":"category","embeddable":true,"href":"https:\/\/webjornalismo.unicap.br\/modaconsciente\/wp-json\/wp\/v2\/categories?post=5526"},{"taxonomy":"post_tag","embeddable":true,"href":"https:\/\/webjornalismo.unicap.br\/modaconsciente\/wp-json\/wp\/v2\/tags?post=5526"}],"curies":[{"name":"wp","href":"https:\/\/api.w.org\/{rel}","templated":true}]}}