{"id":500,"date":"2019-01-04T15:56:44","date_gmt":"2019-01-04T18:56:44","guid":{"rendered":"http:\/\/vn-themes.com\/?p=500"},"modified":"2020-12-02T11:23:31","modified_gmt":"2020-12-02T14:23:31","slug":"brechos-o-mercado-de-segunda-mao-uma-alternativa-amiga-do-planeta","status":"publish","type":"post","link":"https:\/\/webjornalismo.unicap.br\/modaconsciente\/brechos-o-mercado-de-segunda-mao-uma-alternativa-amiga-do-planeta\/","title":{"rendered":"Brech\u00f3s, o mercado de segunda m\u00e3o: uma alternativa amiga do planeta"},"content":{"rendered":"\n<p>Os brech\u00f3s s\u00e3o uma das op\u00e7\u00f5es mais sustent\u00e1veis para estar na moda. Nos \u00faltimos anos, <a href=\"https:\/\/www.modefica.com.br\/mercado-roupas-segunda-mao\">o aumento significativo <\/a>das lojas de segunda m\u00e3o trouxe mais diversidade nos tipos de estabelecimento que v\u00e3o de desde grandes espa\u00e7os organizados como lojas de departamento at\u00e9 portinhas escondidas com curadorias a partir de um estilo ou \u00e9poca espec\u00edficos. Os ambientes e servi\u00e7os de troca que n\u00e3o envolvem dinheiro, nos quais a roupa \u00e9 a moeda, tamb\u00e9m aumentaram.<\/p>\n\n\n\n<p>A compra e venda de produtos usados se enquadra no que se chama de Economia Colaborativa. Segundo um estudo de agosto de 2018<strong> <\/strong>da CNDL\/SPC Brasil, 89% dos usu\u00e1rios sentem-se satisfeitos ou muito satisfeitos com as experi\u00eancias desse tipo de consumo.<\/p>\n\n\n\n<p>Mariana Monteiro (31) \u00e9 mestre em Design e graduada em Direito pela Universidade Federal de Pernambuco. Al\u00e9m disso, \u00e9 idealizadora do Ourela (<a rel=\"noreferrer noopener\" href=\"https:\/\/instagram.com\/sejaourela\" target=\"_blank\">@sejaourela<\/a>), que surgiu a partir do seu Trabalho de Conclus\u00e3o de Curso em Design, inicialmente, em 2016, como troca de roupas e, em 2017, tornando-se brech\u00f3. \u201cN\u00e3o existia nenhuma proposta como a minha no Recife. Vi o nicho e investi\u201d, disse Mariana. O Ourela fica numa casinha verde super charmosa, de n\u00famero 266, na Rua do Chacon, no Po\u00e7o da Panela.<\/p>\n\n\n\n<p><\/p>\n\n\n\n<div class=\"wp-block-image\"><figure class=\"aligncenter size-large is-resized\"><img loading=\"lazy\" src=\"https:\/\/webjornalismo.unicap.br\/modaconsciente\/wp-content\/uploads\/2019\/01\/AMC_OurelaBrecho_8nov19_55-1-683x1024.jpg\" alt=\"\" class=\"wp-image-5571\" width=\"378\" height=\"566\" srcset=\"https:\/\/webjornalismo.unicap.br\/modaconsciente\/wp-content\/uploads\/2019\/01\/AMC_OurelaBrecho_8nov19_55-1-683x1024.jpg 683w, https:\/\/webjornalismo.unicap.br\/modaconsciente\/wp-content\/uploads\/2019\/01\/AMC_OurelaBrecho_8nov19_55-1-200x300.jpg 200w, https:\/\/webjornalismo.unicap.br\/modaconsciente\/wp-content\/uploads\/2019\/01\/AMC_OurelaBrecho_8nov19_55-1-768x1152.jpg 768w, https:\/\/webjornalismo.unicap.br\/modaconsciente\/wp-content\/uploads\/2019\/01\/AMC_OurelaBrecho_8nov19_55-1-1024x1536.jpg 1024w, https:\/\/webjornalismo.unicap.br\/modaconsciente\/wp-content\/uploads\/2019\/01\/AMC_OurelaBrecho_8nov19_55-1-1365x2048.jpg 1365w, https:\/\/webjornalismo.unicap.br\/modaconsciente\/wp-content\/uploads\/2019\/01\/AMC_OurelaBrecho_8nov19_55-1-scaled.jpg 1707w\" sizes=\"(max-width: 378px) 100vw, 378px\" \/><figcaption><strong>Mariana Monteiro, dona do Ourela, o brech\u00f3 da Zona Norte do Recife<\/strong><br>Foto: arquivo pessoal\/divulga\u00e7\u00e3o<br><\/figcaption><\/figure><\/div>\n\n\n\n<p>Apesar de ser um neg\u00f3cio sustent\u00e1vel, tamb\u00e9m atende quem gosta de moda e n\u00e3o quer gastar tanto, principalmente nos tempos de crise. \u201cMeu maior desafio \u00e9 me comunicar com o cliente de forma que ele entenda que o objetivo \u00e9 a sustentabilidade\u201d, explica. \u201cAl\u00e9m disso, outros desafios s\u00e3o equilibrar as compras de roupas &#8211; j\u00e1 que o Ourela n\u00e3o \u00e9 de consigna\u00e7\u00e3o &#8211; e o estoque e os bazares s\u00e3o essenciais para as pe\u00e7as sa\u00edrem mais r\u00e1pido\u201d, complementa.<\/p>\n\n\n\n<p>Luis Henrique Bizerra (23) \u00e9 estudante de Jornalismo e come\u00e7ou a se interessar por brech\u00f3s atrav\u00e9s dos amigos que j\u00e1 visitavam os pontos de compras. Depois de muito adiar, por estar satisfeito com que o <em>fast fashion<\/em> oferecia, passou a se autoconhecer e deu uma chance para os brech\u00f3s. A partir dali ele, entendeu que gostava de v\u00e1rios estilos. \u201cMe apaixonei de primeira. Os brech\u00f3s tinham v\u00e1rias roupas e de v\u00e1rios estilos que estava me aventurando, al\u00e9m de oferecerem um pre\u00e7o excelente. Eles foram, de fato, o que me atra\u00edram inicialmente\u201d, disse.<\/p>\n\n\n\n<blockquote class=\"wp-block-quote\"><p>Quanto mais consumo de brech\u00f3 e bazar, mais vejo quanto o fast fashion \u00e9 exacerbado na produ\u00e7\u00e3o de mat\u00e9ria prima. Indo contra esse conceito, quanto mais usamos pe\u00e7as que j\u00e1 foram usadas de outras pessoas, no futuro ainda podemos passar para outras e ainda fazer as pe\u00e7as circularem. Na minha opini\u00e3o, al\u00e9m de a roupa trazer consigo uma hist\u00f3ria, traz tamb\u00e9m uma carga de consci\u00eancia de que estamos colaborando para a n\u00e3o contribui\u00e7\u00e3o da degrada\u00e7\u00e3o ambiental.<\/p><cite><strong>Luis Henrique Bizerra<\/strong><\/cite><\/blockquote>\n\n\n\n<p><\/p>\n\n\n\n<figure class=\"wp-block-gallery columns-3 is-cropped\"><ul class=\"blocks-gallery-grid\"><li class=\"blocks-gallery-item\"><figure><a href=\"https:\/\/webjornalismo.unicap.br\/modaconsciente\/wp-content\/uploads\/2019\/01\/WhatsApp-Image-2020-10-19-at-09.27.05.jpeg\"><img loading=\"lazy\" width=\"633\" height=\"1024\" src=\"https:\/\/webjornalismo.unicap.br\/modaconsciente\/wp-content\/uploads\/2019\/01\/WhatsApp-Image-2020-10-19-at-09.27.05.jpeg\" alt=\"\" data-id=\"5575\" data-full-url=\"https:\/\/webjornalismo.unicap.br\/modaconsciente\/wp-content\/uploads\/2019\/01\/WhatsApp-Image-2020-10-19-at-09.27.05.jpeg\" data-link=\"https:\/\/webjornalismo.unicap.br\/modaconsciente\/brechos-o-mercado-de-segunda-mao-uma-alternativa-amiga-do-planeta\/whatsapp-image-2020-10-19-at-09-27-05\/\" class=\"wp-image-5575\" srcset=\"https:\/\/webjornalismo.unicap.br\/modaconsciente\/wp-content\/uploads\/2019\/01\/WhatsApp-Image-2020-10-19-at-09.27.05.jpeg 633w, https:\/\/webjornalismo.unicap.br\/modaconsciente\/wp-content\/uploads\/2019\/01\/WhatsApp-Image-2020-10-19-at-09.27.05-480x776.jpeg 480w\" sizes=\"(min-width: 0px) and (max-width: 480px) 480px, (min-width: 481px) 633px, 100vw\" \/><\/a><\/figure><\/li><li class=\"blocks-gallery-item\"><figure><a href=\"https:\/\/webjornalismo.unicap.br\/modaconsciente\/wp-content\/uploads\/2019\/01\/WhatsApp-Image-2020-10-19-at-09.35.05.jpeg\"><img loading=\"lazy\" width=\"752\" height=\"1024\" src=\"https:\/\/webjornalismo.unicap.br\/modaconsciente\/wp-content\/uploads\/2019\/01\/WhatsApp-Image-2020-10-19-at-09.35.05.jpeg\" alt=\"\" data-id=\"5576\" data-full-url=\"https:\/\/webjornalismo.unicap.br\/modaconsciente\/wp-content\/uploads\/2019\/01\/WhatsApp-Image-2020-10-19-at-09.35.05.jpeg\" data-link=\"https:\/\/webjornalismo.unicap.br\/modaconsciente\/brechos-o-mercado-de-segunda-mao-uma-alternativa-amiga-do-planeta\/whatsapp-image-2020-10-19-at-09-35-05\/\" class=\"wp-image-5576\" srcset=\"https:\/\/webjornalismo.unicap.br\/modaconsciente\/wp-content\/uploads\/2019\/01\/WhatsApp-Image-2020-10-19-at-09.35.05.jpeg 752w, https:\/\/webjornalismo.unicap.br\/modaconsciente\/wp-content\/uploads\/2019\/01\/WhatsApp-Image-2020-10-19-at-09.35.05-480x654.jpeg 480w\" sizes=\"(min-width: 0px) and (max-width: 480px) 480px, (min-width: 481px) 752px, 100vw\" \/><\/a><\/figure><\/li><li class=\"blocks-gallery-item\"><figure><a href=\"https:\/\/webjornalismo.unicap.br\/modaconsciente\/wp-content\/uploads\/2019\/01\/WhatsApp-Image-2020-09-27-at-16.44.13.jpeg\"><img loading=\"lazy\" width=\"860\" height=\"1024\" src=\"https:\/\/webjornalismo.unicap.br\/modaconsciente\/wp-content\/uploads\/2019\/01\/WhatsApp-Image-2020-09-27-at-16.44.13.jpeg\" alt=\"\" data-id=\"5577\" data-full-url=\"https:\/\/webjornalismo.unicap.br\/modaconsciente\/wp-content\/uploads\/2019\/01\/WhatsApp-Image-2020-09-27-at-16.44.13.jpeg\" data-link=\"https:\/\/webjornalismo.unicap.br\/modaconsciente\/brechos-o-mercado-de-segunda-mao-uma-alternativa-amiga-do-planeta\/whatsapp-image-2020-09-27-at-16-44-13\/\" class=\"wp-image-5577\" srcset=\"https:\/\/webjornalismo.unicap.br\/modaconsciente\/wp-content\/uploads\/2019\/01\/WhatsApp-Image-2020-09-27-at-16.44.13.jpeg 860w, https:\/\/webjornalismo.unicap.br\/modaconsciente\/wp-content\/uploads\/2019\/01\/WhatsApp-Image-2020-09-27-at-16.44.13-480x572.jpeg 480w\" sizes=\"(min-width: 0px) and (max-width: 480px) 480px, (min-width: 481px) 860px, 100vw\" \/><\/a><\/figure><\/li><li class=\"blocks-gallery-item\"><figure><a href=\"https:\/\/webjornalismo.unicap.br\/modaconsciente\/wp-content\/uploads\/2019\/01\/WhatsApp-Image-2020-09-27-at-16.42.40.jpeg\"><img loading=\"lazy\" width=\"636\" height=\"1024\" src=\"https:\/\/webjornalismo.unicap.br\/modaconsciente\/wp-content\/uploads\/2019\/01\/WhatsApp-Image-2020-09-27-at-16.42.40.jpeg\" alt=\"\" data-id=\"5578\" data-full-url=\"https:\/\/webjornalismo.unicap.br\/modaconsciente\/wp-content\/uploads\/2019\/01\/WhatsApp-Image-2020-09-27-at-16.42.40.jpeg\" data-link=\"https:\/\/webjornalismo.unicap.br\/modaconsciente\/brechos-o-mercado-de-segunda-mao-uma-alternativa-amiga-do-planeta\/whatsapp-image-2020-09-27-at-16-42-40\/\" class=\"wp-image-5578\" srcset=\"https:\/\/webjornalismo.unicap.br\/modaconsciente\/wp-content\/uploads\/2019\/01\/WhatsApp-Image-2020-09-27-at-16.42.40.jpeg 636w, https:\/\/webjornalismo.unicap.br\/modaconsciente\/wp-content\/uploads\/2019\/01\/WhatsApp-Image-2020-09-27-at-16.42.40-480x773.jpeg 480w\" sizes=\"(min-width: 0px) and (max-width: 480px) 480px, (min-width: 481px) 636px, 100vw\" \/><\/a><\/figure><\/li><li class=\"blocks-gallery-item\"><figure><a href=\"https:\/\/webjornalismo.unicap.br\/modaconsciente\/wp-content\/uploads\/2019\/01\/WhatsApp-Image-2020-10-19-at-09.25.17-1.jpeg\"><img loading=\"lazy\" width=\"768\" height=\"1024\" src=\"https:\/\/webjornalismo.unicap.br\/modaconsciente\/wp-content\/uploads\/2019\/01\/WhatsApp-Image-2020-10-19-at-09.25.17-1.jpeg\" alt=\"\" data-id=\"5579\" data-full-url=\"https:\/\/webjornalismo.unicap.br\/modaconsciente\/wp-content\/uploads\/2019\/01\/WhatsApp-Image-2020-10-19-at-09.25.17-1.jpeg\" data-link=\"https:\/\/webjornalismo.unicap.br\/modaconsciente\/brechos-o-mercado-de-segunda-mao-uma-alternativa-amiga-do-planeta\/whatsapp-image-2020-10-19-at-09-25-17-1\/\" class=\"wp-image-5579\" srcset=\"https:\/\/webjornalismo.unicap.br\/modaconsciente\/wp-content\/uploads\/2019\/01\/WhatsApp-Image-2020-10-19-at-09.25.17-1.jpeg 768w, https:\/\/webjornalismo.unicap.br\/modaconsciente\/wp-content\/uploads\/2019\/01\/WhatsApp-Image-2020-10-19-at-09.25.17-1-480x640.jpeg 480w\" sizes=\"(min-width: 0px) and (max-width: 480px) 480px, (min-width: 481px) 768px, 100vw\" \/><\/a><\/figure><\/li><li class=\"blocks-gallery-item\"><figure><a href=\"https:\/\/webjornalismo.unicap.br\/modaconsciente\/wp-content\/uploads\/2019\/01\/WhatsApp-Image-2020-10-19-at-09.25.17.jpeg\"><img loading=\"lazy\" width=\"810\" height=\"1024\" src=\"https:\/\/webjornalismo.unicap.br\/modaconsciente\/wp-content\/uploads\/2019\/01\/WhatsApp-Image-2020-10-19-at-09.25.17.jpeg\" alt=\"\" data-id=\"5580\" data-full-url=\"https:\/\/webjornalismo.unicap.br\/modaconsciente\/wp-content\/uploads\/2019\/01\/WhatsApp-Image-2020-10-19-at-09.25.17.jpeg\" data-link=\"https:\/\/webjornalismo.unicap.br\/modaconsciente\/brechos-o-mercado-de-segunda-mao-uma-alternativa-amiga-do-planeta\/whatsapp-image-2020-10-19-at-09-25-17\/\" class=\"wp-image-5580\" srcset=\"https:\/\/webjornalismo.unicap.br\/modaconsciente\/wp-content\/uploads\/2019\/01\/WhatsApp-Image-2020-10-19-at-09.25.17.jpeg 810w, https:\/\/webjornalismo.unicap.br\/modaconsciente\/wp-content\/uploads\/2019\/01\/WhatsApp-Image-2020-10-19-at-09.25.17-480x607.jpeg 480w\" sizes=\"(min-width: 0px) and (max-width: 480px) 480px, (min-width: 481px) 810px, 100vw\" \/><\/a><\/figure><\/li><\/ul><figcaption class=\"blocks-gallery-caption\"><strong>Luis Henrique Bizerra produz looks e compartilha com os seguidores nas redes sociais<\/strong> <br>Fotos: arquivo pessoal\/divulga\u00e7\u00e3o<\/figcaption><\/figure>\n\n\n\n<p>Diante da pandemia do novo coronav\u00edrus, em abril de 2020, Juliane Guimar\u00e3es (30) se viu em um cen\u00e1rio com poucas oportunidades de emprego. Formada em Log\u00edstica e Administra\u00e7\u00e3o e atualmente cursando Direito, recebeu uma proposta para morar em Portugal e,<strong> <\/strong>com isso, surgiu a necessidade de desapegar, pois n\u00e3o tinha como viajar com tudo o que possu\u00eda. Come\u00e7ou o desapego pelo arm\u00e1rio. Roupas e acess\u00f3rios foram publicados em seu brech\u00f3 virtual no Instagram, o <a rel=\"noreferrer noopener\" href=\"https:\/\/www.instagram.com\/closetdajju\/\" target=\"_blank\">@closetdajju<\/a>.&nbsp;&nbsp;<\/p>\n\n\n\n<p>Moradora da cidade de Vit\u00f3ria de Santo Ant\u00e3o, Juliane j\u00e1 era cliente de alguns brech\u00f3s na capital pernambucana e resolveu contactar donas de brech\u00f3s, de quem\u00a0 recebeu muitas dicas. Juliane adaptou o que ouviu \u00e0 sua realidade de iniciante, sem fazer muito investimento. \u201cAs pessoas foram aderindo bem e as respostas vieram muito r\u00e1pido. As perguntas sobre variedades de pe\u00e7as e de numera\u00e7\u00e3o eram tantas que senti que daria certo montar o brech\u00f3\u201d, afirma. \u201cPercebi que a fronteira n\u00e3o ia abrir t\u00e3o cedo e que n\u00e3o conseguiria viajar mais esse ano. Precisei segurar o neg\u00f3cio para n\u00e3o ter que correr atr\u00e1s de outra renda at\u00e9 viajar\u201d, informa.<\/p>\n\n\n\n<p><\/p>\n\n\n\n<div class=\"wp-block-columns\">\n<div class=\"wp-block-column\">\n<div class=\"wp-block-image\"><figure class=\"aligncenter size-large is-resized\"><img loading=\"lazy\" src=\"https:\/\/webjornalismo.unicap.br\/modaconsciente\/wp-content\/uploads\/2019\/01\/WhatsApp-Image-2020-09-27-at-16.25.39-1024x760.jpeg\" alt=\"\" class=\"wp-image-5588\" width=\"595\" height=\"441\"\/><figcaption><strong>Juliane Guimar\u00e3es fazendo entregas das pe\u00e7as do brech\u00f3<\/strong><br>Foto: acervo pessoal\/divulga\u00e7\u00e3o<\/figcaption><\/figure><\/div>\n<\/div>\n<\/div>\n\n\n\n<p>O brech\u00f3 surgiu para Juliane tamb\u00e9m como terapia. Em um momento ca\u00f3tico no qual muitas pessoas sentiam-se \u201cpresas\u201d e sozinhas em casa, Juliane reinventou e foi no brech\u00f3 que encontrou a sa\u00edda. \u201cPassei a conhecer e a me interessar mais pela hist\u00f3ria da moda, a buscar refer\u00eancias, a me importar e a perceber que tenho ajudado de forma ativa o meio ambiente, al\u00e9m de obter a minha renda atrav\u00e9s dele\u201d, disse.<\/p>\n\n\n\n<p>No mapa abaixo voc\u00ea pode encontrar alguns brech\u00f3s da Regi\u00e3o Metropolitana do Recife. Confira: <\/p>\n\n\n\n<iframe loading=\"lazy\" src=\"https:\/\/www.google.com\/maps\/d\/u\/0\/embed?mid=1v2VIgUeYtxKoHR434CmKx9Ge82HDQE3m\" width=\"100%\" height=\"480\"><\/iframe>\n\n\n\n<p><\/p>\n\n\n\n<h1><strong>Bora empreender?<\/strong><\/h1>\n\n\n\n<p><\/p>\n\n\n\n<h2><strong>O que fazer para come\u00e7ar um brech\u00f3?<\/strong><\/h2>\n\n\n\n<p>Se voc\u00ea quer empreender no ramo dos neg\u00f3cios sustent\u00e1veis, especificamente um brech\u00f3, algumas dicas s\u00e3o primordiais. Ver\u00f4nica Ribeiro, gestora de Moda do Sebrae PE, explica pontos super importantes que devem ser preestabelecidos no processo.&nbsp;<\/p>\n\n\n\n<p class=\"has-medium-font-size\"><strong>&#8211; Planejar \u00e9 realmente importante?<\/strong><\/p>\n\n\n\n<p>Planejamento \u00e9 a palavra de ordem para iniciar um neg\u00f3cio e uma ferramenta importante \u00e9 o&nbsp; Business Model Canvas, mapa visual com nove blocos que permite desenvolver e idealizar modelos de neg\u00f3cios novos ou existentes. Mais do que ajudar a tirar a ideia do papel, o Canvas tamb\u00e9m \u00e9 \u00fatil para analisar e organizar os processos do neg\u00f3cio para uma tomada de decis\u00e3o.<\/p>\n\n\n\n<p>Confira alguns modelos:<\/p>\n\n\n\n<ul><li><a href=\"https:\/\/www.siteware.com.br\/metodologias\/modelo-canvas\/\" target=\"_blank\" rel=\"noreferrer noopener\">https:\/\/www.siteware.com.br\/metodologias\/modelo-canvas\/<\/a><\/li><li><a href=\"https:\/\/analistamodelosdenegocios.com.br\/modelo-plataforma-multilateral\/\" target=\"_blank\" rel=\"noreferrer noopener\">https:\/\/analistamodelosdenegocios.com.br\/modelo-plataforma-multilateral\/<\/a><\/li><li><a href=\"https:\/\/www.dicionariofinanceiro.com\/business-model-canvas\/\" target=\"_blank\" rel=\"noreferrer noopener\">https:\/\/www.dicionariofinanceiro.com\/business-model-canvas\/<\/a><\/li><li><a href=\"https:\/\/www.heflo.com\/pt-br\/gerenciar-negocios\/modelo-de-negocio-canvas-lean-startup\/\" target=\"_blank\" rel=\"noreferrer noopener\">https:\/\/www.heflo.com\/pt-br\/gerenciar-negocios\/modelo-de-negocio-canvas-lean-startup\/<\/a><\/li><\/ul>\n\n\n\n<p class=\"has-medium-font-size\"><strong>&#8211; Quais s\u00e3o as dicas primordiais para quem quer empreender?<\/strong><\/p>\n\n\n\n<ul><li>Ter conhecimento do mercado que se pretende atuar;<\/li><li>Ter identifica\u00e7\u00e3o com o neg\u00f3cio (gostar do que faz);<\/li><li>Realizar uma consultoria de viabilidade t\u00e9cnica e econ\u00f4mico-financeira;<\/li><li>Validar seu Modelo de Neg\u00f3cio;<\/li><li>Formalizar-se no momento certo;<\/li><li>Ter um Plano de Neg\u00f3cio definido para curto, m\u00e9dio e, se poss\u00edvel, longo prazos.<\/li><\/ul>\n\n\n\n<p class=\"has-medium-font-size\"><strong>&#8211; Quais os principais pontos a se considerar quando falamos sobre a localiza\u00e7\u00e3o de um brech\u00f3?<\/strong><\/p>\n\n\n\n<p>Mais importante do que a localiza\u00e7\u00e3o \u00e9 a escolha dos canais de comercializa\u00e7\u00e3o. Pode ter loja f\u00edsica, virtual ou comercializa\u00e7\u00e3o por rede social, por exemplo. \u00c9 muito importante saber quem \u00e9 o cliente . Escolher o segmento que o brech\u00f3 vai atender: feminino, masculino, infantil ou um p\u00fablico misto. Identificar tamb\u00e9m o tipo de p\u00fablico: popular ou mais exigente quanto \u00e0s marcas. Essas quest\u00f5es s\u00e3o fundamentais para a escolha do local onde ser\u00e1 instalado o ponto de venda.<\/p>\n\n\n\n<p>Na escolha do ponto comercial, \u00e9 importante levar em considera\u00e7\u00e3o aspectos como: h\u00e1bitos de consumo do p\u00fablico que se deseja atingir, a concorr\u00eancia, a proximidade de sua resid\u00eancia, se permite f\u00e1cil estacionamento, seguran\u00e7a, fluxo de pessoas, dentre outros.<\/p>\n\n\n\n<p class=\"has-medium-font-size\"><strong>&#8211; Quais os custos estimados para abrir um brech\u00f3?<\/strong><\/p>\n\n\n\n<p>\u00c9 preciso considerar os custos fixos:&nbsp; aluguel (se optar por loja f\u00edsica), condom\u00ednio (se for o caso), funcion\u00e1rios etc. Os custos vari\u00e1veis: \u00e1gua, luz, telefone, internet, etc. Al\u00e9m de investimentos com reformas, m\u00f3veis, araras, produtos a serem comercializados etc. Considerando que deve-se ter um capital inicial para fazer o neg\u00f3cio funcionar.<\/p>\n\n\n\n<p class=\"has-medium-font-size\"><strong>&#8211; Qual o impacto dos brech\u00f3s na economia local?<\/strong><\/p>\n\n\n\n<p>O crescimento do com\u00e9rcio de brech\u00f3s nos \u00faltimos anos deve-se, n\u00e3o somente pela oportunidade de comprar um bom produto por um valor muito mais acess\u00edvel, mas tamb\u00e9m pelo crescente interesse por pr\u00e1ticas sustent\u00e1veis e de p\u00f3s-consumo. Este cen\u00e1rio de oportunidades chama a aten\u00e7\u00e3o de quem quer empreender neste nicho de mercado e dos atuais empres\u00e1rios que desejam manter sua empresa sustent\u00e1vel e competitiva (Cartilha SEBRAE).<\/p>\n\n\n\n<p><\/p>\n\n\n\n<p><\/p>\n","protected":false},"excerpt":{"rendered":"<p>Se voc\u00ea quer empreender no ramo dos neg\u00f3cios sustent\u00e1veis, especificamente um brech\u00f3, algumas dicas s\u00e3o primordiais. Ver\u00f4nica Ribeiro, gestora de Moda do Sebrae PE, explica pontos super importantes que devem ser preestabelecidos no processo. <\/p>\n","protected":false},"author":2,"featured_media":5574,"comment_status":"open","ping_status":"closed","sticky":false,"template":"","format":"gallery","meta":{"_et_pb_use_builder":"","_et_pb_old_content":"","_et_gb_content_width":""},"categories":[16],"tags":[],"_links":{"self":[{"href":"https:\/\/webjornalismo.unicap.br\/modaconsciente\/wp-json\/wp\/v2\/posts\/500"}],"collection":[{"href":"https:\/\/webjornalismo.unicap.br\/modaconsciente\/wp-json\/wp\/v2\/posts"}],"about":[{"href":"https:\/\/webjornalismo.unicap.br\/modaconsciente\/wp-json\/wp\/v2\/types\/post"}],"author":[{"embeddable":true,"href":"https:\/\/webjornalismo.unicap.br\/modaconsciente\/wp-json\/wp\/v2\/users\/2"}],"replies":[{"embeddable":true,"href":"https:\/\/webjornalismo.unicap.br\/modaconsciente\/wp-json\/wp\/v2\/comments?post=500"}],"version-history":[{"count":38,"href":"https:\/\/webjornalismo.unicap.br\/modaconsciente\/wp-json\/wp\/v2\/posts\/500\/revisions"}],"predecessor-version":[{"id":6500,"href":"https:\/\/webjornalismo.unicap.br\/modaconsciente\/wp-json\/wp\/v2\/posts\/500\/revisions\/6500"}],"wp:featuredmedia":[{"embeddable":true,"href":"https:\/\/webjornalismo.unicap.br\/modaconsciente\/wp-json\/wp\/v2\/media\/5574"}],"wp:attachment":[{"href":"https:\/\/webjornalismo.unicap.br\/modaconsciente\/wp-json\/wp\/v2\/media?parent=500"}],"wp:term":[{"taxonomy":"category","embeddable":true,"href":"https:\/\/webjornalismo.unicap.br\/modaconsciente\/wp-json\/wp\/v2\/categories?post=500"},{"taxonomy":"post_tag","embeddable":true,"href":"https:\/\/webjornalismo.unicap.br\/modaconsciente\/wp-json\/wp\/v2\/tags?post=500"}],"curies":[{"name":"wp","href":"https:\/\/api.w.org\/{rel}","templated":true}]}}