{"id":498,"date":"2016-01-04T15:15:49","date_gmt":"2016-01-04T18:15:49","guid":{"rendered":"http:\/\/vn-themes.com\/?p=498"},"modified":"2020-12-02T11:11:39","modified_gmt":"2020-12-02T14:11:39","slug":"o-futuro-e-handmade","status":"publish","type":"post","link":"https:\/\/webjornalismo.unicap.br\/modaconsciente\/o-futuro-e-handmade\/","title":{"rendered":"Impactos da pandemia no consumo de moda"},"content":{"rendered":"\n<div class=\"wp-block-group\"><div class=\"wp-block-group__inner-container\">\n<p>As compras online cresceram 61% durante o isolamento social, segundo dados do&nbsp;estudo \u201cNovos h\u00e1bitos digitais em tempos de Covid-19\u201d, realizado pela Sociedade Brasileira de Varejo e Consumo (SBVC), em parceria com a Toluna. Al\u00e9m disso, os consumidores come\u00e7aram a pagar por meios digitais e afirmam que v\u00e3o seguir com essa pr\u00e1tica de compras no p\u00f3s-pandemia.<\/p>\n\n\n\n<p>Quando o com\u00e9rcio reabriu as portas para os servi\u00e7os n\u00e3o-essenciais, depois do per\u00edodo mais intenso do isolamento social, clientes de diversos pa\u00edses foram \u00e0s ruas e formaram filas em frente \u00e0s galerias de luxo. Na China, o primeiro dia da reabertura do com\u00e9rcio rendeu aproximadamente US$ 2,7 milh\u00f5es. J\u00e1 na Fran\u00e7a, por mais que houvesse o cuidado para n\u00e3o aglomerar, muitos consumidores esperaram em frente \u00e0s portas de grandes lojas como, por exemplo, a Louis Vuitton e a Herm\u00e8s.<\/p>\n\n\n\n<p><\/p>\n\n\n\n<figure class=\"wp-block-image size-large\"><img loading=\"lazy\" width=\"960\" height=\"640\" src=\"https:\/\/webjornalismo.unicap.br\/modaconsciente\/wp-content\/uploads\/2020\/11\/Loja-da-Louis-Vuitton-na-Franca-1224220161.jpeg\" alt=\"\" class=\"wp-image-5675\" srcset=\"https:\/\/webjornalismo.unicap.br\/modaconsciente\/wp-content\/uploads\/2020\/11\/Loja-da-Louis-Vuitton-na-Franca-1224220161.jpeg 960w, https:\/\/webjornalismo.unicap.br\/modaconsciente\/wp-content\/uploads\/2020\/11\/Loja-da-Louis-Vuitton-na-Franca-1224220161-480x320.jpeg 480w\" sizes=\"(min-width: 0px) and (max-width: 480px) 480px, (min-width: 481px) 960px, 100vw\" \/><figcaption><strong>Loja da Louis Vuitton na Fran\u00e7a em meio \u00e0 pandem<\/strong>ia<br>Foto: Stephane Cardinale\/corbis Via Getty Images\/reprodu\u00e7\u00e3o<\/figcaption><\/figure>\n\n\n\n<p>Em S\u00e3o Paulo e Bras\u00edlia, o primeiro dia tamb\u00e9m houve filas. O retorno massivo \u00e0s lojas \u00e9 reflexo do comportamento chin\u00eas chamado \u201cRevenge Buying\u201d, que busca compensar nas compras depois do per\u00edodo em que as pessoas estiveram reclusas sem poderem gastar. O conceito, que traduzido significa \u201cconsumo de vingan\u00e7a\u201d, ou \u201ccompra por vingan\u00e7a\u201d, surgiu em 1980, quando consumidores chineses puderam ter acesso \u00e0 compra de produtos provenientes de outros pa\u00edses quando estes ainda eram uma demanda restrita.&nbsp;<\/p>\n\n\n\n<p>La\u00eds Arcanjo (22), estudante de Jornalismo, antes da pandemia j\u00e1 tinha o costume de comprar online e em lojas no centro do Recife e se controlava bastante. No entanto, quando o per\u00edodo de isolamento social come\u00e7ou, ela achava que continuaria com o pensamento de ser mais regrada, mas aconteceu justamente o inverso. \u201cComprei muito mais durante a quarentena do que j\u00e1 havia comprado antes e todas as compras foram feitas atrav\u00e9s de sites. Comecei a seguir lojas locais, a acompanh\u00e1-las nas redes sociais e a consumir os produtos delas\u201d, expressa.\u00a0<\/p>\n\n\n\n<p><\/p>\n\n\n\n<figure class=\"wp-block-gallery columns-2 is-cropped\"><ul class=\"blocks-gallery-grid\"><li class=\"blocks-gallery-item\"><figure><img loading=\"lazy\" width=\"499\" height=\"1024\" src=\"https:\/\/webjornalismo.unicap.br\/modaconsciente\/wp-content\/uploads\/2016\/01\/WhatsApp-Image-2020-11-25-at-09.37.55-1-499x1024.jpeg\" alt=\"\" data-id=\"5696\" data-full-url=\"https:\/\/webjornalismo.unicap.br\/modaconsciente\/wp-content\/uploads\/2016\/01\/WhatsApp-Image-2020-11-25-at-09.37.55-1.jpeg\" data-link=\"https:\/\/webjornalismo.unicap.br\/modaconsciente\/o-futuro-e-handmade\/whatsapp-image-2020-11-25-at-09-37-55-1\/\" class=\"wp-image-5696\"\/><\/figure><\/li><li class=\"blocks-gallery-item\"><figure><img loading=\"lazy\" width=\"576\" height=\"1024\" src=\"https:\/\/webjornalismo.unicap.br\/modaconsciente\/wp-content\/uploads\/2016\/01\/WhatsApp-Image-2020-11-25-at-09.31.40-1-1-576x1024.jpeg\" alt=\"\" data-id=\"5695\" data-full-url=\"https:\/\/webjornalismo.unicap.br\/modaconsciente\/wp-content\/uploads\/2016\/01\/WhatsApp-Image-2020-11-25-at-09.31.40-1-1.jpeg\" data-link=\"https:\/\/webjornalismo.unicap.br\/modaconsciente\/o-futuro-e-handmade\/whatsapp-image-2020-11-25-at-09-31-40-1-2\/\" class=\"wp-image-5695\" srcset=\"https:\/\/webjornalismo.unicap.br\/modaconsciente\/wp-content\/uploads\/2016\/01\/WhatsApp-Image-2020-11-25-at-09.31.40-1-1-576x1024.jpeg 576w, https:\/\/webjornalismo.unicap.br\/modaconsciente\/wp-content\/uploads\/2016\/01\/WhatsApp-Image-2020-11-25-at-09.31.40-1-1-480x853.jpeg 480w\" sizes=\"(min-width: 0px) and (max-width: 480px) 480px, (min-width: 481px) 576px, 100vw\" \/><\/figure><\/li><\/ul><figcaption class=\"blocks-gallery-caption\">Foto: acervo pessoal \/ divulga\u00e7\u00e3o<\/figcaption><\/figure>\n\n\n\n<p>J\u00e1 Larissa Nunes (22), atriz e jornalista, afirma que, no primeiro semestre do ano, justamente no pico da pandemia, n\u00e3o comprou absolutamente nenhum artigo de moda. A partir do segundo semestre, comprou algumas pe\u00e7as de roupas porque sentiu necessidade de utiliz\u00e1-las para o trabalho e em um evento espec\u00edfico. \u201cNo total, foram seis pe\u00e7as. Sempre penso muito antes de comprar e, quando compro, penso se v\u00e3o servir para produ\u00e7\u00f5es futuras e fazer combina\u00e7\u00f5es diferentes. Al\u00e9m do mais, opto pelo conforto, qualidade e pre\u00e7o\u201d, declara.<\/p>\n\n\n\n<p><\/p>\n\n\n\n<figure class=\"wp-block-gallery columns-3 is-cropped\"><ul class=\"blocks-gallery-grid\"><li class=\"blocks-gallery-item\"><figure><img loading=\"lazy\" width=\"681\" height=\"1024\" src=\"https:\/\/webjornalismo.unicap.br\/modaconsciente\/wp-content\/uploads\/2016\/01\/WhatsApp-Image-2020-11-25-at-09.36.22-1-681x1024.jpeg\" alt=\"\" data-id=\"5677\" data-full-url=\"https:\/\/webjornalismo.unicap.br\/modaconsciente\/wp-content\/uploads\/2016\/01\/WhatsApp-Image-2020-11-25-at-09.36.22-1.jpeg\" data-link=\"https:\/\/webjornalismo.unicap.br\/modaconsciente\/o-futuro-e-handmade\/whatsapp-image-2020-11-25-at-09-36-22-1\/\" class=\"wp-image-5677\" srcset=\"https:\/\/webjornalismo.unicap.br\/modaconsciente\/wp-content\/uploads\/2016\/01\/WhatsApp-Image-2020-11-25-at-09.36.22-1-681x1024.jpeg 681w, https:\/\/webjornalismo.unicap.br\/modaconsciente\/wp-content\/uploads\/2016\/01\/WhatsApp-Image-2020-11-25-at-09.36.22-1-480x722.jpeg 480w\" sizes=\"(min-width: 0px) and (max-width: 480px) 480px, (min-width: 481px) 681px, 100vw\" \/><\/figure><\/li><li class=\"blocks-gallery-item\"><figure><img loading=\"lazy\" width=\"682\" height=\"1024\" src=\"https:\/\/webjornalismo.unicap.br\/modaconsciente\/wp-content\/uploads\/2016\/01\/WhatsApp-Image-2020-11-25-at-09.47.17-2-682x1024.jpeg\" alt=\"\" data-id=\"5687\" data-full-url=\"https:\/\/webjornalismo.unicap.br\/modaconsciente\/wp-content\/uploads\/2016\/01\/WhatsApp-Image-2020-11-25-at-09.47.17-2.jpeg\" data-link=\"https:\/\/webjornalismo.unicap.br\/modaconsciente\/o-futuro-e-handmade\/whatsapp-image-2020-11-25-at-09-47-17-2\/\" class=\"wp-image-5687\" srcset=\"https:\/\/webjornalismo.unicap.br\/modaconsciente\/wp-content\/uploads\/2016\/01\/WhatsApp-Image-2020-11-25-at-09.47.17-2-682x1024.jpeg 682w, https:\/\/webjornalismo.unicap.br\/modaconsciente\/wp-content\/uploads\/2016\/01\/WhatsApp-Image-2020-11-25-at-09.47.17-2-480x720.jpeg 480w\" sizes=\"(min-width: 0px) and (max-width: 480px) 480px, (min-width: 481px) 682px, 100vw\" \/><\/figure><\/li><li class=\"blocks-gallery-item\"><figure><img loading=\"lazy\" width=\"576\" height=\"1024\" src=\"https:\/\/webjornalismo.unicap.br\/modaconsciente\/wp-content\/uploads\/2016\/01\/WhatsApp-Image-2020-11-25-at-09.49.23-576x1024.jpeg\" alt=\"\" data-id=\"5686\" data-full-url=\"https:\/\/webjornalismo.unicap.br\/modaconsciente\/wp-content\/uploads\/2016\/01\/WhatsApp-Image-2020-11-25-at-09.49.23.jpeg\" data-link=\"https:\/\/webjornalismo.unicap.br\/modaconsciente\/o-futuro-e-handmade\/whatsapp-image-2020-11-25-at-09-49-23\/\" class=\"wp-image-5686\" srcset=\"https:\/\/webjornalismo.unicap.br\/modaconsciente\/wp-content\/uploads\/2016\/01\/WhatsApp-Image-2020-11-25-at-09.49.23-576x1024.jpeg 576w, https:\/\/webjornalismo.unicap.br\/modaconsciente\/wp-content\/uploads\/2016\/01\/WhatsApp-Image-2020-11-25-at-09.49.23-480x853.jpeg 480w\" sizes=\"(min-width: 0px) and (max-width: 480px) 480px, (min-width: 481px) 576px, 100vw\" \/><\/figure><\/li><\/ul><figcaption class=\"blocks-gallery-caption\">Foto: acervo pessoal \/ divulga\u00e7\u00e3o<\/figcaption><\/figure>\n\n\n\n<p>Com a chegada imposta do isolamento social, o comportamento do consumidor mudou e a tend\u00eancia do conforto consolidou-se ainda mais. O mercado de moda tem investido crescentemente em pe\u00e7as multifuncionais, que s\u00e3o adequadas para videoconfer\u00eancias mas, tamb\u00e9m, para deitar no sof\u00e1, que aliam o conforto e a praticidade sem deixar o charme de lado.&nbsp;<\/p>\n\n\n\n<p><\/p>\n\n\n\n<div class=\"wp-block-image is-style-rounded\"><figure class=\"alignleft size-thumbnail\"><img loading=\"lazy\" width=\"150\" height=\"150\" src=\"https:\/\/webjornalismo.unicap.br\/modaconsciente\/wp-content\/uploads\/2016\/01\/WhatsApp-Image-2020-10-15-at-22.03.18-150x150.jpeg\" alt=\"\" class=\"wp-image-5699\"\/><figcaption><strong>Annely Alves (23),<\/strong><br><strong>estudante de Direito<\/strong>.<\/figcaption><\/figure><\/div>\n\n\n\n<p class=\"has-text-align-right\">\u201cNos primeiros dias do isolamento social, estava meio largada. Passadas algumas&nbsp; semanas, senti falta daquele ritual do dia a dia e passei a me arrumar mais. At\u00e9 hoje sigo o meu ritual sagrado. Acordo, tomo um banho e me arrumo. Coloco uma roupa confort\u00e1vel e bonita, acess\u00f3rios, ajeito o cabelo e me perfumo. Acredito que ajuda na produtividade e o c\u00e9rebro sai do \u2018modo casa\u2019 para o \u2018modo trabalho\/estudo\u2019\u201d. <\/p>\n\n\n\n<p class=\"has-text-align-right\"><\/p>\n\n\n\n<div class=\"wp-block-image is-style-rounded\"><figure class=\"alignright size-thumbnail\"><img loading=\"lazy\" width=\"150\" height=\"150\" src=\"https:\/\/webjornalismo.unicap.br\/modaconsciente\/wp-content\/uploads\/2016\/01\/WhatsApp-Image-2020-11-25-at-10.15.28-150x150.jpeg\" alt=\"\" class=\"wp-image-5708\"\/><figcaption><strong>Karolayne Santos (17), <br>estudante de T\u00e9cnico em Enfermagem.&nbsp;<\/strong><\/figcaption><\/figure><\/div>\n\n\n\n<p><\/p>\n\n\n\n<p>\u201cComo n\u00e3o sa\u00eda, acabei n\u00e3o me arrumando muito, mas tamb\u00e9m n\u00e3o fiquei s\u00f3 de pijama. Decidi investir nos shorts e regatas porque s\u00e3o confort\u00e1veis e tamb\u00e9m s\u00e3o pe\u00e7as que me fazem sentir mais arrumada mesmo dentro de casa\u201d.<\/p>\n\n\n\n<p><\/p>\n\n\n\n<p><\/p>\n\n\n\n<p>Um dos sites de <em>fast fashion<\/em> internacional que vem fazendo sucesso \u00e9 a empresa chinesa, Shein, que est\u00e1 ganhando o cora\u00e7\u00e3o de youtubers e influenciadores digitais. S\u00f3 no YouTube s\u00e3o v\u00e1rios v\u00eddeos comentando a respeito do caimento, qualidade, pre\u00e7o baixo, entrega e se a compra \u00e9 confi\u00e1vel. Muitos afirmam que a compra at\u00e9 chega, mas demora e tem risco de ser taxada.<\/p>\n\n\n\n<p><\/p>\n<\/div><\/div>\n\n\n\n<figure class=\"wp-block-gallery columns-3 is-cropped\"><ul class=\"blocks-gallery-grid\"><li class=\"blocks-gallery-item\"><figure><img loading=\"lazy\" width=\"750\" height=\"527\" src=\"https:\/\/webjornalismo.unicap.br\/modaconsciente\/wp-content\/uploads\/2016\/01\/WhatsApp-Image-2020-11-25-at-09.23.57.jpeg\" alt=\"\" data-id=\"5670\" data-full-url=\"https:\/\/webjornalismo.unicap.br\/modaconsciente\/wp-content\/uploads\/2016\/01\/WhatsApp-Image-2020-11-25-at-09.23.57.jpeg\" data-link=\"https:\/\/webjornalismo.unicap.br\/modaconsciente\/o-futuro-e-handmade\/whatsapp-image-2020-11-25-at-09-23-57\/\" class=\"wp-image-5670\" srcset=\"https:\/\/webjornalismo.unicap.br\/modaconsciente\/wp-content\/uploads\/2016\/01\/WhatsApp-Image-2020-11-25-at-09.23.57.jpeg 750w, https:\/\/webjornalismo.unicap.br\/modaconsciente\/wp-content\/uploads\/2016\/01\/WhatsApp-Image-2020-11-25-at-09.23.57-480x337.jpeg 480w\" sizes=\"(min-width: 0px) and (max-width: 480px) 480px, (min-width: 481px) 750px, 100vw\" \/><\/figure><\/li><li class=\"blocks-gallery-item\"><figure><img loading=\"lazy\" width=\"750\" height=\"527\" src=\"https:\/\/webjornalismo.unicap.br\/modaconsciente\/wp-content\/uploads\/2016\/01\/WhatsApp-Image-2020-11-25-at-09.23.56-1.jpeg\" alt=\"\" data-id=\"5671\" data-full-url=\"https:\/\/webjornalismo.unicap.br\/modaconsciente\/wp-content\/uploads\/2016\/01\/WhatsApp-Image-2020-11-25-at-09.23.56-1.jpeg\" data-link=\"https:\/\/webjornalismo.unicap.br\/modaconsciente\/o-futuro-e-handmade\/whatsapp-image-2020-11-25-at-09-23-56-1\/\" class=\"wp-image-5671\" srcset=\"https:\/\/webjornalismo.unicap.br\/modaconsciente\/wp-content\/uploads\/2016\/01\/WhatsApp-Image-2020-11-25-at-09.23.56-1.jpeg 750w, https:\/\/webjornalismo.unicap.br\/modaconsciente\/wp-content\/uploads\/2016\/01\/WhatsApp-Image-2020-11-25-at-09.23.56-1-480x337.jpeg 480w\" sizes=\"(min-width: 0px) and (max-width: 480px) 480px, (min-width: 481px) 750px, 100vw\" \/><\/figure><\/li><li class=\"blocks-gallery-item\"><figure><img loading=\"lazy\" width=\"750\" height=\"526\" src=\"https:\/\/webjornalismo.unicap.br\/modaconsciente\/wp-content\/uploads\/2016\/01\/WhatsApp-Image-2020-11-25-at-09.23.56.jpeg\" alt=\"\" data-id=\"5672\" data-full-url=\"https:\/\/webjornalismo.unicap.br\/modaconsciente\/wp-content\/uploads\/2016\/01\/WhatsApp-Image-2020-11-25-at-09.23.56.jpeg\" data-link=\"https:\/\/webjornalismo.unicap.br\/modaconsciente\/o-futuro-e-handmade\/whatsapp-image-2020-11-25-at-09-23-56\/\" class=\"wp-image-5672\" srcset=\"https:\/\/webjornalismo.unicap.br\/modaconsciente\/wp-content\/uploads\/2016\/01\/WhatsApp-Image-2020-11-25-at-09.23.56.jpeg 750w, https:\/\/webjornalismo.unicap.br\/modaconsciente\/wp-content\/uploads\/2016\/01\/WhatsApp-Image-2020-11-25-at-09.23.56-480x337.jpeg 480w\" sizes=\"(min-width: 0px) and (max-width: 480px) 480px, (min-width: 481px) 750px, 100vw\" \/><\/figure><\/li><\/ul><figcaption class=\"blocks-gallery-caption\">Imagens: reprodu\u00e7\u00e3o YouTube<\/figcaption><\/figure>\n\n\n\n<p>A professora e consultora em Neg\u00f3cios de Moda, Karina Fernandes, diz que alta de compras em sites chineses se d\u00e1, principalmente, porque na pandemia as redes sociais foram as mediadoras da comunica\u00e7\u00e3o entre todos. &#8220;Os jovens passaram a ficar ainda mais ligados nas tend\u00eancias e, vendo os influenciadores dizendo que tiveram experi\u00eancias positivas, quiseram experimentar para dizer se realmente funciona. E, claro, o pre\u00e7o \u00e9 bastante convidativo&#8221;, alega. <\/p>\n\n\n\n<p><\/p>\n\n\n\n<p><\/p>\n","protected":false},"excerpt":{"rendered":"<p>A professora e consultora em Neg\u00f3cios de Moda, Karina Fernandes, diz que alta de compras em sites chineses se d\u00e1, principalmente, porque na pandemia as redes sociais foram as mediadoras da comunica\u00e7\u00e3o entre todos. &#8220;Os jovens passaram a ficar ainda mais ligados nas tend\u00eancias e, vendo os influenciadores dizendo que tiveram experi\u00eancias positivas, quiseram experimentar [&hellip;]<\/p>\n","protected":false},"author":2,"featured_media":6151,"comment_status":"open","ping_status":"closed","sticky":false,"template":"","format":"video","meta":{"_et_pb_use_builder":"","_et_pb_old_content":"","_et_gb_content_width":""},"categories":[20],"tags":[],"_links":{"self":[{"href":"https:\/\/webjornalismo.unicap.br\/modaconsciente\/wp-json\/wp\/v2\/posts\/498"}],"collection":[{"href":"https:\/\/webjornalismo.unicap.br\/modaconsciente\/wp-json\/wp\/v2\/posts"}],"about":[{"href":"https:\/\/webjornalismo.unicap.br\/modaconsciente\/wp-json\/wp\/v2\/types\/post"}],"author":[{"embeddable":true,"href":"https:\/\/webjornalismo.unicap.br\/modaconsciente\/wp-json\/wp\/v2\/users\/2"}],"replies":[{"embeddable":true,"href":"https:\/\/webjornalismo.unicap.br\/modaconsciente\/wp-json\/wp\/v2\/comments?post=498"}],"version-history":[{"count":35,"href":"https:\/\/webjornalismo.unicap.br\/modaconsciente\/wp-json\/wp\/v2\/posts\/498\/revisions"}],"predecessor-version":[{"id":6486,"href":"https:\/\/webjornalismo.unicap.br\/modaconsciente\/wp-json\/wp\/v2\/posts\/498\/revisions\/6486"}],"wp:featuredmedia":[{"embeddable":true,"href":"https:\/\/webjornalismo.unicap.br\/modaconsciente\/wp-json\/wp\/v2\/media\/6151"}],"wp:attachment":[{"href":"https:\/\/webjornalismo.unicap.br\/modaconsciente\/wp-json\/wp\/v2\/media?parent=498"}],"wp:term":[{"taxonomy":"category","embeddable":true,"href":"https:\/\/webjornalismo.unicap.br\/modaconsciente\/wp-json\/wp\/v2\/categories?post=498"},{"taxonomy":"post_tag","embeddable":true,"href":"https:\/\/webjornalismo.unicap.br\/modaconsciente\/wp-json\/wp\/v2\/tags?post=498"}],"curies":[{"name":"wp","href":"https:\/\/api.w.org\/{rel}","templated":true}]}}