{"id":260,"date":"2015-12-20T01:55:45","date_gmt":"2015-12-20T04:55:45","guid":{"rendered":"http:\/\/vn-themes.com\/?p=260"},"modified":"2021-05-18T10:20:58","modified_gmt":"2021-05-18T13:20:58","slug":"como-nascem-as-tendencias","status":"publish","type":"post","link":"https:\/\/webjornalismo.unicap.br\/modaconsciente\/como-nascem-as-tendencias\/","title":{"rendered":"Sustentabilidade em pauta: uma reflex\u00e3o sobre moda"},"content":{"rendered":"[et_pb_section admin_label=&#8221;section&#8221;]\n\t\t\t[et_pb_row admin_label=&#8221;row&#8221;]\n\t\t\t\t[et_pb_column type=&#8221;4_4&#8243;][et_pb_text admin_label=&#8221;Text&#8221;]\n<p>Entrevistamos a professora doutora do Departamento de Design de Moda e P\u00f3s Gradua\u00e7\u00e3o em Design da Universidade Federal de Pernambuco (UFPE), Simone Barros, sobre sustentabilidade na moda em v\u00e1rios aspectos.<\/p>\n\n\n\n<p>Confira o v\u00eddeo:<\/p>\n\n\n\n<figure class=\"wp-block-embed-youtube wp-block-embed is-type-video is-provider-youtube wp-embed-aspect-16-9 wp-has-aspect-ratio\"><div class=\"wp-block-embed__wrapper\">\n<iframe loading=\"lazy\" title=\"Entrevista com Simone Barros sobre sustentabilidade na moda\" width=\"1080\" height=\"608\" src=\"https:\/\/www.youtube.com\/embed\/niumr6TE2vM?feature=oembed\" frameborder=\"0\" allow=\"accelerometer; autoplay; clipboard-write; encrypted-media; gyroscope; picture-in-picture\" allowfullscreen><\/iframe>\n<\/div><\/figure>\n\n\n\n<p><\/p>\n\n\n\n<p><\/p>\n\n\n\n<p><\/p>\n[\/et_pb_text][\/et_pb_column]\n\t\t\t[\/et_pb_row]\n\t\t[\/et_pb_section]","protected":false},"excerpt":{"rendered":"<p>[et_pb_section admin_label=&#8221;section&#8221;] [et_pb_row admin_label=&#8221;row&#8221;] [et_pb_column type=&#8221;4_4&#8243;][et_pb_text admin_label=&#8221;Text&#8221;] Entrevistamos a professora doutora do Departamento de Design de Moda e P\u00f3s Gradua\u00e7\u00e3o em Design da Universidade Federal de Pernambuco (UFPE), Simone Barros, sobre sustentabilidade na moda em v\u00e1rios aspectos. Confira o v\u00eddeo: [\/et_pb_text][\/et_pb_column] [\/et_pb_row] [\/et_pb_section]<\/p>\n","protected":false},"author":2,"featured_media":5927,"comment_status":"open","ping_status":"closed","sticky":false,"template":"","format":"audio","meta":{"_et_pb_use_builder":"on","_et_pb_old_content":"<!-- wp:paragraph -->\n<p>Entrevistamos a professora doutora do Departamento de Design de Moda e P\u00f3s Gradua\u00e7\u00e3o em Design da Universidade Federal de Pernambuco (UFPE), Simone Barros, sobre sustentabilidade na moda em v\u00e1rios aspectos.<\/p>\n<!-- \/wp:paragraph -->\n\n<!-- wp:paragraph -->\n<p>Confira o v\u00eddeo:<\/p>\n<!-- \/wp:paragraph -->\n\n<!-- wp:core-embed\/youtube {\"url\":\"https:\/\/youtu.be\/niumr6TE2vM\",\"type\":\"video\",\"providerNameSlug\":\"youtube\",\"className\":\"wp-embed-aspect-16-9 wp-has-aspect-ratio\"} -->\n<figure class=\"wp-block-embed-youtube wp-block-embed is-type-video is-provider-youtube wp-embed-aspect-16-9 wp-has-aspect-ratio\"><div class=\"wp-block-embed__wrapper\">\nhttps:\/\/youtu.be\/niumr6TE2vM\n<\/div><\/figure>\n<!-- \/wp:core-embed\/youtube -->\n\n<!-- wp:paragraph -->\n<p><\/p>\n<!-- \/wp:paragraph -->\n\n<!-- wp:paragraph -->\n<p><\/p>\n<!-- \/wp:paragraph -->\n\n<!-- wp:paragraph -->\n<p><\/p>\n<!-- \/wp:paragraph -->","_et_gb_content_width":""},"categories":[20],"tags":[],"_links":{"self":[{"href":"https:\/\/webjornalismo.unicap.br\/modaconsciente\/wp-json\/wp\/v2\/posts\/260"}],"collection":[{"href":"https:\/\/webjornalismo.unicap.br\/modaconsciente\/wp-json\/wp\/v2\/posts"}],"about":[{"href":"https:\/\/webjornalismo.unicap.br\/modaconsciente\/wp-json\/wp\/v2\/types\/post"}],"author":[{"embeddable":true,"href":"https:\/\/webjornalismo.unicap.br\/modaconsciente\/wp-json\/wp\/v2\/users\/2"}],"replies":[{"embeddable":true,"href":"https:\/\/webjornalismo.unicap.br\/modaconsciente\/wp-json\/wp\/v2\/comments?post=260"}],"version-history":[{"count":17,"href":"https:\/\/webjornalismo.unicap.br\/modaconsciente\/wp-json\/wp\/v2\/posts\/260\/revisions"}],"predecessor-version":[{"id":6593,"href":"https:\/\/webjornalismo.unicap.br\/modaconsciente\/wp-json\/wp\/v2\/posts\/260\/revisions\/6593"}],"wp:featuredmedia":[{"embeddable":true,"href":"https:\/\/webjornalismo.unicap.br\/modaconsciente\/wp-json\/wp\/v2\/media\/5927"}],"wp:attachment":[{"href":"https:\/\/webjornalismo.unicap.br\/modaconsciente\/wp-json\/wp\/v2\/media?parent=260"}],"wp:term":[{"taxonomy":"category","embeddable":true,"href":"https:\/\/webjornalismo.unicap.br\/modaconsciente\/wp-json\/wp\/v2\/categories?post=260"},{"taxonomy":"post_tag","embeddable":true,"href":"https:\/\/webjornalismo.unicap.br\/modaconsciente\/wp-json\/wp\/v2\/tags?post=260"}],"curies":[{"name":"wp","href":"https:\/\/api.w.org\/{rel}","templated":true}]}}