{"id":250,"date":"2015-12-19T17:53:51","date_gmt":"2015-12-19T20:53:51","guid":{"rendered":"http:\/\/vn-themes.com\/?p=250"},"modified":"2020-12-02T11:10:51","modified_gmt":"2020-12-02T14:10:51","slug":"inversa-cosmeticos","status":"publish","type":"post","link":"https:\/\/webjornalismo.unicap.br\/modaconsciente\/inversa-cosmeticos\/","title":{"rendered":"Inversa cosm\u00e9ticos: uma marca colorida, natural e ambientalmente respons\u00e1vel"},"content":{"rendered":"\n<p>A pernambucana Gabriela Souza (24) sempre quis trabalhar com algo que amasse. Tentou ser maquiadora, vendedora de bijuterias e la\u00e7os, fot\u00f3grafa, fez curso de maquiagem profissional, de design gr\u00e1fico, de cabeleireira e de pintura. Tamb\u00e9m formou-se em Design de Moda. Por\u00e9m, desistiu de tudo.<\/p>\n\n\n\n<p>Ap\u00f3s a conclus\u00e3o do curso de Moda, Gabriela passou um tempo desempregada. Entregou curr\u00edculos para os shoppings da Regi\u00e3o Metropolitana do Recife, mas n\u00e3o foi chamada para nenhuma entrevista de emprego.&nbsp;<\/p>\n\n\n\n<p>Em 2015, Gabriela descoloria os pr\u00f3prios cabelos e, consequentemente, precisava cuidar ainda mais deles. Foi ent\u00e3o que ela come\u00e7ou buscar conhecimentos por meio de livros e na internet a fim de criar uma f\u00f3rmula pr\u00f3pria. \u201cTestei muitas vezes at\u00e9 chegar na f\u00f3rmula que considerasse adequada. Diante de tantas pinturas, as pessoas viam meu cabelo saud\u00e1vel e ficavam me pedindo a receita. Por isso, decidi vender a m\u00e1scara capilar e logo a empresa tomou uma grande propor\u00e7\u00e3o\u201d, declara.<\/p>\n\n\n\n<p><\/p>\n\n\n\n<figure class=\"wp-block-gallery columns-3 is-cropped\"><ul class=\"blocks-gallery-grid\"><li class=\"blocks-gallery-item\"><figure><img loading=\"lazy\" width=\"750\" height=\"923\" src=\"https:\/\/webjornalismo.unicap.br\/modaconsciente\/wp-content\/uploads\/2015\/12\/IMG-4205.jpg\" alt=\"\" data-id=\"6228\" data-full-url=\"https:\/\/webjornalismo.unicap.br\/modaconsciente\/wp-content\/uploads\/2015\/12\/IMG-4205.jpg\" data-link=\"https:\/\/webjornalismo.unicap.br\/modaconsciente\/inversa-cosmeticos\/img-4205\/\" class=\"wp-image-6228\" srcset=\"https:\/\/webjornalismo.unicap.br\/modaconsciente\/wp-content\/uploads\/2015\/12\/IMG-4205.jpg 750w, https:\/\/webjornalismo.unicap.br\/modaconsciente\/wp-content\/uploads\/2015\/12\/IMG-4205-480x591.jpg 480w\" sizes=\"(min-width: 0px) and (max-width: 480px) 480px, (min-width: 481px) 750px, 100vw\" \/><\/figure><\/li><li class=\"blocks-gallery-item\"><figure><img loading=\"lazy\" width=\"750\" height=\"729\" src=\"https:\/\/webjornalismo.unicap.br\/modaconsciente\/wp-content\/uploads\/2015\/12\/IMG-4209.jpg\" alt=\"\" data-id=\"6226\" data-full-url=\"https:\/\/webjornalismo.unicap.br\/modaconsciente\/wp-content\/uploads\/2015\/12\/IMG-4209.jpg\" data-link=\"https:\/\/webjornalismo.unicap.br\/modaconsciente\/inversa-cosmeticos\/img-4209\/\" class=\"wp-image-6226\" srcset=\"https:\/\/webjornalismo.unicap.br\/modaconsciente\/wp-content\/uploads\/2015\/12\/IMG-4209.jpg 750w, https:\/\/webjornalismo.unicap.br\/modaconsciente\/wp-content\/uploads\/2015\/12\/IMG-4209-480x467.jpg 480w\" sizes=\"(min-width: 0px) and (max-width: 480px) 480px, (min-width: 481px) 750px, 100vw\" \/><\/figure><\/li><li class=\"blocks-gallery-item\"><figure><img loading=\"lazy\" width=\"750\" height=\"925\" src=\"https:\/\/webjornalismo.unicap.br\/modaconsciente\/wp-content\/uploads\/2015\/12\/IMG-4206.jpg\" alt=\"\" data-id=\"6229\" data-full-url=\"https:\/\/webjornalismo.unicap.br\/modaconsciente\/wp-content\/uploads\/2015\/12\/IMG-4206.jpg\" data-link=\"https:\/\/webjornalismo.unicap.br\/modaconsciente\/inversa-cosmeticos\/img-4206\/\" class=\"wp-image-6229\" srcset=\"https:\/\/webjornalismo.unicap.br\/modaconsciente\/wp-content\/uploads\/2015\/12\/IMG-4206.jpg 750w, https:\/\/webjornalismo.unicap.br\/modaconsciente\/wp-content\/uploads\/2015\/12\/IMG-4206-480x592.jpg 480w\" sizes=\"(min-width: 0px) and (max-width: 480px) 480px, (min-width: 481px) 750px, 100vw\" \/><\/figure><\/li><li class=\"blocks-gallery-item\"><figure><img loading=\"lazy\" width=\"750\" height=\"576\" src=\"https:\/\/webjornalismo.unicap.br\/modaconsciente\/wp-content\/uploads\/2015\/12\/IMG-4210.jpg\" alt=\"\" data-id=\"6225\" data-full-url=\"https:\/\/webjornalismo.unicap.br\/modaconsciente\/wp-content\/uploads\/2015\/12\/IMG-4210.jpg\" data-link=\"https:\/\/webjornalismo.unicap.br\/modaconsciente\/inversa-cosmeticos\/img-4210\/\" class=\"wp-image-6225\" srcset=\"https:\/\/webjornalismo.unicap.br\/modaconsciente\/wp-content\/uploads\/2015\/12\/IMG-4210.jpg 750w, https:\/\/webjornalismo.unicap.br\/modaconsciente\/wp-content\/uploads\/2015\/12\/IMG-4210-480x369.jpg 480w\" sizes=\"(min-width: 0px) and (max-width: 480px) 480px, (min-width: 481px) 750px, 100vw\" \/><\/figure><\/li><li class=\"blocks-gallery-item\"><figure><img loading=\"lazy\" width=\"750\" height=\"737\" src=\"https:\/\/webjornalismo.unicap.br\/modaconsciente\/wp-content\/uploads\/2015\/12\/IMG-4208.jpg\" alt=\"\" data-id=\"6227\" data-full-url=\"https:\/\/webjornalismo.unicap.br\/modaconsciente\/wp-content\/uploads\/2015\/12\/IMG-4208.jpg\" data-link=\"https:\/\/webjornalismo.unicap.br\/modaconsciente\/inversa-cosmeticos\/img-4208\/\" class=\"wp-image-6227\" srcset=\"https:\/\/webjornalismo.unicap.br\/modaconsciente\/wp-content\/uploads\/2015\/12\/IMG-4208.jpg 750w, https:\/\/webjornalismo.unicap.br\/modaconsciente\/wp-content\/uploads\/2015\/12\/IMG-4208-480x472.jpg 480w\" sizes=\"(min-width: 0px) and (max-width: 480px) 480px, (min-width: 481px) 750px, 100vw\" \/><\/figure><\/li><\/ul><figcaption class=\"blocks-gallery-caption\"><strong>Alguns dos v\u00e1rios cabelos coloridos de Gabriela<\/strong><br>Fotos: acervo pessoal\/divulga\u00e7\u00e3o<\/figcaption><\/figure>\n\n\n\n<p>Dois anos depois, em 2017, nasceu a Inversa Cosm\u00e9ticos. Os produtos s\u00e3o feitos em S\u00e3o Louren\u00e7o da Mata, na Regi\u00e3o Metropolitana do Recife, sendo, posteriormente, vendidos pela internet. \u201c\u00c9 um processo criativo meu, e o que eu mais amo, realmente, \u00e9 a cria\u00e7\u00e3o. \u00c9 maravilhoso pensar em cada detalhe de como vai ser o produto, a embalagem, as fotos do editorial\u201d, afirma.<\/p>\n\n\n\n<p>Atrav\u00e9s do Instagram, a clientela comprava e divulgava a\u00a0 m\u00e1scara, que possui um nome criativo: Cabelos de Sereia. Como Gabriela j\u00e1 havia feito um curso b\u00e1sico de fotografia, atrav\u00e9s de uma c\u00e2mera emprestada por um amigo, ela tirava as imagens produzidas para ajudar nas vendas na rede social <a rel=\"noreferrer noopener\" href=\"https:\/\/www.instagram.com\/inversacosmeticos\/\" data-type=\"URL\" data-id=\"https:\/\/www.instagram.com\/inversacosmeticos\/\" target=\"_blank\">@inversacosmeticos<\/a>.\u00a0<\/p>\n\n\n\n<p><\/p>\n\n\n\n<figure class=\"wp-block-gallery columns-2 is-cropped\"><ul class=\"blocks-gallery-grid\"><li class=\"blocks-gallery-item\"><figure><img loading=\"lazy\" width=\"750\" height=\"731\" src=\"https:\/\/webjornalismo.unicap.br\/modaconsciente\/wp-content\/uploads\/2015\/12\/IMG-4212.jpg\" alt=\"\" data-id=\"6232\" data-full-url=\"https:\/\/webjornalismo.unicap.br\/modaconsciente\/wp-content\/uploads\/2015\/12\/IMG-4212.jpg\" data-link=\"https:\/\/webjornalismo.unicap.br\/modaconsciente\/inversa-cosmeticos\/img-4212\/\" class=\"wp-image-6232\" srcset=\"https:\/\/webjornalismo.unicap.br\/modaconsciente\/wp-content\/uploads\/2015\/12\/IMG-4212.jpg 750w, https:\/\/webjornalismo.unicap.br\/modaconsciente\/wp-content\/uploads\/2015\/12\/IMG-4212-480x468.jpg 480w\" sizes=\"(min-width: 0px) and (max-width: 480px) 480px, (min-width: 481px) 750px, 100vw\" \/><\/figure><\/li><li class=\"blocks-gallery-item\"><figure><img loading=\"lazy\" width=\"750\" height=\"731\" src=\"https:\/\/webjornalismo.unicap.br\/modaconsciente\/wp-content\/uploads\/2015\/12\/IMG-4211-1.jpg\" alt=\"\" data-id=\"6233\" data-full-url=\"https:\/\/webjornalismo.unicap.br\/modaconsciente\/wp-content\/uploads\/2015\/12\/IMG-4211-1.jpg\" data-link=\"https:\/\/webjornalismo.unicap.br\/modaconsciente\/inversa-cosmeticos\/img-4211-1\/\" class=\"wp-image-6233\" srcset=\"https:\/\/webjornalismo.unicap.br\/modaconsciente\/wp-content\/uploads\/2015\/12\/IMG-4211-1.jpg 750w, https:\/\/webjornalismo.unicap.br\/modaconsciente\/wp-content\/uploads\/2015\/12\/IMG-4211-1-480x468.jpg 480w\" sizes=\"(min-width: 0px) and (max-width: 480px) 480px, (min-width: 481px) 750px, 100vw\" \/><\/figure><\/li><\/ul><figcaption class=\"blocks-gallery-caption\"><strong>M\u00e1scara Cabelos de Sereia, carro-chefe da marca<\/strong><br>Fotos: acervo pessoal\/divulga\u00e7\u00e3o<\/figcaption><\/figure>\n\n\n\n<p>Ainda no in\u00edcio da Inversa, Gabriela comprava ativos mais baratos e em grande quantidade, porque n\u00e3o tinha condi\u00e7\u00f5es financeiras suficientes para adquirir os que fossem de origem natural. \u00c0 medida que a Inversa foi crescendo, todos os produtos sint\u00e9ticos passaram a ser naturais e, em seguida, houve a transi\u00e7\u00e3o da marca para tornar-se vegana. \u201cHoje, todos os produtos s\u00e3o 100% naturais e tenho orgulho em falar isso\u201d, expressa.&nbsp;<\/p>\n\n\n\n<blockquote class=\"wp-block-quote\"><p><strong>Amo encontrar as solu\u00e7\u00f5es para os problemas que o cliente tem, e quais ingredientes v\u00e3o ser a cura desses problemas para formular algum cosm\u00e9tico. De fato, essa \u00e9 a minha paix\u00e3o<\/strong>. Gabriela Souza<\/p><\/blockquote>\n\n\n\n<p>A Inversa tem em seu cerne a preocupa\u00e7\u00e3o ambiental, e Gabriela afirma que gostaria de trabalhar com embalagens de vidro por ser recicl\u00e1vel e para outros fins. Mas, como a marca envia para todo o Brasil, os Correios n\u00e3o permitem o envio desse tipo de material. No entanto, a Inversa possui o \u2018Selo EuReciclo\u2019, que retira do do meio ambiente a quantidade equivalente de embalagens que a marca produziu, destinando-as \u00e0 reciclagem. \u201cTamb\u00e9m pretendemos adquirir o pl\u00e1stico reciclado, mas hoje n\u00e3o \u00e9 poss\u00edvel porque tem que ser uma grande quantidade de embalagens. Para isso, a Inversa precisa crescer mais para conseguirmos realizar esse sonho\u201d, declara.<\/p>\n\n\n\n<p><\/p>\n\n\n\n<figure class=\"wp-block-gallery columns-3 is-cropped\"><ul class=\"blocks-gallery-grid\"><li class=\"blocks-gallery-item\"><figure><img loading=\"lazy\" width=\"318\" height=\"450\" src=\"https:\/\/webjornalismo.unicap.br\/modaconsciente\/wp-content\/uploads\/2015\/12\/WhatsApp-Image-2020-11-26-at-10.49.40.jpeg\" alt=\"\" data-id=\"5994\" data-full-url=\"https:\/\/webjornalismo.unicap.br\/modaconsciente\/wp-content\/uploads\/2015\/12\/WhatsApp-Image-2020-11-26-at-10.49.40.jpeg\" data-link=\"https:\/\/webjornalismo.unicap.br\/modaconsciente\/inversa-cosmeticos\/whatsapp-image-2020-11-26-at-10-49-40\/\" class=\"wp-image-5994\" srcset=\"https:\/\/webjornalismo.unicap.br\/modaconsciente\/wp-content\/uploads\/2015\/12\/WhatsApp-Image-2020-11-26-at-10.49.40.jpeg 318w, https:\/\/webjornalismo.unicap.br\/modaconsciente\/wp-content\/uploads\/2015\/12\/WhatsApp-Image-2020-11-26-at-10.49.40-212x300.jpeg 212w\" sizes=\"(max-width: 318px) 100vw, 318px\" \/><\/figure><\/li><li class=\"blocks-gallery-item\"><figure><img loading=\"lazy\" width=\"368\" height=\"450\" src=\"https:\/\/webjornalismo.unicap.br\/modaconsciente\/wp-content\/uploads\/2015\/12\/WhatsApp-Image-2020-11-26-at-10.49.08.jpeg\" alt=\"\" data-id=\"5996\" data-full-url=\"https:\/\/webjornalismo.unicap.br\/modaconsciente\/wp-content\/uploads\/2015\/12\/WhatsApp-Image-2020-11-26-at-10.49.08.jpeg\" data-link=\"https:\/\/webjornalismo.unicap.br\/modaconsciente\/inversa-cosmeticos\/whatsapp-image-2020-11-26-at-10-49-08\/\" class=\"wp-image-5996\" srcset=\"https:\/\/webjornalismo.unicap.br\/modaconsciente\/wp-content\/uploads\/2015\/12\/WhatsApp-Image-2020-11-26-at-10.49.08.jpeg 368w, https:\/\/webjornalismo.unicap.br\/modaconsciente\/wp-content\/uploads\/2015\/12\/WhatsApp-Image-2020-11-26-at-10.49.08-245x300.jpeg 245w\" sizes=\"(max-width: 368px) 100vw, 368px\" \/><\/figure><\/li><li class=\"blocks-gallery-item\"><figure><img loading=\"lazy\" width=\"450\" height=\"450\" src=\"https:\/\/webjornalismo.unicap.br\/modaconsciente\/wp-content\/uploads\/2015\/12\/WhatsApp-Image-2020-11-26-at-10.48.36-1.jpeg\" alt=\"\" data-id=\"5997\" data-full-url=\"https:\/\/webjornalismo.unicap.br\/modaconsciente\/wp-content\/uploads\/2015\/12\/WhatsApp-Image-2020-11-26-at-10.48.36-1.jpeg\" data-link=\"https:\/\/webjornalismo.unicap.br\/modaconsciente\/inversa-cosmeticos\/whatsapp-image-2020-11-26-at-10-48-36-1\/\" class=\"wp-image-5997\" srcset=\"https:\/\/webjornalismo.unicap.br\/modaconsciente\/wp-content\/uploads\/2015\/12\/WhatsApp-Image-2020-11-26-at-10.48.36-1.jpeg 450w, https:\/\/webjornalismo.unicap.br\/modaconsciente\/wp-content\/uploads\/2015\/12\/WhatsApp-Image-2020-11-26-at-10.48.36-1-300x300.jpeg 300w, https:\/\/webjornalismo.unicap.br\/modaconsciente\/wp-content\/uploads\/2015\/12\/WhatsApp-Image-2020-11-26-at-10.48.36-1-150x150.jpeg 150w\" sizes=\"(max-width: 450px) 100vw, 450px\" \/><\/figure><\/li><li class=\"blocks-gallery-item\"><figure><img loading=\"lazy\" width=\"450\" height=\"450\" src=\"https:\/\/webjornalismo.unicap.br\/modaconsciente\/wp-content\/uploads\/2015\/12\/WhatsApp-Image-2020-11-26-at-10.47.30.jpeg\" alt=\"\" data-id=\"6003\" data-full-url=\"https:\/\/webjornalismo.unicap.br\/modaconsciente\/wp-content\/uploads\/2015\/12\/WhatsApp-Image-2020-11-26-at-10.47.30.jpeg\" data-link=\"https:\/\/webjornalismo.unicap.br\/modaconsciente\/inversa-cosmeticos\/whatsapp-image-2020-11-26-at-10-47-30\/\" class=\"wp-image-6003\" srcset=\"https:\/\/webjornalismo.unicap.br\/modaconsciente\/wp-content\/uploads\/2015\/12\/WhatsApp-Image-2020-11-26-at-10.47.30.jpeg 450w, https:\/\/webjornalismo.unicap.br\/modaconsciente\/wp-content\/uploads\/2015\/12\/WhatsApp-Image-2020-11-26-at-10.47.30-300x300.jpeg 300w, https:\/\/webjornalismo.unicap.br\/modaconsciente\/wp-content\/uploads\/2015\/12\/WhatsApp-Image-2020-11-26-at-10.47.30-150x150.jpeg 150w\" sizes=\"(max-width: 450px) 100vw, 450px\" \/><\/figure><\/li><li class=\"blocks-gallery-item\"><figure><img loading=\"lazy\" width=\"450\" height=\"450\" src=\"https:\/\/webjornalismo.unicap.br\/modaconsciente\/wp-content\/uploads\/2015\/12\/WhatsApp-Image-2020-11-26-at-10.47.58-1.jpeg\" alt=\"\" data-id=\"6000\" data-full-url=\"https:\/\/webjornalismo.unicap.br\/modaconsciente\/wp-content\/uploads\/2015\/12\/WhatsApp-Image-2020-11-26-at-10.47.58-1.jpeg\" data-link=\"https:\/\/webjornalismo.unicap.br\/modaconsciente\/inversa-cosmeticos\/whatsapp-image-2020-11-26-at-10-47-58-1\/\" class=\"wp-image-6000\" srcset=\"https:\/\/webjornalismo.unicap.br\/modaconsciente\/wp-content\/uploads\/2015\/12\/WhatsApp-Image-2020-11-26-at-10.47.58-1.jpeg 450w, https:\/\/webjornalismo.unicap.br\/modaconsciente\/wp-content\/uploads\/2015\/12\/WhatsApp-Image-2020-11-26-at-10.47.58-1-300x300.jpeg 300w, https:\/\/webjornalismo.unicap.br\/modaconsciente\/wp-content\/uploads\/2015\/12\/WhatsApp-Image-2020-11-26-at-10.47.58-1-150x150.jpeg 150w\" sizes=\"(max-width: 450px) 100vw, 450px\" \/><\/figure><\/li><li class=\"blocks-gallery-item\"><figure><img loading=\"lazy\" width=\"450\" height=\"450\" src=\"https:\/\/webjornalismo.unicap.br\/modaconsciente\/wp-content\/uploads\/2015\/12\/WhatsApp-Image-2020-11-26-at-10.47.29-1.jpeg\" alt=\"\" data-id=\"6004\" data-full-url=\"https:\/\/webjornalismo.unicap.br\/modaconsciente\/wp-content\/uploads\/2015\/12\/WhatsApp-Image-2020-11-26-at-10.47.29-1.jpeg\" data-link=\"https:\/\/webjornalismo.unicap.br\/modaconsciente\/inversa-cosmeticos\/whatsapp-image-2020-11-26-at-10-47-29-1\/\" class=\"wp-image-6004\" srcset=\"https:\/\/webjornalismo.unicap.br\/modaconsciente\/wp-content\/uploads\/2015\/12\/WhatsApp-Image-2020-11-26-at-10.47.29-1.jpeg 450w, https:\/\/webjornalismo.unicap.br\/modaconsciente\/wp-content\/uploads\/2015\/12\/WhatsApp-Image-2020-11-26-at-10.47.29-1-300x300.jpeg 300w, https:\/\/webjornalismo.unicap.br\/modaconsciente\/wp-content\/uploads\/2015\/12\/WhatsApp-Image-2020-11-26-at-10.47.29-1-150x150.jpeg 150w\" sizes=\"(max-width: 450px) 100vw, 450px\" \/><\/figure><\/li><\/ul><figcaption class=\"blocks-gallery-caption\"><strong>Alguns produtos fabricados pela Inversa<\/strong><br>Fotos: acervo pessoal\/divulga\u00e7\u00e3o<\/figcaption><\/figure>\n\n\n\n<p>Por conta da pandemia, ficou invi\u00e1vel produzir a m\u00e1scara capilar e, por isso, a venda est\u00e1 inativa. Mas a Inversa possui uma gama de produtos de beleza como desodorante, lipbalm, t\u00f4nico, \u00f3leo multifuncionais e, tamb\u00e9m, os espec\u00edficos para a limpeza facial: pomada cicatrizante, sabonete, limpador e s\u00e9rum; al\u00e9m destes, tamb\u00e9m possui maquiagens totalmente naturais como as sombras, pigmentos, batons e blushes. Os pre\u00e7os variam de 18 a 55 reais e \u00e9 poss\u00edvel compr\u00e1-los atrav\u00e9s do site: &nbsp;<a rel=\"noreferrer noopener\" href=\"https:\/\/l.instagram.com\/?u=http%3A%2F%2Fwww.inversacosmeticos.com.br%2F&amp;e=ATOs3mXCu4y1R1JEuWPqKyyZk8gVPCKu1for-NeVMTlSG7HrNbY-pbNWkyMk-3osPpHC0s088gDZXYEcYzfauyXl04LXgmfSJF9Qh9c&amp;s=1\" target=\"_blank\">www.inversacosmeticos.com.br<\/a>&nbsp;<\/p>\n\n\n\n<blockquote class=\"wp-block-quote has-text-align-left\"><p><strong>Acredito que devemos olhar pro futuro e ver o que queremos pra esse mundo. Se cada um fizer o melhor todos os dias e buscar diminuir o impacto ambiental que causa no planeta, teremos um mundo melhor. Por isso, todos os dias tento fazer a diferen\u00e7a como posso<\/strong>. Gabriela Souza<\/p><\/blockquote>\n\n\n\n<p><\/p>\n\n\n\n<p><\/p>\n","protected":false},"excerpt":{"rendered":"<p>A pernambucana Gabriela Souza (24) sempre quis trabalhar com algo que amasse. Tentou ser maquiadora, vendedora de bijuterias e la\u00e7os, fot\u00f3grafa, fez curso de maquiagem profissional, de design gr\u00e1fico, de cabeleireira e de pintura. Tamb\u00e9m formou-se em Design de Moda. Por\u00e9m, desistiu de tudo. Ap\u00f3s a conclus\u00e3o do curso de Moda, Gabriela passou um tempo [&hellip;]<\/p>\n","protected":false},"author":2,"featured_media":5918,"comment_status":"open","ping_status":"closed","sticky":false,"template":"","format":"standard","meta":{"_et_pb_use_builder":"","_et_pb_old_content":"","_et_gb_content_width":""},"categories":[22],"tags":[],"_links":{"self":[{"href":"https:\/\/webjornalismo.unicap.br\/modaconsciente\/wp-json\/wp\/v2\/posts\/250"}],"collection":[{"href":"https:\/\/webjornalismo.unicap.br\/modaconsciente\/wp-json\/wp\/v2\/posts"}],"about":[{"href":"https:\/\/webjornalismo.unicap.br\/modaconsciente\/wp-json\/wp\/v2\/types\/post"}],"author":[{"embeddable":true,"href":"https:\/\/webjornalismo.unicap.br\/modaconsciente\/wp-json\/wp\/v2\/users\/2"}],"replies":[{"embeddable":true,"href":"https:\/\/webjornalismo.unicap.br\/modaconsciente\/wp-json\/wp\/v2\/comments?post=250"}],"version-history":[{"count":16,"href":"https:\/\/webjornalismo.unicap.br\/modaconsciente\/wp-json\/wp\/v2\/posts\/250\/revisions"}],"predecessor-version":[{"id":6484,"href":"https:\/\/webjornalismo.unicap.br\/modaconsciente\/wp-json\/wp\/v2\/posts\/250\/revisions\/6484"}],"wp:featuredmedia":[{"embeddable":true,"href":"https:\/\/webjornalismo.unicap.br\/modaconsciente\/wp-json\/wp\/v2\/media\/5918"}],"wp:attachment":[{"href":"https:\/\/webjornalismo.unicap.br\/modaconsciente\/wp-json\/wp\/v2\/media?parent=250"}],"wp:term":[{"taxonomy":"category","embeddable":true,"href":"https:\/\/webjornalismo.unicap.br\/modaconsciente\/wp-json\/wp\/v2\/categories?post=250"},{"taxonomy":"post_tag","embeddable":true,"href":"https:\/\/webjornalismo.unicap.br\/modaconsciente\/wp-json\/wp\/v2\/tags?post=250"}],"curies":[{"name":"wp","href":"https:\/\/api.w.org\/{rel}","templated":true}]}}