{"id":141,"date":"2022-05-26T19:07:22","date_gmt":"2022-05-26T22:07:22","guid":{"rendered":"https:\/\/webjornalismo.unicap.br\/literatura-feminina\/?p=141"},"modified":"2022-05-26T19:07:22","modified_gmt":"2022-05-26T22:07:22","slug":"ezter-liu","status":"publish","type":"post","link":"https:\/\/webjornalismo.unicap.br\/literatura-feminina\/ezter-liu\/","title":{"rendered":"Ezter Liu"},"content":{"rendered":"\n<p>Nascida no Recife, mas moradora de Carpina, Zona da Mata de Pernambuco, a escritora Ezter Liu publica seus textos desde 2005. Em 2015 lan\u00e7ou seu primeiro livro de poemas: <em>Vermelho Alcalino<\/em>. <\/p>\n\n\n\n<p>Em 2018, Liu alcan\u00e7ou um marco: se tornou a primeira mulher a ganhar o Pr\u00eamio Pernambuco de Literatura com o livro <em>Das tripas cora\u00e7\u00e3o<\/em>. Publicou depois o <em>Breve Fogueiras<\/em> (2021) e j\u00e1 planeja o pr\u00f3ximo lan\u00e7amento.<\/p>\n\n\n\n<p>Para conhecer mais sobre Liu e a emo\u00e7\u00e3o que sentiu ao ganhar o pr\u00eamio, acesse o v\u00eddeo abaixo:<\/p>\n\n\n\n<p><\/p>\n\n\n\n<figure class=\"wp-block-embed is-type-video is-provider-youtube wp-block-embed-youtube wp-embed-aspect-16-9 wp-has-aspect-ratio\"><div class=\"wp-block-embed__wrapper\">\n<iframe loading=\"lazy\" title=\"Ezter Liu\" width=\"1080\" height=\"608\" src=\"https:\/\/www.youtube.com\/embed\/LGBpDTI8yo0?feature=oembed\"  allow=\"accelerometer; autoplay; clipboard-write; encrypted-media; gyroscope; picture-in-picture\" allowfullscreen><\/iframe>\n<\/div><\/figure>\n","protected":false},"excerpt":{"rendered":"<p>Nascida no Recife, mas moradora de Carpina, Zona da Mata de Pernambuco, a escritora Ezter Liu publica seus textos desde 2005. Em 2015 lan\u00e7ou seu primeiro livro de poemas: Vermelho Alcalino. Em 2018, Liu alcan\u00e7ou um marco: se tornou a primeira mulher a ganhar o Pr\u00eamio Pernambuco de Literatura com o livro Das tripas cora\u00e7\u00e3o. [&hellip;]<\/p>\n","protected":false},"author":2,"featured_media":0,"comment_status":"open","ping_status":"open","sticky":false,"template":"","format":"standard","meta":{"_et_pb_use_builder":"off","_et_pb_old_content":"","_et_gb_content_width":""},"categories":[7,1],"tags":[],"_links":{"self":[{"href":"https:\/\/webjornalismo.unicap.br\/literatura-feminina\/wp-json\/wp\/v2\/posts\/141"}],"collection":[{"href":"https:\/\/webjornalismo.unicap.br\/literatura-feminina\/wp-json\/wp\/v2\/posts"}],"about":[{"href":"https:\/\/webjornalismo.unicap.br\/literatura-feminina\/wp-json\/wp\/v2\/types\/post"}],"author":[{"embeddable":true,"href":"https:\/\/webjornalismo.unicap.br\/literatura-feminina\/wp-json\/wp\/v2\/users\/2"}],"replies":[{"embeddable":true,"href":"https:\/\/webjornalismo.unicap.br\/literatura-feminina\/wp-json\/wp\/v2\/comments?post=141"}],"version-history":[{"count":2,"href":"https:\/\/webjornalismo.unicap.br\/literatura-feminina\/wp-json\/wp\/v2\/posts\/141\/revisions"}],"predecessor-version":[{"id":143,"href":"https:\/\/webjornalismo.unicap.br\/literatura-feminina\/wp-json\/wp\/v2\/posts\/141\/revisions\/143"}],"wp:attachment":[{"href":"https:\/\/webjornalismo.unicap.br\/literatura-feminina\/wp-json\/wp\/v2\/media?parent=141"}],"wp:term":[{"taxonomy":"category","embeddable":true,"href":"https:\/\/webjornalismo.unicap.br\/literatura-feminina\/wp-json\/wp\/v2\/categories?post=141"},{"taxonomy":"post_tag","embeddable":true,"href":"https:\/\/webjornalismo.unicap.br\/literatura-feminina\/wp-json\/wp\/v2\/tags?post=141"}],"curies":[{"name":"wp","href":"https:\/\/api.w.org\/{rel}","templated":true}]}}