{"id":136,"date":"2022-05-26T19:07:22","date_gmt":"2022-05-26T22:07:22","guid":{"rendered":"https:\/\/webjornalismo.unicap.br\/literatura-feminina\/?p=136"},"modified":"2022-05-26T19:07:22","modified_gmt":"2022-05-26T22:07:22","slug":"erivoneide-amaral","status":"publish","type":"post","link":"https:\/\/webjornalismo.unicap.br\/literatura-feminina\/erivoneide-amaral\/","title":{"rendered":"Erivoneide Amaral"},"content":{"rendered":"\n<p>Por influ\u00eancia de seu pai, a poeta, escritora e glosadora iniciou na escrita. Comp\u00f5e mesas de glosas e escreve sonetos e poesias. Seus escritos est\u00e3o no livro <em>Mesas de Glosas da 1\u00aa Feira de Poesia do Paje\u00fa<\/em>, organizado pelo Conselho Editorial do Paje\u00fa e publicado pela Editora Cepe.<\/p>\n\n\n\n<p>Guiada pelas inspira\u00e7\u00f5es de sua irm\u00e3, Elenilda Amaral, ela compartilha sua rela\u00e7\u00e3o com a escrita e a literatura feminina. Acompanhe:<\/p>\n\n\n\n<p><\/p>\n\n\n\n<figure class=\"wp-block-embed is-type-video is-provider-youtube wp-block-embed-youtube wp-embed-aspect-16-9 wp-has-aspect-ratio\"><div class=\"wp-block-embed__wrapper\">\n<iframe loading=\"lazy\" title=\"Erivoneide Amaral\" width=\"1080\" height=\"608\" src=\"https:\/\/www.youtube.com\/embed\/Zrf32irBuUQ?feature=oembed\"  allow=\"accelerometer; autoplay; clipboard-write; encrypted-media; gyroscope; picture-in-picture\" allowfullscreen><\/iframe>\n<\/div><\/figure>\n","protected":false},"excerpt":{"rendered":"<p>Por influ\u00eancia de seu pai, a poeta, escritora e glosadora iniciou na escrita. Comp\u00f5e mesas de glosas e escreve sonetos e poesias. Seus escritos est\u00e3o no livro Mesas de Glosas da 1\u00aa Feira de Poesia do Paje\u00fa, organizado pelo Conselho Editorial do Paje\u00fa e publicado pela Editora Cepe. Guiada pelas inspira\u00e7\u00f5es de sua irm\u00e3, Elenilda [&hellip;]<\/p>\n","protected":false},"author":2,"featured_media":0,"comment_status":"open","ping_status":"open","sticky":false,"template":"","format":"standard","meta":{"_et_pb_use_builder":"off","_et_pb_old_content":"","_et_gb_content_width":""},"categories":[7,1],"tags":[],"_links":{"self":[{"href":"https:\/\/webjornalismo.unicap.br\/literatura-feminina\/wp-json\/wp\/v2\/posts\/136"}],"collection":[{"href":"https:\/\/webjornalismo.unicap.br\/literatura-feminina\/wp-json\/wp\/v2\/posts"}],"about":[{"href":"https:\/\/webjornalismo.unicap.br\/literatura-feminina\/wp-json\/wp\/v2\/types\/post"}],"author":[{"embeddable":true,"href":"https:\/\/webjornalismo.unicap.br\/literatura-feminina\/wp-json\/wp\/v2\/users\/2"}],"replies":[{"embeddable":true,"href":"https:\/\/webjornalismo.unicap.br\/literatura-feminina\/wp-json\/wp\/v2\/comments?post=136"}],"version-history":[{"count":2,"href":"https:\/\/webjornalismo.unicap.br\/literatura-feminina\/wp-json\/wp\/v2\/posts\/136\/revisions"}],"predecessor-version":[{"id":138,"href":"https:\/\/webjornalismo.unicap.br\/literatura-feminina\/wp-json\/wp\/v2\/posts\/136\/revisions\/138"}],"wp:attachment":[{"href":"https:\/\/webjornalismo.unicap.br\/literatura-feminina\/wp-json\/wp\/v2\/media?parent=136"}],"wp:term":[{"taxonomy":"category","embeddable":true,"href":"https:\/\/webjornalismo.unicap.br\/literatura-feminina\/wp-json\/wp\/v2\/categories?post=136"},{"taxonomy":"post_tag","embeddable":true,"href":"https:\/\/webjornalismo.unicap.br\/literatura-feminina\/wp-json\/wp\/v2\/tags?post=136"}],"curies":[{"name":"wp","href":"https:\/\/api.w.org\/{rel}","templated":true}]}}