{"id":541,"date":"2022-05-02T17:13:00","date_gmt":"2022-05-02T20:13:00","guid":{"rendered":"https:\/\/webjornalismo.unicap.br\/bts-army\/index.php\/2022\/05\/02\/its-such-a-long-way-from\/"},"modified":"2022-06-05T18:04:42","modified_gmt":"2022-06-05T21:04:42","slug":"no-jogo-do-grammy-quem-perde-sao-os-artistas-ou-a-premiacao","status":"publish","type":"post","link":"https:\/\/webjornalismo.unicap.br\/bts-army\/no-jogo-do-grammy-quem-perde-sao-os-artistas-ou-a-premiacao\/","title":{"rendered":"No jogo do Grammy quem perde s\u00e3o os artistas ou a premia\u00e7\u00e3o?"},"content":{"rendered":"\n<p><\/p>\n\n\n<p><span style=\"font-weight: 400;\">No dia 23 de novembro de 2020, a The Recording Academy<\/span> <span style=\"font-weight: 400;\">anunciou a lista dos artistas que foram indicados ao Grammy Awards 2021, o an\u00fancio dos escolhidos para concorrer \u00e0s 84 categorias da premia\u00e7\u00e3o foi feito atrav\u00e9s de uma <\/span><i><span style=\"font-weight: 400;\">live<\/span><\/i><span style=\"font-weight: 400;\"> no Twitter. No mesmo dia, BTS soube que finalmente estava<\/span> <span style=\"font-weight: 400;\">entre os indicados; l\u00e1 na Coreia do Sul j\u00e1 era dia 24. Assim que foi anunciado que estavam concorrendo na categoria de Melhor Performance Pop Duo\/Grupo, foi publicada a <\/span><a href=\"https:\/\/twitter.com\/BTS_twt\/status\/1331298544834076672?s=20&amp;t=bwmtiswzCO2qlhGoQAGnkg\"><span style=\"font-weight: 400;\">rea\u00e7\u00e3o de quatro membros (RM, Jimin, V e Jungkook)<\/span> <\/a><span style=\"font-weight: 400;\">no Twitter, e posteriormente um v\u00eddeo mais completo foi publicado no BANGTANTV, canal do grupo no Youtube.&nbsp;<\/span><\/p>\n\n\n<figure class=\"wp-block-embed is-type-video is-provider-youtube wp-block-embed-youtube wp-embed-aspect-16-9 wp-has-aspect-ratio\"><div class=\"wp-block-embed__wrapper\">\n<iframe loading=\"lazy\" title=\"[BANGTAN BOMB] Grammy Nomination Night - BTS (\ubc29\ud0c4\uc18c\ub144\ub2e8)\" width=\"1080\" height=\"608\" src=\"https:\/\/www.youtube.com\/embed\/m1aAyKMVUUU?feature=oembed\"  allow=\"accelerometer; autoplay; clipboard-write; encrypted-media; gyroscope; picture-in-picture\" allowfullscreen><\/iframe>\n<\/div><\/figure>\n\n\n\n<p><\/p>\n\n\n\n<p>Mas n\u00e3o se engane achando que a hist\u00f3ria de BTS com o Grammy come\u00e7ou nessa indica\u00e7\u00e3o. Por ser uma premia\u00e7\u00e3o muito reconhecida na ind\u00fastria musical, todo artista sonha em ser indicado e levar o gramofone para casa, com eles n\u00e3o \u00e9 diferente. Em abril de 2019, o grupo lan\u00e7ou o \u00e1lbum <a href=\"https:\/\/rollingstone.uol.com.br\/noticia\/bts-ultrapassa-ariana-grande-e-billie-eilish-e-tem-disco-mais-vendido-nos-estados-unidos\/\"><em>Map of the Soul: Persona<\/em> , que foi um sucesso comercial com apenas sete faixas<\/a>. No mesmo ano, o grupo colocou tr\u00eas discos no topo das paradas em apenas 11 meses,&nbsp; se tornando o primeiro ato a ultrapassar pela primeira vez um grupo fundamental na hist\u00f3ria musical do Ocidente, os Beatles. J\u00e1 no in\u00edcio de 2020, eles lan\u00e7aram o \u00e1lbum <a href=\"https:\/\/rollingstone.uol.com.br\/noticia\/o-que-esperar-de-map-soul-7-do-bts\/\"><em>Map of the Soul: 7<\/em><\/a>, um disco de suma import\u00e2ncia, por fazer refer\u00eancia a trajet\u00f3ria do grupo. Esse mesmo \u00e1lbum colocou BTS nos <span class='et-tooltip'><em>charts<\/em><span class='et-tooltip-box'>Na ind\u00fastria musical, a express\u00e3o traduzida para portugu\u00eas significa 'gr\u00e1ficos\u2019, e \u00e9 conhecida tamb\u00e9m como \u2018parada musical\u2019. Se trata de um m\u00e9todo de classificar can\u00e7\u00f5es de acordo com sua popularidade durante um determinado per\u00edodo de tempo.<span class='et-tooltip-arrow'><\/span><\/span><\/span>. Mas por que todos esses feitos n\u00e3o foram suficientes para o BTS ter as suas admiss\u00f5es aceitas pela academia?&nbsp;<\/p>\n\n\n\n<p>Mesmo j\u00e1 tendo submetido outros trabalhos nas edi\u00e7\u00f5es anteriores da premia\u00e7\u00e3o que poderiam ter sido reconhecidos por ela, a nomea\u00e7\u00e3o do septeto s\u00f3 veio depois do lan\u00e7amento de <a href=\"https:\/\/youtu.be\/gdZLi9oWNZg\"><em>Dynamite<\/em><\/a>. Mas o que essa faixa tinha de diferente das outras j\u00e1 divulgadas pelo grupo sul-coreano para ser notada pelo Grammy? Lan\u00e7ada em agosto de 2020, <em>Dynamite<\/em> foi a primeira m\u00fasica do grupo cantada inteiramente em ingl\u00eas. Com o hist\u00f3rico do septeto, imagina que coincid\u00eancia eles terem uma m\u00fasica cantada em uma l\u00edngua que n\u00e3o \u00e9 a l\u00edngua materna deles, e logo em seguida chamar aten\u00e7\u00e3o da academia e ser&nbsp; indicada a uma categoria. Entretanto, o fato de terem conquistado 100 milh\u00f5es de visualiza\u00e7\u00f5es no YouTube nas primeiras 24 horas ap\u00f3s o lan\u00e7amento, o primeiro lugar nas paradas musicais por semanas, entre outros recordes, n\u00e3o foram suficientes para que BTS levasse o gramofone. Mas pra n\u00f3s, <span class='et-tooltip'>ARMYS<span class='et-tooltip-box'>Nome oficial dos f\u00e3s do BTS, tamb\u00e9m \u00e9 conhecido pela m\u00eddia ocidental como BTS ARMY.<span class='et-tooltip-arrow'><\/span><\/span><\/span>, isso n\u00e3o foi o pior. O pior foi o fato de a premia\u00e7\u00e3o ter anunciado do in\u00edcio at\u00e9 o fim a performance da m\u00fasica, usando o nome do grupo para segurar a audi\u00eancia, tendo sido ele o \u00faltimo a se apresentar e, como esperando, entregando uma performance impec\u00e1vel.&nbsp;&nbsp;<\/p>\n\n\n\n<figure class=\"wp-block-embed is-type-video is-provider-youtube wp-block-embed-youtube wp-embed-aspect-16-9 wp-has-aspect-ratio\"><div class=\"wp-block-embed__wrapper\">\n<iframe loading=\"lazy\" title=\"BTS (\ubc29\ud0c4\uc18c\ub144\ub2e8) &#039;Dynamite&#039; @ 63rd GRAMMY Awards Show\" width=\"1080\" height=\"608\" src=\"https:\/\/www.youtube.com\/embed\/jWRMXiHhDjc?feature=oembed\"  allow=\"accelerometer; autoplay; clipboard-write; encrypted-media; gyroscope; picture-in-picture\" allowfullscreen><\/iframe>\n<\/div><\/figure>\n\n\n\n<p><\/p>\n\n\n\n<h3 class=\"wp-block-heading\">Hist\u00f3rico do Grammy<\/h3>\n\n\n\n<p>Temos que esclarecer que o Grammy Awards \u00e9 uma premia\u00e7\u00e3o que conquistou muito prest\u00edgio ao longo dos anos. Mas, em 2020, surgiram acusa\u00e7\u00f5es contra a academia feitas por Deborah Dugan, ex-presidente e diretora do Grammy, que deixou seu cargo sob acusa\u00e7\u00e3o de m\u00e1 conduta. Deborah chegou a citar uma lista extensa de acusa\u00e7\u00f5es que, de acordo com a <a href=\"https:\/\/variety.com\/2020\/music\/news\/deborah-dugan-recording-academy-grammy-awards-nominations-tampering-1203522399\/\">revista Variety<\/a>, os membros do conselho \u201cusavam comit\u00eas secretos como oportunidade para promover artistas com quem eles tinham relacionamentos\u201d. Essa quest\u00e3o do favoritismo de certos artistas por parte do comit\u00ea n\u00e3o \u00e9 surpresa para quem acompanha o evento. Em 2021 ficou ainda mais evidente que, mesmo tendo um selo de \u201cdiversidade\u201d, a postura do Grammy \u2014 com sua banca de jurados composta por homens brancos \u2014 ainda \u00e9 baseada no racismo, xenofobia e machismo.&nbsp;<\/p>\n\n\n\n<p>Em mar\u00e7o de 2021, o <a href=\"https:\/\/www.nexojornal.com.br\/grafico\/2021\/03\/15\/As-premia%C3%A7%C3%B5es-do-Grammy-e-o-perfil-dos-principais-vencedores\">Nexo Jornal<\/a> publicou um gr\u00e1fico explicando alguns aspectos sobre a premia\u00e7\u00e3o e fez uma an\u00e1lise do perfil dos principais vencedores. Para contextualizar um pouco do que acontece no Grammy, confira abaixo:&nbsp;<\/p>\n\n\n\n<div style=\"position: relative; width: 70%; height: 70%; padding-top: 100.0000%; padding-bottom: 0px; box-shadow: 0 2px 8px 0 rgba(63,69,81,0.16); margin-top: 1.6em; margin-bottom: 0.9em; overflow: hidden; border-radius: 8px; will-change: transform;\"><iframe loading=\"lazy\" style=\"position: absolute; width: 100%; height: 100%; top: 0; left: 0; border: none; padding: 0;margin: 0;\" src=\"https:\/\/www.canva.com\/design\/DAE7c5ny6Jk\/view?embed\" allowfullscreen=\"allowfullscreen\"><\/iframe><\/div>\n\n\n\n<p><\/p>\n\n\n\n<p>Casos de racismo s\u00e3o recorrentes na premia\u00e7\u00e3o e a academia j\u00e1 recebeu in\u00fameras cr\u00edticas por isso, mas continua criando obst\u00e1culos para que produ\u00e7\u00f5es de artistas negros n\u00e3o recebam o devido reconhecimento, e casos como os de <a href=\"https:\/\/oglobo.globo.com\/cultura\/musica\/produtores-do-grammy-criticam-frank-ocean-cantor-reage-em-carta-aberta-20920124\">Frank Ocean<\/a>, <a href=\"https:\/\/hugogloss.uol.com.br\/famosos\/nicki-minaj-abre-o-jogo-sobre-suposto-boicote-do-grammy-envolvendo-produtor-exposto-por-ariana-grande\/\">Nicki Minaj<\/a> e <a href=\"https:\/\/portalpopline.com.br\/the-weeknd-nao-vai-mais-submeter-suas-musicas-ao-grammy\/\">The Weeknd<\/a> s\u00e3o provas disso.&nbsp;<\/p>\n\n\n\n<p>Outro ponto importante a destacar na conduta da ind\u00fastria que cerca o Grammy \u00e9 a xenofobia. Al\u00e9m do fato de existirem categorias como a de Melhor \u00c1lbum Pop Latino para separar artistas que n\u00e3o s\u00e3o nascidos no territ\u00f3rio norte-americano, existe uma vers\u00e3o latina da premia\u00e7\u00e3o, que est\u00e1 a\u00ed h\u00e1 20 anos s\u00f3 pra confirmar o quanto a ind\u00fastria musical, e n\u00e3o apenas ela, imp\u00f5e uma cren\u00e7a separatista.&nbsp;<\/p>\n\n\n\n<p>Nos \u00faltimos anos, come\u00e7amos a notar a presen\u00e7a de grupos ou artistas asi\u00e1ticos conquistando o mundo da m\u00fasica ocidental. Um dos exemplos mais not\u00f3rios desse alcance foi o hit <a href=\"https:\/\/youtu.be\/9bZkp7q19f0\"><em>Gangnam Style<\/em><\/a>, lan\u00e7ado por PSY em 2012. Atualmente, temos BTS. Se os gr\u00e1ficos s\u00e3o um ponto importante na ind\u00fastria musical, por qu\u00ea, <a href=\"https:\/\/rollingstone.uol.com.br\/noticia\/grammy-2021-4-motivos-pelos-quais-weeknd-merecia-pelo-menos-uma-indicacao\/\">com todo o sucesso por ter ficado 39 semanas no top 10 da Billboard Hot 100 e ter o \u00e1lbum aclamado por f\u00e3s e cr\u00edticos<\/a>, The Weeknd n\u00e3o foi indicado ano passado? E por que a indica\u00e7\u00e3o de BTS demorou e no fim eles n\u00e3o ganharam, mesmo tudo mostrando o contr\u00e1rio? As respostas para esses questionamentos est\u00e3o bem claras, s\u00f3 n\u00e3o enxerga as discrimina\u00e7\u00f5es presentes no hist\u00f3rico da premia\u00e7\u00e3o quem n\u00e3o quer.&nbsp;<\/p>\n\n\n\n<p>Em 2019, o grupo foi convidado para <a href=\"https:\/\/youtu.be\/0a6F8bMQ9FE\">apresentar o resultado da categoria de &#8220;Melhor \u00c1lbum R &amp; B&#8221;<\/a> e o integrante RM afirmou que eles iriam voltar. No ano seguinte, <a href=\"https:\/\/youtu.be\/qiuQ1cGGwOA\">eles foram convidados por Lil Nax X para performar<\/a> um trecho de uma das vers\u00f5es lan\u00e7adas do sucesso <em>Old Town Road<\/em>, e mesmo sendo por pouco tempo, o fato de eles estarem performando no palco sem serem indicados j\u00e1 era algo.&nbsp;<\/p>\n\n\n\n<p>Em 2021, o grupo era candidato forte ao pr\u00eamio, mas todo o processo aqui comentado s\u00f3 fez com que os f\u00e3s se revoltassem mais ainda, com v\u00e1rias manifesta\u00e7\u00f5es disso nas redes sociais. A m\u00eddia tamb\u00e9m questionou a aus\u00eancia de premia\u00e7\u00e3o para o grupo. A <em>Forbes<\/em>, por exemplo, levantou a quest\u00e3o: era o BTS que precisava do Grammy ou o Grammy que precisava dele?<\/p>\n\n\n\n<figure class=\"wp-block-image alignwide size-full\"><img loading=\"lazy\" decoding=\"async\" width=\"480\" height=\"263\" src=\"https:\/\/webjornalismo.unicap.br\/bts-army\/wp-content\/uploads\/2022\/05\/gif-BTS-manchetes.gif\" alt=\"\" class=\"wp-image-764\"\/><\/figure>\n\n\n\n<p><\/p>\n\n\n\n<h3 class=\"wp-block-heading\">Grammy Awards 2022<\/h3>\n\n\n\n<p>Estamos em 2022, a 64\u00ba edi\u00e7\u00e3o do <a href=\"https:\/\/tracklist.com.br\/grammy-the-weeknd\/103008\">Grammy Awards prometeu mudan\u00e7as<\/a>, como o fim dos comit\u00eas secretos, mas acabou n\u00e3o entregando nada muito diferente dos anos anteriores. Quando eu digo isso n\u00e3o estou falando apenas do fato de, mais uma vez, BTS n\u00e3o ter levado o trof\u00e9u, mas, sim, por premiar m\u00fasicas que t\u00eam estilo um pouco antiquado quando na ind\u00fastria o que mais temos s\u00e3o novidades.&nbsp;<\/p>\n\n\n\n<p>No entanto, n\u00e3o podemos dizer que a bancada do Grammy n\u00e3o tentou, j\u00e1 que eles pretendiam inserir o que h\u00e1 de popular no momento, premiando a cantora Olivia Rodrigo, de 19 anos, como premiou Billie Eilish, na edi\u00e7\u00e3o de 2020. Mas n\u00e3o podemos comparar, j\u00e1 que Billie venceu as quatro categorias principais (Grava\u00e7\u00e3o do Ano, \u00c1lbum do Ano, Can\u00e7\u00e3o do Ano e Artista Revela\u00e7\u00e3o) naquele ano, e Olivia venceu s\u00f3 uma delas, a de Artista Revela\u00e7\u00e3o. Ainda teve a performance muito elogiada de Lil Nas X, que em 2020 foi um dos destaques e, na edi\u00e7\u00e3o de 2022, saiu sem nenhum pr\u00eamio. E ele concorria nas categorias principais com a m\u00fasica <em>Montero (Call me by your name)<\/em> e na Performance de Rap Mel\u00f3dico com <em>Industry Baby<\/em>, parceria com Jack Harlow.&nbsp;&nbsp;<\/p>\n\n\n\n<p>Na tentativa de inovar, a The Recording Academy acabou se \u201cperdendo no personagem\u201d e continuou na mesmice. O grande vencedor do Grammy 2022 foi o cantor e compositor Jon Batiste, que venceu cinco das 11 categorias em que estava concorrendo. O \u00e1lbum que levou Batiste a ganhar uma das categorias fazia refer\u00eancia a uma tradi\u00e7\u00e3o musical estadunidense, e at\u00e9 na sua apresenta\u00e7\u00e3o o cantor ressaltou sua linhagem do <em>jazz<\/em>, g\u00eanero bastante popular que surgiu em New Orleans entre 1890 e 1910. Outro nome importante da noite foi Silk Sonic, <span class='et-tooltip'>supergrupo<span class='et-tooltip-box'>Termo utilizado quando integrantes de outras bandas ou artistas solos com carreiras j\u00e1 consolidadas decidem se unir e trabalhar juntos.<span class='et-tooltip-arrow'><\/span><\/span><\/span> formado por Bruno Mars e Anderson .Paak, que, para o projeto, se inspirou nos anos 1970 e 1980, ao misturar <em>funk<\/em>, <em>soul<\/em> e <em>R &amp; B<\/em> . O <em>duo<\/em> abriu as apresenta\u00e7\u00f5es da noite e depois levou pr\u00eamios como o de Grava\u00e7\u00e3o e M\u00fasica do Ano.&nbsp;<\/p>\n\n\n\n<p>Foi percept\u00edvel tamb\u00e9m que a academia, ap\u00f3s tantas cr\u00edticas, buscou recuperar alguns dos pontos em que perderam a relev\u00e2ncia.&nbsp; The Weeknd, sem querer at\u00e9, levou o pr\u00eamio em uma parceria feita com o rapper Kanye West, que n\u00e3o se apresentou por mau comportamento. Mas tais a\u00e7\u00f5es n\u00e3o foram suficientes para ser considerada uma grande transforma\u00e7\u00e3o por parte da academia.&nbsp;<\/p>\n\n\n\n<figure class=\"wp-block-image alignwide size-full is-style-default\"><img loading=\"lazy\" decoding=\"async\" width=\"480\" height=\"270\" src=\"https:\/\/webjornalismo.unicap.br\/bts-army\/wp-content\/uploads\/2022\/05\/giphy.gif\" alt=\"\" class=\"wp-image-823\"\/><\/figure>\n\n\n\n<p>O Grammy resolveu mudar a forma de jogar e inverteu suas t\u00e1ticas ao usar o nome de BTS esse ano. Desde a chegada ao local, o septeto chamou tanta aten\u00e7\u00e3o que o fato deles n\u00e3o terem ganhado n\u00e3o fez tanta diferen\u00e7a, j\u00e1 que gra\u00e7as ao carisma e a performance misteriosa, eles foram um dos grandes nomes da noite, nas redes sociais, principalmente. Fazendo o oposto do ano passado, <a href=\"https:\/\/youtu.be\/HbkBVxU5K5A\">BTS performou o hit <em>Butter<\/em> <\/a>nos primeiros 30 minutos do evento; mas, em compensa\u00e7\u00e3o, a categoria em que eles estavam concorrendo foi uma das \u00faltimas a ser anunciadas.&nbsp;<\/p>\n\n\n\n<p>Entre os f\u00e3s n\u00e3o foi uma grande surpresa esse comportamento da premia\u00e7\u00e3o para com os \u00eddolos, foi uma noite de grandes emo\u00e7\u00f5es e, infelizmente, teve uma pontinha de decep\u00e7\u00e3o ap\u00f3s o resultado, mas n\u00e3o tanto quanto no ano passado. O pr\u00f3prio BTS deixou claro que n\u00e3o estava em Las Vegas apenas por causa do Grammy, mas sim para ver o <span class='et-tooltip'>ARMY<span class='et-tooltip-box'>Nome oficial dos f\u00e3s do BTS, tamb\u00e9m \u00e9 conhecido pela m\u00eddia ocidental como BTS ARMY.<span class='et-tooltip-arrow'><\/span><\/span><\/span>,&nbsp; pois o encerramento da s\u00e9rie de apresenta\u00e7\u00f5es denominada <em>Permission to dance on stage <\/em>seria na cidade. Obviamente que os f\u00e3s demonstraram seu descontentamento no Twitter, e diversos pontos observados por eles foram compartilhados, ao surgir o questionamento do porqu\u00ea o grupo continua participando da premia\u00e7\u00e3o.<\/p>\n\n\n\n<figure class=\"wp-block-embed aligncenter is-type-rich is-provider-twitter wp-block-embed-twitter\"><div class=\"wp-block-embed__wrapper\">\n<blockquote class=\"twitter-tweet\" data-width=\"550\" data-dnt=\"true\"><p lang=\"pt\" dir=\"ltr\">Mas agora menines falando serio do ponto de vista do marketing. BTS NAO TA ERRADO DE PARTICIPAR TODO ANO DO GRAMMY MESMO NAO VENCENDO. Ja pararam pra reparar o quanto eles est\u00e3o impactando hoje comparado ao AMA 2017 ? Isso se chama construir uma base solida pra sua comunidade +<\/p>&mdash; elle \u2022 PROOF (@namunjoon) <a href=\"https:\/\/twitter.com\/namunjoon\/status\/1510817949573132291?ref_src=twsrc%5Etfw\">April 4, 2022<\/a><\/blockquote><script async src=\"https:\/\/platform.twitter.com\/widgets.js\" charset=\"utf-8\"><\/script>\n<\/div><\/figure>\n\n\n\n<p>Se pararmos para analisar, a lista de artistas que n\u00e3o t\u00eam um gramofone na estante n\u00e3o s\u00e3o menos artistas por isso. N\u00e3o podemos resumir a hist\u00f3ria deles apenas a um pr\u00eamio, por mais prestigiado que ele seja. O grupo sueco ABBA, por exemplo, foi pela primeira vez indicado ao Grammy 2022, na categoria grava\u00e7\u00e3o do ano com a m\u00fasica <em>I still have faith on you<\/em>, e n\u00e3o ganhou; Jimi Hendrix s\u00f3 teve uma nomea\u00e7\u00e3o na 13\u00ba edi\u00e7\u00e3o e n\u00e3o ganhou; a banda brit\u00e2nica de sucesso Queen nunca foi nem indicada, e eles n\u00e3o s\u00e3o menos lembrados por nunca terem ganhado. Com isso, entendemos que n\u00e3o se trata apenas de ganhar, mas, sim, de impactar e fazer hist\u00f3ria. E isso, BTS j\u00e1 fez.&nbsp;<\/p>\n","protected":false},"excerpt":{"rendered":"<p>O Grammy resolveu mudar a forma de jogar e inverteu suas t\u00e1ticas ao usar o nome de BTS esse ano.<\/p>\n","protected":false},"author":2,"featured_media":742,"comment_status":"closed","ping_status":"open","sticky":false,"template":"","format":"standard","meta":{"_et_pb_use_builder":"off","_et_pb_old_content":"<!-- wp:paragraph -->\n<p><em>escrito por Lara Felix<\/em><\/p>\n<!-- \/wp:paragraph -->\n\n<p><span style=\"font-weight: 400;\">No dia 23 de novembro de 2020, a The Recording Academy<\/span> <span style=\"font-weight: 400;\">anunciou a lista dos artistas que foram indicados ao Grammy Awards 2021, o an\u00fancio dos escolhidos para concorrer \u00e0s 84 categorias da premia\u00e7\u00e3o foi feito atrav\u00e9s de uma <\/span><i><span style=\"font-weight: 400;\">live<\/span><\/i><span style=\"font-weight: 400;\"> no Twitter. No mesmo dia, BTS soube que finalmente estava<\/span> <span style=\"font-weight: 400;\">entre os indicados; l\u00e1 na Coreia do Sul j\u00e1 era dia 24. Assim que foi anunciado que estavam concorrendo na categoria de Melhor Performance Pop Duo\/Grupo, foi publicada a <\/span><a href=\"https:\/\/twitter.com\/BTS_twt\/status\/1331298544834076672?s=20&amp;t=bwmtiswzCO2qlhGoQAGnkg\"><span style=\"font-weight: 400;\">rea\u00e7\u00e3o de quatro membros (RM, Jimin, V e Jungkook)<\/span> <\/a><span style=\"font-weight: 400;\">no Twitter, e posteriormente um v\u00eddeo mais completo foi publicado no BANGTANTV, canal do grupo no Youtube.&nbsp;<\/span><\/p>\n\n<!-- wp:embed {\"url\":\"https:\/\/youtu.be\/m1aAyKMVUUU\",\"type\":\"video\",\"providerNameSlug\":\"youtube\",\"responsive\":true,\"className\":\"wp-embed-aspect-16-9 wp-has-aspect-ratio\"} -->\n<figure class=\"wp-block-embed is-type-video is-provider-youtube wp-block-embed-youtube wp-embed-aspect-16-9 wp-has-aspect-ratio\"><div class=\"wp-block-embed__wrapper\">\nhttps:\/\/youtu.be\/m1aAyKMVUUU\n<\/div><\/figure>\n<!-- \/wp:embed -->\n\n<!-- wp:paragraph -->\n<p><\/p>\n<!-- \/wp:paragraph -->\n\n<!-- wp:paragraph -->\n<p>Mas n\u00e3o se engane achando que a hist\u00f3ria de BTS com o Grammy come\u00e7ou nessa indica\u00e7\u00e3o. Por ser uma premia\u00e7\u00e3o muito reconhecida na ind\u00fastria musical, todo artista sonha em ser indicado e levar o gramofone para casa, com eles n\u00e3o \u00e9 diferente. Em abril de 2019, o grupo lan\u00e7ou o \u00e1lbum <a href=\"https:\/\/rollingstone.uol.com.br\/noticia\/bts-ultrapassa-ariana-grande-e-billie-eilish-e-tem-disco-mais-vendido-nos-estados-unidos\/\"><em>Map <\/em><em>of the Soul: Persona<\/em> , que foi um sucesso comercial com apenas sete faixas<\/a>. No mesmo ano, o grupo colocou tr\u00eas discos no topo das paradas em apenas 11 meses,&nbsp; se tornando o primeiro ato a ultrapassar pela primeira vez um grupo fundamental na hist\u00f3ria musical do Ocidente, os Beatles. J\u00e1 no in\u00edcio de 2020, eles lan\u00e7aram o \u00e1lbum <a href=\"https:\/\/rollingstone.uol.com.br\/noticia\/o-que-esperar-de-map-soul-7-do-bts\/\"><em>Map of the Soul: 7<\/em><\/a>, um disco de suma import\u00e2ncia, por fazer refer\u00eancia a trajet\u00f3ria do grupo. Esse mesmo \u00e1lbum colocou BTS nos <em>charts<\/em>. Mas por que todos esses feitos n\u00e3o foram suficientes para o BTS ter as suas admiss\u00f5es aceitas pela academia?&nbsp;<\/p>\n<!-- \/wp:paragraph -->\n\n<!-- wp:paragraph -->\n<p>Mesmo j\u00e1 tendo submetido outros trabalhos nas edi\u00e7\u00f5es anteriores da premia\u00e7\u00e3o que poderiam ter sido reconhecidos por ela, a nomea\u00e7\u00e3o do septeto s\u00f3 veio depois do lan\u00e7amento de <a href=\"https:\/\/youtu.be\/gdZLi9oWNZg\"><em>Dynamite<\/em><\/a>. Mas o que essa faixa tinha de diferente das outras j\u00e1 divulgadas pelo grupo sul-coreano para ser notada pelo Grammy? Lan\u00e7ada em agosto de 2020, <em>Dynamite<\/em> foi a primeira m\u00fasica do grupo cantada inteiramente em ingl\u00eas. Com o hist\u00f3rico do septeto, imagina que coincid\u00eancia eles terem uma m\u00fasica cantada em uma l\u00edngua que n\u00e3o \u00e9 a l\u00edngua materna deles, e logo em seguida chamar aten\u00e7\u00e3o da academia e ser&nbsp; indicada a uma categoria. Entretanto, o fato de terem conquistado 100 milh\u00f5es de visualiza\u00e7\u00f5es no YouTube nas primeiras 24 horas ap\u00f3s o lan\u00e7amento, o primeiro lugar nas paradas musicais por semanas, entre outros recordes, n\u00e3o foram suficientes para que BTS levasse o gramofone. Mas pra n\u00f3s, ARMYS, isso n\u00e3o foi o pior. O pior foi o fato de a premia\u00e7\u00e3o ter anunciado do in\u00edcio at\u00e9 o fim a performance da m\u00fasica, usando o nome do grupo para segurar a audi\u00eancia, tendo sido ele o \u00faltimo a se apresentar e, como esperando, entregando uma performance impec\u00e1vel.&nbsp;&nbsp;<\/p>\n<!-- \/wp:paragraph -->\n\n<!-- wp:embed {\"url\":\"https:\/\/youtu.be\/jWRMXiHhDjc\",\"type\":\"video\",\"providerNameSlug\":\"youtube\",\"responsive\":true,\"className\":\"wp-embed-aspect-16-9 wp-has-aspect-ratio\"} -->\n<figure class=\"wp-block-embed is-type-video is-provider-youtube wp-block-embed-youtube wp-embed-aspect-16-9 wp-has-aspect-ratio\"><div class=\"wp-block-embed__wrapper\">\nhttps:\/\/youtu.be\/jWRMXiHhDjc\n<\/div><\/figure>\n<!-- \/wp:embed -->\n\n<!-- wp:paragraph -->\n<p><\/p>\n<!-- \/wp:paragraph -->\n\n<!-- wp:heading {\"level\":3} -->\n<h3><strong>Hist\u00f3rico do <\/strong>Grammy<\/h3>\n<!-- \/wp:heading -->\n\n<!-- wp:paragraph -->\n<p>Temos que esclarecer que o Grammy Awards \u00e9 uma premia\u00e7\u00e3o que conquistou muito prest\u00edgio ao longo dos anos. Mas, em 2020, surgiram acusa\u00e7\u00f5es contra a academia feitas por Deborah Dugan, ex-presidente e diretora do Grammy, que deixou seu cargo sob acusa\u00e7\u00e3o de m\u00e1 conduta. Deborah chegou a citar uma lista extensa de acusa\u00e7\u00f5es que, de acordo com a <a href=\"https:\/\/variety.com\/2020\/music\/news\/deborah-dugan-recording-academy-grammy-awards-nominations-tampering-1203522399\/\">revista Variety<\/a>, os membros do conselho \u201cusavam comit\u00eas secretos como oportunidade para promover artistas com quem eles tinham relacionamentos\u201d. Essa quest\u00e3o do favoritismo de certos artistas por parte do comit\u00ea n\u00e3o \u00e9 surpresa para quem acompanha o evento. Em 2021 ficou ainda mais evidente que, mesmo tendo um selo de \u201cdiversidade\u201d, a postura do Grammy \u2014 com sua banca de jurados composta por homens brancos \u2014 ainda \u00e9 baseada no racismo, xenofobia e machismo.&nbsp;<\/p>\n<!-- \/wp:paragraph -->\n\n<!-- wp:paragraph -->\n<p>Em mar\u00e7o de 2021, o <a href=\"https:\/\/www.nexojornal.com.br\/grafico\/2021\/03\/15\/As-premia%C3%A7%C3%B5es-do-Grammy-e-o-perfil-dos-principais-vencedores\">Nexo Jornal<\/a> publicou um gr\u00e1fico explicando alguns aspectos sobre a premia\u00e7\u00e3o e fez uma an\u00e1lise do perfil dos principais vencedores. Para contextualizar um pouco do que acontece no Grammy, confira abaixo:&nbsp;<\/p>\n<!-- \/wp:paragraph -->\n\n<!-- wp:html -->\n<div style=\"position: relative; width: 70%; height: 70%; padding-top: 100.0000%; padding-bottom: 0px; box-shadow: 0 2px 8px 0 rgba(63,69,81,0.16); margin-top: 1.6em; margin-bottom: 0.9em; overflow: hidden; border-radius: 8px; will-change: transform;\"><iframe loading=\"lazy\" style=\"position: absolute; width: 100%; height: 100%; top: 0; left: 0; border: none; padding: 0;margin: 0;\" src=\"https:\/\/www.canva.com\/design\/DAE7c5ny6Jk\/view?embed\" allowfullscreen=\"allowfullscreen\"><\/iframe><\/div>\n<!-- \/wp:html -->\n\n<!-- wp:paragraph -->\n<p><\/p>\n<!-- \/wp:paragraph -->\n\n<!-- wp:paragraph -->\n<p>Casos de racismo s\u00e3o recorrentes na premia\u00e7\u00e3o e a academia j\u00e1 recebeu in\u00fameras cr\u00edticas por isso, mas continua criando obst\u00e1culos para que produ\u00e7\u00f5es de artistas negros n\u00e3o recebam o devido reconhecimento, e casos como os de <a href=\"https:\/\/oglobo.globo.com\/cultura\/musica\/produtores-do-grammy-criticam-frank-ocean-cantor-reage-em-carta-aberta-20920124\">Frank Ocean<\/a>, <a href=\"https:\/\/hugogloss.uol.com.br\/famosos\/nicki-minaj-abre-o-jogo-sobre-suposto-boicote-do-grammy-envolvendo-produtor-exposto-por-ariana-grande\/\">Nicki Minaj<\/a> e <a href=\"https:\/\/portalpopline.com.br\/the-weeknd-nao-vai-mais-submeter-suas-musicas-ao-grammy\/\">The Weeknd<\/a> s\u00e3o provas disso.&nbsp;<\/p>\n<!-- \/wp:paragraph -->\n\n<!-- wp:paragraph -->\n<p>Outro ponto importante a destacar na conduta da ind\u00fastria que cerca o Grammy \u00e9 a xenofobia. Al\u00e9m do fato de existirem categorias como a de Melhor \u00c1lbum Pop Latino para separar artistas que n\u00e3o s\u00e3o nascidos no territ\u00f3rio norte-americano, existe uma vers\u00e3o latina da premia\u00e7\u00e3o, que est\u00e1 a\u00ed h\u00e1 20 anos s\u00f3 pra confirmar o quanto a ind\u00fastria musical, e n\u00e3o apenas ela, imp\u00f5e uma cren\u00e7a separatista.&nbsp;<\/p>\n<!-- \/wp:paragraph -->\n\n<!-- wp:paragraph -->\n<p>Nos \u00faltimos anos, come\u00e7amos a notar a presen\u00e7a de grupos ou artistas asi\u00e1ticos conquistando o mundo da m\u00fasica ocidental. Um dos exemplos mais not\u00f3rios desse alcance foi o hit <a href=\"https:\/\/youtu.be\/9bZkp7q19f0\"><em>Gangnam Style<\/em><\/a>, lan\u00e7ado por PSY em 2012. Atualmente, temos BTS. Se os gr\u00e1ficos s\u00e3o um ponto importante na ind\u00fastria musical, por qu\u00ea, <a href=\"https:\/\/rollingstone.uol.com.br\/noticia\/grammy-2021-4-motivos-pelos-quais-weeknd-merecia-pelo-menos-uma-indicacao\/\">com todo o sucesso por ter ficado 39 semanas no top 10 da Billboard Hot 100 e ter o \u00e1lbum aclamado por f\u00e3s e cr\u00edticos<\/a>, The Weeknd n\u00e3o foi indicado ano passado? E por que a indica\u00e7\u00e3o de BTS demorou e no fim eles n\u00e3o ganharam, mesmo tudo mostrando o contr\u00e1rio? As respostas para esses questionamentos est\u00e3o bem claras, s\u00f3 n\u00e3o enxerga as discrimina\u00e7\u00f5es presentes no hist\u00f3rico da premia\u00e7\u00e3o quem n\u00e3o quer.&nbsp;<\/p>\n<!-- \/wp:paragraph -->\n\n<!-- wp:paragraph -->\n<p>Em 2019, o grupo foi convidado para <a href=\"https:\/\/youtu.be\/0a6F8bMQ9FE\">apresentar o resultado da categoria de \"Melhor \u00c1lbum R &amp; B\"<\/a> e o integrante RM afirmou que eles iriam voltar. No ano seguinte, <a href=\"https:\/\/youtu.be\/qiuQ1cGGwOA\">eles foram convidados por Lil Nax X para performar<\/a> um trecho de uma das vers\u00f5es lan\u00e7adas do sucesso <em>Old Town Road<\/em>, e mesmo sendo por pouco tempo, o fato de eles estarem performando no palco sem serem indicados j\u00e1 era algo.&nbsp;<\/p>\n<!-- \/wp:paragraph -->\n\n<!-- wp:paragraph -->\n<p>Em 2021, o grupo era candidato forte ao pr\u00eamio, mas todo o processo aqui comentado s\u00f3 fez com que os f\u00e3s se revoltassem mais ainda, com v\u00e1rias manifesta\u00e7\u00f5es disso nas redes sociais. A m\u00eddia tamb\u00e9m questionou a aus\u00eancia de premia\u00e7\u00e3o para o grupo. A <em>Forbes<\/em>, por exemplo, levantou a quest\u00e3o: era o BTS que precisava do Grammy ou o Grammy que precisava dele?<\/p>\n<!-- \/wp:paragraph -->\n\n<!-- wp:image {\"align\":\"wide\",\"id\":764,\"sizeSlug\":\"full\",\"linkDestination\":\"none\"} -->\n<figure class=\"wp-block-image alignwide size-full\"><img src=\"https:\/\/webjornalismo.unicap.br\/bts-army\/wp-content\/uploads\/2022\/05\/gif-BTS-manchetes.gif\" alt=\"\" class=\"wp-image-764\"\/><\/figure>\n<!-- \/wp:image -->\n\n<!-- wp:paragraph -->\n<p><\/p>\n<!-- \/wp:paragraph -->\n\n<!-- wp:heading {\"level\":3} -->\n<h3><strong>Grammy Awards 2022<\/strong><\/h3>\n<!-- \/wp:heading -->\n\n<!-- wp:paragraph -->\n<p>Estamos em 2022, a 64\u00ba edi\u00e7\u00e3o do <a href=\"https:\/\/tracklist.com.br\/grammy-the-weeknd\/103008\">Grammy Awards prometeu mudan\u00e7as<\/a>, como o fim dos comit\u00eas secretos, mas acabou n\u00e3o entregando nada muito diferente dos anos anteriores. Quando eu digo isso n\u00e3o estou falando apenas do fato de, mais uma vez, BTS n\u00e3o ter levado o trof\u00e9u, mas, sim, por premiar m\u00fasicas que t\u00eam estilo um pouco antiquado quando na ind\u00fastria o que mais temos s\u00e3o novidades.&nbsp;<\/p>\n<!-- \/wp:paragraph -->\n\n<!-- wp:paragraph -->\n<p>No entanto, n\u00e3o podemos dizer que a bancada do Grammy n\u00e3o tentou, j\u00e1 que eles pretendiam inserir o que h\u00e1 de popular no momento, premiando a cantora Olivia Rodrigo, de 19 anos, como premiou Billie Eilish, na edi\u00e7\u00e3o de 2020. Mas n\u00e3o podemos comparar, j\u00e1 que Billie venceu as quatro categorias principais (Grava\u00e7\u00e3o do Ano, \u00c1lbum do Ano, Can\u00e7\u00e3o do Ano e Artista Revela\u00e7\u00e3o) naquele ano, e Olivia venceu s\u00f3 uma delas, a de Artista Revela\u00e7\u00e3o. Ainda teve a performance muito elogiada de Lil Nas X, que em 2020 foi um dos destaques e, na edi\u00e7\u00e3o de 2022, saiu sem nenhum pr\u00eamio. E ele concorria nas categorias principais com a m\u00fasica <em>Montero (Call me by your name)<\/em> e na Performance de Rap Mel\u00f3dico com <em>Industry Baby<\/em>, parceria com Jack Harlow.&nbsp;&nbsp;<\/p>\n<!-- \/wp:paragraph -->\n\n<!-- wp:paragraph -->\n<p>Na tentativa de inovar, a The Recording Academy acabou se \u201cperdendo no personagem\u201d e continuou na mesmice. O grande vencedor do Grammy 2022 foi o cantor e compositor Jon Batiste, que venceu cinco das 11 categorias em que estava concorrendo. O \u00e1lbum que levou Batiste a ganhar uma das categorias fazia refer\u00eancia a uma tradi\u00e7\u00e3o musical estadunidense, e at\u00e9 na sua apresenta\u00e7\u00e3o o cantor ressaltou sua linhagem do <em>jazz<\/em>, g\u00eanero bastante popular que surgiu em New Orleans entre 1890 e 1910. Outro nome importante da noite foi Silk Sonic, supergrupo formado por Bruno Mars e Anderson .Paak, que, para o projeto, se inspirou nos anos 1970 e 1980, ao misturar <em>funk<\/em>, <em>soul<\/em> e <em>R &amp; B<\/em> . O <em>duo<\/em> abriu as apresenta\u00e7\u00f5es da noite e depois levou pr\u00eamios como o de Grava\u00e7\u00e3o e M\u00fasica do Ano.&nbsp;<\/p>\n<!-- \/wp:paragraph -->\n\n<!-- wp:paragraph -->\n<p>Foi percept\u00edvel tamb\u00e9m que a academia, ap\u00f3s tantas cr\u00edticas, buscou recuperar alguns dos pontos em que perderam a relev\u00e2ncia.&nbsp; The Weeknd, sem querer at\u00e9, levou o pr\u00eamio em uma parceria feita com o rapper Kanye West, que n\u00e3o se apresentou por mau comportamento. Mas tais a\u00e7\u00f5es n\u00e3o foram suficientes para ser considerada uma grande transforma\u00e7\u00e3o por parte da academia.&nbsp;<\/p>\n<!-- \/wp:paragraph -->\n\n<!-- wp:image {\"align\":\"wide\",\"id\":823,\"sizeSlug\":\"full\",\"linkDestination\":\"none\",\"className\":\"is-style-default\"} -->\n<figure class=\"wp-block-image alignwide size-full is-style-default\"><img src=\"https:\/\/webjornalismo.unicap.br\/bts-army\/wp-content\/uploads\/2022\/05\/giphy.gif\" alt=\"\" class=\"wp-image-823\"\/><\/figure>\n<!-- \/wp:image -->\n\n<!-- wp:paragraph -->\n<p>O Grammy resolveu mudar a forma de jogar e inverteu suas t\u00e1ticas ao usar o nome de BTS esse ano. Desde a chegada ao local, o septeto chamou tanta aten\u00e7\u00e3o que o fato deles n\u00e3o terem ganhado n\u00e3o fez tanta diferen\u00e7a, j\u00e1 que gra\u00e7as ao carisma e a performance misteriosa, eles foram um dos grandes nomes da noite, nas redes sociais, principalmente. Fazendo o oposto do ano passado, <a href=\"https:\/\/youtu.be\/HbkBVxU5K5A\">BTS performou o hit <em>Butter<\/em> <\/a>nos primeiros 30 minutos do evento; mas, em compensa\u00e7\u00e3o, a categoria em que eles estavam concorrendo foi uma das \u00faltimas a ser anunciadas.&nbsp;<\/p>\n<!-- \/wp:paragraph -->\n\n<!-- wp:paragraph -->\n<p>Entre os f\u00e3s n\u00e3o foi uma grande surpresa esse comportamento da premia\u00e7\u00e3o para com os \u00eddolos, foi uma noite de grandes emo\u00e7\u00f5es e, infelizmente, teve uma pontinha de decep\u00e7\u00e3o ap\u00f3s o resultado, mas n\u00e3o tanto quanto no ano passado. O pr\u00f3prio BTS deixou claro que n\u00e3o estava em Las Vegas apenas por causa do Grammy, mas sim para ver o ARMY,&nbsp; pois o encerramento da s\u00e9rie de apresenta\u00e7\u00f5es denominada <em>Permission to dance on stage <\/em>seria na cidade. Obviamente que os f\u00e3s demonstraram seu descontentamento no Twitter, e diversos pontos observados por eles foram compartilhados, ao surgir o questionamento do porqu\u00ea o grupo continua participando da premia\u00e7\u00e3o.<\/p>\n<!-- \/wp:paragraph -->\n\n<!-- wp:embed {\"url\":\"https:\/\/twitter.com\/namunjoon\/status\/1510817949573132291?s=20u0026t=jH3A8jINZq6tM-fI26eqJw\",\"type\":\"rich\",\"providerNameSlug\":\"twitter\",\"responsive\":true,\"align\":\"center\"} -->\n<figure class=\"wp-block-embed aligncenter is-type-rich is-provider-twitter wp-block-embed-twitter\"><div class=\"wp-block-embed__wrapper\">\nhttps:\/\/twitter.com\/namunjoon\/status\/1510817949573132291?s=20&amp;t=jH3A8jINZq6tM-fI26eqJw\n<\/div><\/figure>\n<!-- \/wp:embed -->\n\n<!-- wp:paragraph -->\n<p>Se pararmos para analisar, a lista de artistas que n\u00e3o t\u00eam um gramofone na estante n\u00e3o s\u00e3o menos artistas por isso. N\u00e3o podemos resumir a hist\u00f3ria deles apenas a um pr\u00eamio, por mais prestigiado que ele seja. O grupo sueco ABBA, por exemplo, foi pela primeira vez indicado ao Grammy 2022, na categoria grava\u00e7\u00e3o do ano com a m\u00fasica <em>I still have faith on you<\/em>, e n\u00e3o ganhou; Jimi Hendrix s\u00f3 teve uma nomea\u00e7\u00e3o na 13\u00ba edi\u00e7\u00e3o e n\u00e3o ganhou; a banda brit\u00e2nica de sucesso Queen nunca foi nem indicada, e eles n\u00e3o s\u00e3o menos lembrados por nunca terem ganhado. Com isso, entendemos que n\u00e3o se trata apenas de ganhar, mas, sim, de impactar e fazer hist\u00f3ria. E isso, BTS j\u00e1 fez.&nbsp;<\/p>\n<!-- \/wp:paragraph -->","_et_gb_content_width":"","footnotes":""},"categories":[15],"tags":[],"class_list":["post-541","post","type-post","status-publish","format-standard","has-post-thumbnail","hentry","category-artigos"],"_links":{"self":[{"href":"https:\/\/webjornalismo.unicap.br\/bts-army\/wp-json\/wp\/v2\/posts\/541","targetHints":{"allow":["GET"]}}],"collection":[{"href":"https:\/\/webjornalismo.unicap.br\/bts-army\/wp-json\/wp\/v2\/posts"}],"about":[{"href":"https:\/\/webjornalismo.unicap.br\/bts-army\/wp-json\/wp\/v2\/types\/post"}],"author":[{"embeddable":true,"href":"https:\/\/webjornalismo.unicap.br\/bts-army\/wp-json\/wp\/v2\/users\/2"}],"replies":[{"embeddable":true,"href":"https:\/\/webjornalismo.unicap.br\/bts-army\/wp-json\/wp\/v2\/comments?post=541"}],"version-history":[{"count":33,"href":"https:\/\/webjornalismo.unicap.br\/bts-army\/wp-json\/wp\/v2\/posts\/541\/revisions"}],"predecessor-version":[{"id":975,"href":"https:\/\/webjornalismo.unicap.br\/bts-army\/wp-json\/wp\/v2\/posts\/541\/revisions\/975"}],"wp:featuredmedia":[{"embeddable":true,"href":"https:\/\/webjornalismo.unicap.br\/bts-army\/wp-json\/wp\/v2\/media\/742"}],"wp:attachment":[{"href":"https:\/\/webjornalismo.unicap.br\/bts-army\/wp-json\/wp\/v2\/media?parent=541"}],"wp:term":[{"taxonomy":"category","embeddable":true,"href":"https:\/\/webjornalismo.unicap.br\/bts-army\/wp-json\/wp\/v2\/categories?post=541"},{"taxonomy":"post_tag","embeddable":true,"href":"https:\/\/webjornalismo.unicap.br\/bts-army\/wp-json\/wp\/v2\/tags?post=541"}],"curies":[{"name":"wp","href":"https:\/\/api.w.org\/{rel}","templated":true}]}}