{"id":538,"date":"2022-05-10T17:13:00","date_gmt":"2022-05-10T20:13:00","guid":{"rendered":"https:\/\/webjornalismo.unicap.br\/bts-army\/index.php\/2022\/05\/10\/and-now-your-highness-we-will-discuss-the-location-of-your\/"},"modified":"2022-06-05T18:03:56","modified_gmt":"2022-06-05T21:03:56","slug":"bts-army-fa-ativismo-e-causas-sociais","status":"publish","type":"post","link":"https:\/\/webjornalismo.unicap.br\/bts-army\/bts-army-fa-ativismo-e-causas-sociais\/","title":{"rendered":"BTS ARMY:<br>F\u00e3 ativismo e causas sociais"},"content":{"rendered":"\n<figure class=\"wp-block-image size-large\"><img loading=\"lazy\" decoding=\"async\" width=\"1024\" height=\"768\" src=\"https:\/\/webjornalismo.unicap.br\/bts-army\/wp-content\/uploads\/2022\/05\/BTS-SHOW-1024x768.jpg\" alt=\"\" class=\"wp-image-664\" srcset=\"https:\/\/webjornalismo.unicap.br\/bts-army\/wp-content\/uploads\/2022\/05\/BTS-SHOW-980x735.jpg 980w, https:\/\/webjornalismo.unicap.br\/bts-army\/wp-content\/uploads\/2022\/05\/BTS-SHOW-480x360.jpg 480w\" sizes=\"auto, (min-width: 0px) and (max-width: 480px) 480px, (min-width: 481px) and (max-width: 980px) 980px, (min-width: 981px) 1024px, 100vw\" \/><figcaption>Show de BTS em Las Vegas. Cr\u00e9dito da foto: Big Hit Entertainment<\/figcaption><\/figure>\n\n\n<p><span style=\"font-weight: 400;\">O <\/span><i><span style=\"font-weight: 400;\">fandom<\/span><\/i><span style=\"font-weight: 400;\"> <span class='et-tooltip'>ARMY<span class='et-tooltip-box'>Nome oficial dos f\u00e3s do BTS, tamb\u00e9m \u00e9 conhecido pela m\u00eddia ocidental como BTS ARMY.<span class='et-tooltip-arrow'><\/span><\/span><\/span> \u00e9 bastante conhecido pela sua organiza\u00e7\u00e3o, quando se trata de espa\u00e7os digitais, ou seja, redes sociais. <\/span><i><span style=\"font-weight: 400;\">Views<\/span><\/i><span style=\"font-weight: 400;\"> no Youtube, <\/span><i><span style=\"font-weight: 400;\">stream<\/span><\/i><span style=\"font-weight: 400;\"> e vota\u00e7\u00f5es s\u00e3o exemplos que tiveram resultados positivos, gra\u00e7as \u00e0 estrutura bem planejada que o grupo criou para executar essas atividades. Com mais de 40 milh\u00f5es de membros, o <span class='et-tooltip'>ARMY<span class='et-tooltip-box'>Nome oficial dos f\u00e3s do BTS, tamb\u00e9m \u00e9 conhecido pela m\u00eddia ocidental como BTS ARMY.<span class='et-tooltip-arrow'><\/span><\/span><\/span> acaba se destacando entre outros grupos de f\u00e3s por se posicionar e mobilizar pautas que dizem respeito n\u00e3o s\u00f3 ao BTS, mas tamb\u00e9m a causas sociais.&nbsp;<\/span><\/p>\n<p><span style=\"font-weight: 400;\">\u00c9 necess\u00e1rio lembrar que, h\u00e1 alguns anos, se referir a grupos de admiradores n\u00e3o era algo positivo e at\u00e9 hoje ainda existem prejulgamentos por causa de estere\u00f3tipos que foram criados com base em alguns casos espec\u00edficos. Se feita uma breve pesquisa no Google, \u00e9 poss\u00edvel perceber que os sin\u00f4nimos que aparecem s\u00e3o em sua maioria negativos, como: fan\u00e1ticos, obcecados, doentes, man\u00edacos. Artistas como Madonna, Beyonc\u00e9, Miley Cyrus e Justin Timberlake j\u00e1 foram atacados por f\u00e3s, outros casos mais s\u00e9rios s\u00e3o os de Selena e John Lennon, ambos assassinados por pessoas que diziam ser seus f\u00e3s.&nbsp;<\/span><\/p>\n<p><span style=\"font-weight: 400;\">Outro r\u00f3tulo que se faz presente tem liga\u00e7\u00e3o ao aspecto de g\u00eanero, sexualidade, ra\u00e7a, gera\u00e7\u00e3o e outros. \u00c9 muito f\u00e1cil, hoje em dia, fazer algumas associa\u00e7\u00f5es err\u00f4neas, quando uma pessoa diz fazer parte de um <\/span><i><span style=\"font-weight: 400;\">fandom<\/span><\/i><span style=\"font-weight: 400;\">, independentemente de qual seja ele, a pessoa ser\u00e1 apontada por algum motivo. O <span class='et-tooltip'>ARMY<span class='et-tooltip-box'>Nome oficial dos f\u00e3s do BTS, tamb\u00e9m \u00e9 conhecido pela m\u00eddia ocidental como BTS ARMY.<span class='et-tooltip-arrow'><\/span><\/span><\/span> \u00e9 um exemplo de <\/span><i><span style=\"font-weight: 400;\">fandom<\/span><\/i><span style=\"font-weight: 400;\"> diversificado e tamb\u00e9m julgado, mesmo sendo conhecido como uma massa grande e importante na cultura de f\u00e3s e nas redes sociais atualmente. Um dos integrantes do BTS, o Suga, demonstrou que sabe da situa\u00e7\u00e3o que seus f\u00e3s passam apenas por os admirarem.<\/span><\/p>\n<p><\/p>\n\n\n<figure class=\"wp-block-embed aligncenter is-type-rich is-provider-twitter wp-block-embed-twitter\"><div class=\"wp-block-embed__wrapper\">\n<blockquote class=\"twitter-tweet\" data-width=\"550\" data-dnt=\"true\"><p lang=\"pt\" dir=\"ltr\">\u201celes s\u00e3o menosprezados constantemente por serem f\u00e3s de idols, mas na verdade elas s\u00e3o pessoas extraordin\u00e1rias.\u201d<br>Yoongi falando sobre o preconceito que sofremos apenas por sermos f\u00e3s de \u201cidols\u201d. <a href=\"https:\/\/t.co\/Gr8BqVnven\">pic.twitter.com\/Gr8BqVnven<\/a><\/p>&mdash; \ud835\udc1b\ud835\udc25\ud835\udc2e\ud835\udc1e \ud835\udc1c\ud835\udc21\ud835\udc22\ud835\udc25\ud835\udc1d\u2077 (@youare_my_tear) <a href=\"https:\/\/twitter.com\/youare_my_tear\/status\/1491691357697716226?ref_src=twsrc%5Etfw\">February 10, 2022<\/a><\/blockquote><script async src=\"https:\/\/platform.twitter.com\/widgets.js\" charset=\"utf-8\"><\/script>\n<\/div><\/figure>\n\n\n\n<p><\/p>\n\n\n\n<h3 class=\"wp-block-heading\">Causas Sociais<\/h3>\n\n\n\n<p>BTS, em si, \u00e9 um grupo que atua filantr\u00f3picamente em causas sociais. Tudo come\u00e7ou ap\u00f3s o lan\u00e7amento da campanha anti-viol\u00eancia <a href=\"https:\/\/www.love-myself.org\/eng\/home\/\">Love Myself<\/a>, parceria com a Unicef que tem como objetivo levantar fundos para combater a viol\u00eancia entre crian\u00e7as e jovens. Para a campanha, o BTS e sua empresa, a Big Hit Entertainment, doaram 50 milh\u00f5es de won sul-coreanos (US $418.897,60) e destinaram 3% da venda dos \u00e1lbuns da cole\u00e7\u00e3o <em>Love Yourself<\/em> para a a\u00e7\u00e3o. Tais envolvimentos sociais se estenderam e continuaram de forma individual, a ponto dos membros realizarem doa\u00e7\u00f5es em seus respectivos anivers\u00e1rios.<\/p>\n\n\n\n<p>Por se inspirar bastante nas a\u00e7\u00f5es do septeto, o <span class='et-tooltip'>ARMY<span class='et-tooltip-box'>Nome oficial dos f\u00e3s do BTS, tamb\u00e9m \u00e9 conhecido pela m\u00eddia ocidental como BTS ARMY.<span class='et-tooltip-arrow'><\/span><\/span><\/span> come\u00e7ou a mobilizar projetos <em>offline<\/em> em prol de movimentos globais. Um exemplo disso \u00e9 o grupo <a href=\"https:\/\/www.oneinanarmy.org\/\"><em>One In An ARMY<\/em> (OIAA)<\/a>, que atua em colabora\u00e7\u00e3o com organiza\u00e7\u00f5es sem fins lucrativos ao redor no mundo e incentiva doa\u00e7\u00f5es.&nbsp; Os f\u00e3s de BTS e de outros grupos de K-Pop tamb\u00e9m chamaram bastante aten\u00e7\u00e3o ao boicotar o com\u00edcio do ex-presidente dos Estados Unidos, Donald Trump, em Tulsa, Oklahoma, no dia 20 de junho de 2020. O evento aconteceu na arena BOK Center, que tem capacidade para 19 mil espectadores, mas para o qual s\u00f3 compareceram 6.2 mil pessoas, deixando assim o local parcialmente vazio.&nbsp;<\/p>\n\n\n\n<p>Outro exemplo que podemos citar que envolve o <span class='et-tooltip'>ARMY<span class='et-tooltip-box'>Nome oficial dos f\u00e3s do BTS, tamb\u00e9m \u00e9 conhecido pela m\u00eddia ocidental como BTS ARMY.<span class='et-tooltip-arrow'><\/span><\/span><\/span> e a\u00e7\u00f5es sociais foi o epis\u00f3dio do <a href=\"https:\/\/www.uol.com.br\/universa\/noticias\/redacao\/2020\/06\/03\/black-lives-matter-conheca-o-movimento-fundado-por-tres-mulheres.htm\">movimento <em>Black lives matter<\/em><\/a>, que surgiu em 2013 e voltou a ser pauta em 2020 ap\u00f3s a morte de George Floyd, um homem negro que foi assasinado por um policial em Minneapolis, nos Estados Unidos. Dessa forma, a <em>hashtag<\/em> #BlackLivesMatter (Vidas negras importam) ficou em alta nas redes sociais, e contou com o apoio de v\u00e1rias celebridades, inclusive do BTS, na luta contra o racismo e para cobrar das autoridades o resguardo das&nbsp; vidas negras.&nbsp;<\/p>\n\n\n\n<figure class=\"wp-block-embed is-type-rich is-provider-twitter wp-block-embed-twitter\"><div class=\"wp-block-embed__wrapper\">\n<blockquote class=\"twitter-tweet\" data-width=\"550\" data-dnt=\"true\"><p lang=\"ko\" dir=\"ltr\">\uc6b0\ub9ac\ub294 \uc778\uc885\ucc28\ubcc4\uc5d0 \ubc18\ub300\ud569\ub2c8\ub2e4.<br>\uc6b0\ub9ac\ub294 \ud3ed\ub825\uc5d0 \ubc18\ub300\ud569\ub2c8\ub2e4.<br>\ub098, \ub2f9\uc2e0, \uc6b0\ub9ac \ubaa8\ub450\ub294 \uc874\uc911\ubc1b\uc744 \uad8c\ub9ac\uac00 \uc788\uc2b5\ub2c8\ub2e4. \ud568\uaed8 \ud558\uaca0\uc2b5\ub2c8\ub2e4.<br><br>We stand against racial discrimination.<br>We condemn violence.<br>You, I and we all have the right to be respected. We will stand together.<a href=\"https:\/\/twitter.com\/hashtag\/BlackLivesMatter?src=hash&amp;ref_src=twsrc%5Etfw\">#BlackLivesMatter<\/a><\/p>&mdash; \ubc29\ud0c4\uc18c\ub144\ub2e8 (@BTS_twt) <a href=\"https:\/\/twitter.com\/BTS_twt\/status\/1268422690336935943?ref_src=twsrc%5Etfw\">June 4, 2020<\/a><\/blockquote><script async src=\"https:\/\/platform.twitter.com\/widgets.js\" charset=\"utf-8\"><\/script>\n<\/div><\/figure>\n\n\n\n<p>Antes de terem o posicionamento do grupo sobre a causa, os f\u00e3s do septeto j\u00e1 estavam agindo ao se juntarem com f\u00e3s de outros grupos de K-Pop para derrubar o aplicativo <em>iWatch Dallas<\/em> \u2014 criado pela pol\u00edcia local e que serviria para juntar den\u00fancias de a\u00e7\u00f5es violentas dos ativistas, e tamb\u00e9m na tarefa de ocultar postagens racistas nas redes sociais atrav\u00e9s da tag #WhiteLivesMatter (Vidas brancas importam). Como os <em>fandoms<\/em> conseguiram tal feito? Simples, compartilhando v\u00eddeos dos seus artistas favoritos, as famosas <em>fancams<\/em>.&nbsp;<\/p>\n\n\n\n<p><\/p>\n\n\n\n<h3 class=\"wp-block-heading\">Army como f\u00e3s ativistas<\/h3>\n\n\n\n<p>Essa capacidade de organiza\u00e7\u00e3o presente entre os f\u00e3s \u00e9 algo que tem que ser reconhecido, principalmente se essa notoriedade quebrar a vis\u00e3o que as pessoas t\u00eam de que, s\u00f3 porque gostam da cultura pop sul-coreana, s\u00e3o adolescentes barulhentas e obcecadas. Tem que ser deixada de lado essa imagem que \u00e9 caracter\u00edstica do machismo estrutural. Assim, ao romper esses estere\u00f3tipos, pode-se come\u00e7ar a pensar no f\u00e3 como uma figura ativista, se levado em considera\u00e7\u00e3o esse comportamento nas redes sociais.&nbsp;<\/p>\n\n\n\n<p>No artigo acad\u00eamico intitulado <a href=\"https:\/\/ther3journal.com\/issue-3\/fan-activists-or-activists-who-happen-to-be-fans\/\"><em>Fan Activists or Activists Who Happen to Be Fans?<\/em><\/a>, Kimery Lynch traz sua an\u00e1lise sobre a organiza\u00e7\u00e3o do fandom nas plataformas digitais e a influ\u00eancia do mesmo em movimentos pol\u00edticos e sociais. Publicado na terceira edi\u00e7\u00e3o da <a href=\"https:\/\/ther3journal.com\/\">The Rhizomatic Revolution Review<\/a>, revista peri\u00f3dica online, um trecho do texto Kimery revela que dentro desses <em>fandoms online<\/em>, os f\u00e3s s\u00e3o integrantes ativos, e acabam muitas vezes se engajando em pautas ativistas antes que a celebridade a mencione.<\/p>\n\n\n\n<p>\u201cArgumento que, a princ\u00edpio, f\u00e3s individuais se engajam em causas pol\u00edticas como um ativista que por acaso \u00e9 f\u00e3, mas uma vez que o objeto do fandom oferece apoio a uma causa, torna-se poss\u00edvel para f\u00e3s, acad\u00eamicos e jornalistas rotul\u00e1-lo de fandom ativismo.\u201d<\/p>\n\n\n\n<p>A revista <em>Continente<\/em> publicou um artigo de opini\u00e3o escrito por Cec\u00edlia Almeida, jornalista, professora do Departamento de Comunica\u00e7\u00e3o Social da Universidade Federal de Pernambuco (UFPE), coordenadora do grupo Obitel-UFPE e integrante do Observat\u00f3rio de M\u00eddia na mesma institui\u00e7\u00e3o, no qual reflete sobre <a href=\"https:\/\/revistacontinente.com.br\/edicoes\/256\/qual-a-regua-para-medir-os-afetos-dos-fasr\">\u201cQual a r\u00e9gua para medir os afetos dos f\u00e3s?\u201d<\/a>. O B-ARMY Newsverse conversou com a jornalista, e ela comentou sobre a tem\u00e1tica de f\u00e3s ativistas.&nbsp;<\/p>\n\n\n\n<p>\u201c\u00c9 algo muito interessante que os f\u00e3s, em alguns momentos, mostram que sua capacidade de mobiliza\u00e7\u00e3o, que seu volume de pessoas podem reverberar em outras coisas e n\u00e3o s\u00f3 em benef\u00edcio de um artista.&nbsp; N\u00e3o \u00e9 algo incomum nesse contexto das novas m\u00eddias, j\u00e1 que nas redes sociais a gente v\u00ea uma possibilidade de coordena\u00e7\u00e3o remota. A gente v\u00ea o f\u00e3 ativista colocando em pr\u00e1tica o que j\u00e1 \u00e9 t\u00edpico dos f\u00e3s desde sempre, que \u00e9: a alta capacidade de coordena\u00e7\u00e3o, alta capacidade de capilariza\u00e7\u00e3o, e a alta capacidade de tomar decis\u00f5es coletivas muito r\u00e1pido.&nbsp; \u00c9 impressionante, do ponto de vista da pot\u00eancia do grupo, no sentido das habilidades que s\u00e3o colocadas em pr\u00e1tica\u201d, observa Cec\u00edlia.&nbsp;<\/p>\n\n\n\n<p><\/p>\n\n\n\n<h3 class=\"wp-block-heading\">Army Help The Planet<\/h3>\n\n\n\n<figure class=\"wp-block-image size-full\"><img loading=\"lazy\" decoding=\"async\" width=\"792\" height=\"468\" src=\"https:\/\/webjornalismo.unicap.br\/bts-army\/wp-content\/uploads\/2022\/05\/army-help-the-planet.jpg\" alt=\"\" class=\"wp-image-663\" srcset=\"https:\/\/webjornalismo.unicap.br\/bts-army\/wp-content\/uploads\/2022\/05\/army-help-the-planet.jpg 792w, https:\/\/webjornalismo.unicap.br\/bts-army\/wp-content\/uploads\/2022\/05\/army-help-the-planet-480x284.jpg 480w\" sizes=\"auto, (min-width: 0px) and (max-width: 480px) 480px, (min-width: 481px) 792px, 100vw\" \/><\/figure>\n\n\n\n<p>Em agosto de 2019, <span class='et-tooltip'>B-ARMYS<span class='et-tooltip-box'>Nome que representa os f\u00e3s brasileiros do grupo. B (brasileiros) Armys. Cada pa\u00eds tem uma varia\u00e7\u00e3o, como por exemplo: C (China) ARMYS, K (Korea) ARMYS e etc.<span class='et-tooltip-arrow'><\/span><\/span><\/span> se reuniram na inten\u00e7\u00e3o de juntar pequenos grupos de f\u00e3s do septeto para realizar projetos ambientais, visto que no Brasil estava acontecendo o projeto de reflorestamento da Amaz\u00f4nia.&nbsp; Em setembro do mesmo ano foi iniciada a campanha <a href=\"https:\/\/armyhelptheplanet.com\/army-help-the-amazon\/\"><em>ARMY Help The Amazon<\/em><\/a>. Com a arrecada\u00e7\u00e3o de quase R$ 9 mil, a a\u00e7\u00e3o realizada em parceria com a <a href=\"https:\/\/www.iniciativaverde.org.br\/\">Iniciativa Verde<\/a> e o Instituto de Pesquisa <a href=\"https:\/\/ipam.org.br\/pt\/\">IPAM Amaz\u00f4nia<\/a> conseguiu financiar o plantio de 400 \u00e1rvores em regi\u00e3o de preserva\u00e7\u00e3o transamaz\u00f4nica.&nbsp;<\/p>\n\n\n\n<p>A partir da\u00ed foi criado um grupo no Whatsapp com especialistas para estruturar a ideia de continuar com as a\u00e7\u00f5es, nascendo assim o <a href=\"https:\/\/armyhelptheplanet.com\/\">ARMY Help The Planet (AHTP)<\/a>. O projeto participou ativamente em muitas outras causas, a segunda bastante conhecida foi a <a href=\"https:\/\/armyhelptheplanet.com\/army-help-the-pantanal\/\">ARMY Help The Pantanal<\/a>, campanha emergencial de combate contra os inc\u00eandios que ocorreram em 2020. Com parceria de outras <em>fanbases<\/em> e do <a href=\"https:\/\/institutohomempantaneiro.org.br\/\">Instituto Homem Pantaneiro<\/a>, foram arrecadados mais de R$ 52 mil em tr\u00eas semanas, feito que contou com a participa\u00e7\u00e3o de 1970 f\u00e3s.&nbsp;<\/p>\n\n\n\n<p>Em uma entrevista realizada pelo B-ARMY Newsverse, a equipe do AHTP contou sobre a influ\u00eancia do grupo sul-coreano no movimento. \u201cAs a\u00e7\u00f5es do BTS como seres humanos e indiv\u00edduos atrav\u00e9s da m\u00fasica sempre refletiram sua realidade, tanto que \u00e9 poss\u00edvel notar o crescimento deles \u00e0 medida que passaram por diversas situa\u00e7\u00f5es at\u00e9 chegarem onde est\u00e3o. Com essa capacidade de retratar de forma l\u00edrica suas experi\u00eancias com m\u00fasica, no ativismo n\u00e3o seria diferente. As letras de cr\u00edtica \u00e0 sociedade que o BTS entrega s\u00e3o notavelmente aspectos de sua experi\u00eancia direta na sociedade como um ser humano politizado. Artistas influenciam pessoas, isso n\u00e3o \u00e9 um fato novo, mas a boa influ\u00eancia global do BTS est\u00e1 marcando gera\u00e7\u00f5es de uma forma nunca vista antes. O ARMY consegue sentir essa sinergia, e o qu\u00e3o verdadeiros s\u00e3o esses sentimentos e cr\u00edticas que os membros fazem. Queremos fazer algo com esse sentimento, buscamos por mudan\u00e7as e tentamos fazer o que est\u00e1 ao nosso alcance\u201d, disse a equipe ARMY Help the Planet.&nbsp;<\/p>\n\n\n\n<p>A organiza\u00e7\u00e3o do AHTP se d\u00e1 por <a href=\"https:\/\/armyhelptheplanet.com\/equipe-2\/\">10 departamentos<\/a>, e a equipe conta com 54 membros ativos, atuando nas mais diversas \u00e1reas. \u201cCada departamento tem de dois a tr\u00eas l\u00edderes que organizam sua pr\u00f3pria equipe. Al\u00e9m disso, temos um \u00fanico grupo com todos os membros de todos os departamentos onde surgem ideias, e tamb\u00e9m intera\u00e7\u00e3o ou recados entre n\u00f3s\u201d, resume.&nbsp;<\/p>\n\n\n\n<p>Ao ser questionado sobre como iniciam as parcerias e suas respectivas campanhas, o grupo argumenta que n\u00e3o existe um padr\u00e3o para construir as parcerias, e que, na sua maioria, acontece de forma singular. <\/p>\n\n\n\n<blockquote class=\"wp-block-quote is-layout-flow wp-block-quote-is-layout-flow\"><p>\u201cO Greenpeace, por exemplo, sempre admiramos muito o trabalho deles. Ent\u00e3o, um dia, eles interagiram com nossa postagem; depois chamaram a gente pela DM do Twitter. <a href=\"https:\/\/revistaquem.globo.com\/Entretenimento\/kpop\/noticia\/2021\/05\/em-parceria-com-fiocruz-fas-de-bts-lancam-campanha-contra-fome-no-brasil.html\">No caso da Fiocruz<\/a>, o contato com eles diretamente surgiu atrav\u00e9s de outra parceria com a equipe do @tdspelasvacinas. O IPAM estava presente no projeto junto com a Institui\u00e7\u00e3o Iniciativa Verde que realizamos em 2019. O que \u00e9 mais incr\u00edvel \u00e9 que muitas parcerias foram surgindo de forma org\u00e2nica e inesperada.&nbsp; Com alguns mantemos parceria fixa, com outros, parcerias durante o tempo de campanha\u201d.&nbsp;<\/p><\/blockquote>\n\n\n\n<p>A mais recente iniciativa do AHTP teve como objetivo incentivar jovens de 15 a 17 anos, idade na qual o voto n\u00e3o \u00e9 obrigat\u00f3rio, a tirar o t\u00edtulo de eleitor para as elei\u00e7\u00f5es que acontecem em outubro de 2022. A tag da vez foi <a href=\"https:\/\/armyhelptheplanet.com\/vamos-falar-de-politica\/\">#TiraOT\u00edtuloArmy<\/a>, visto que o <em>fandom<\/em> abrange v\u00e1rias faixas et\u00e1rias. A campanha teve diferentes etapas e se iniciou na <a href=\"https:\/\/oglobo.globo.com\/cultura\/em-transmissao-de-show-do-bts-nos-cinemas-fas-distribuem-titulo-de-army-em-campanha-de-conscientizacao-politica-25430647\">transmiss\u00e3o do show do BTS nos cinemas brasileiros<\/a>, onde foram distribu\u00eddos t\u00edtulos de eleitores <span class='et-tooltip'>ARMY<span class='et-tooltip-box'>Nome oficial dos f\u00e3s do BTS, tamb\u00e9m \u00e9 conhecido pela m\u00eddia ocidental como BTS ARMY.<span class='et-tooltip-arrow'><\/span><\/span><\/span>. Entre as fases da campanha tamb\u00e9m tivemos T<a href=\"https:\/\/twitter.com\/ARMY_HTP\/status\/1500825283011792906?s=20&amp;t=WAnRqwporyObhZPxZ3AKCg\">hread explicando como tirar o t\u00edtulo<\/a> dentro do tempo previsto, e&nbsp; proje\u00e7\u00e3o em pr\u00e9dios de 7 capitais do pa\u00eds: Porto Alegre (RS), Bel\u00e9m (PA), Bras\u00edlia (DF), Salvador (BA), Recife (PE), Rio de Janeiro (RJ) e S\u00e3o Paulo (SP).&nbsp;<\/p>\n\n\n\n<p><\/p>\n\n\n\n<figure class=\"wp-block-embed is-type-rich is-provider-twitter wp-block-embed-twitter\"><div class=\"wp-block-embed__wrapper\">\n<blockquote class=\"twitter-tweet\" data-width=\"550\" data-dnt=\"true\"><p lang=\"pt\" dir=\"ltr\">Como parte da campanha <a href=\"https:\/\/twitter.com\/hashtag\/TiraOT%C3%ADtuloArmy?src=hash&amp;ref_src=twsrc%5Etfw\">#TiraOT\u00edtuloArmy<\/a>, o AHTP conseguiu fazer esse projeto incr\u00edvel de proje\u00e7\u00e3o em 6 diferentes pontos do Brasil \ud83d\udc9c <br><br>E ai, Army! J\u00e1 tirou o seu t\u00edtulo? <br><br>Segue as fotos \u2b07\ufe0f <a href=\"https:\/\/t.co\/BqBRnahlTq\">pic.twitter.com\/BqBRnahlTq<\/a><\/p>&mdash; Army Help The Planet (@ARMY_HTP) <a href=\"https:\/\/twitter.com\/ARMY_HTP\/status\/1512556969646821380?ref_src=twsrc%5Etfw\">April 8, 2022<\/a><\/blockquote><script async src=\"https:\/\/platform.twitter.com\/widgets.js\" charset=\"utf-8\"><\/script>\n<\/div><\/figure>\n\n\n\n<p>\u201cToday we vote\u201d, \u201cO voto \u00e9 seu mas o futuro \u00e9 nosso\u201d, \u201cSpeak for yourself\u201d, \u201cO amanh\u00e3 continuar\u00e1 vindo e somos jovens demais para desistir\u201d s\u00e3o exemplos de frases usadas na proje\u00e7\u00e3o, que foram faladas pelo BTS ou est\u00e3o presentes em suas m\u00fasicas. Com toda influ\u00eancia positiva de todos os lados do <em>fandom<\/em>, o AHTP comenta sobre o <em>feedback<\/em> positivo que recebem.&nbsp;<\/p>\n\n\n\n<blockquote class=\"wp-block-quote is-layout-flow wp-block-quote-is-layout-flow\"><p>\u201c\u00c9 muito gratificante ver que o BTS \u00e9 capaz de mobilizar tantas pessoas para diversas causas. Basicamente n\u00f3s somos apenas mediadores entre o ARMY e as institui\u00e7\u00f5es, ent\u00e3o todo o m\u00e9rito \u00e9 do ARMY e do BTS. N\u00f3s sempre nos dedicamos igualmente em cada campanha, e festejamos quando conclu\u00edmos um projeto\u201d.&nbsp;<\/p><\/blockquote>\n\n\n\n<p><a href=\"https:\/\/webjornalismo.unicap.br\/bts-army\/entrevista-com-army-help-the-planet\/\">Acesse aqui a entrevista completa com o ARMY Help The Planet.<\/a><\/p>\n","protected":false},"excerpt":{"rendered":"<p>O ARMY acaba se destacando entre outros grupos de f\u00e3s por se posicionar e mobilizar pautas que dizem respeito n\u00e3o s\u00f3 ao BTS, mas tamb\u00e9m a causas sociais.\u00a0<\/p>\n","protected":false},"author":1,"featured_media":738,"comment_status":"closed","ping_status":"open","sticky":false,"template":"","format":"standard","meta":{"_et_pb_use_builder":"","_et_pb_old_content":"","_et_gb_content_width":"","footnotes":""},"categories":[14],"tags":[],"class_list":["post-538","post","type-post","status-publish","format-standard","has-post-thumbnail","hentry","category-reportagem"],"_links":{"self":[{"href":"https:\/\/webjornalismo.unicap.br\/bts-army\/wp-json\/wp\/v2\/posts\/538","targetHints":{"allow":["GET"]}}],"collection":[{"href":"https:\/\/webjornalismo.unicap.br\/bts-army\/wp-json\/wp\/v2\/posts"}],"about":[{"href":"https:\/\/webjornalismo.unicap.br\/bts-army\/wp-json\/wp\/v2\/types\/post"}],"author":[{"embeddable":true,"href":"https:\/\/webjornalismo.unicap.br\/bts-army\/wp-json\/wp\/v2\/users\/1"}],"replies":[{"embeddable":true,"href":"https:\/\/webjornalismo.unicap.br\/bts-army\/wp-json\/wp\/v2\/comments?post=538"}],"version-history":[{"count":19,"href":"https:\/\/webjornalismo.unicap.br\/bts-army\/wp-json\/wp\/v2\/posts\/538\/revisions"}],"predecessor-version":[{"id":973,"href":"https:\/\/webjornalismo.unicap.br\/bts-army\/wp-json\/wp\/v2\/posts\/538\/revisions\/973"}],"wp:featuredmedia":[{"embeddable":true,"href":"https:\/\/webjornalismo.unicap.br\/bts-army\/wp-json\/wp\/v2\/media\/738"}],"wp:attachment":[{"href":"https:\/\/webjornalismo.unicap.br\/bts-army\/wp-json\/wp\/v2\/media?parent=538"}],"wp:term":[{"taxonomy":"category","embeddable":true,"href":"https:\/\/webjornalismo.unicap.br\/bts-army\/wp-json\/wp\/v2\/categories?post=538"},{"taxonomy":"post_tag","embeddable":true,"href":"https:\/\/webjornalismo.unicap.br\/bts-army\/wp-json\/wp\/v2\/tags?post=538"}],"curies":[{"name":"wp","href":"https:\/\/api.w.org\/{rel}","templated":true}]}}