{"id":528,"date":"2022-05-11T17:12:28","date_gmt":"2022-05-11T20:12:28","guid":{"rendered":"https:\/\/webjornalismo.unicap.br\/bts-army\/index.php\/2022\/05\/11\/do-eiusmod-tempor-incididunt-ut-labore-et-dolore-magna\/"},"modified":"2022-06-05T18:02:08","modified_gmt":"2022-06-05T21:02:08","slug":"armys-academicos-quando-fas-transformam-bts-em-tema-de-pesquisas-academicas","status":"publish","type":"post","link":"https:\/\/webjornalismo.unicap.br\/bts-army\/armys-academicos-quando-fas-transformam-bts-em-tema-de-pesquisas-academicas\/","title":{"rendered":"ARMYS Acad\u00eamicos:<br>Quando f\u00e3s transformam BTS em tema de pesquisas acad\u00eamicas"},"content":{"rendered":"\n<figure class=\"wp-block-video\"><video controls src=\"https:\/\/webjornalismo.unicap.br\/bts-army\/wp-content\/uploads\/2022\/05\/como-me-tornei-army-academica.mp4\"><\/video><figcaption>Como me tornei ARMY Acad\u00eamica<\/figcaption><\/figure>\n\n\n<p><span style=\"font-weight: 400;\">O universo que diz respeito \u00e0 <\/span><i><span style=\"font-weight: 400;\">fandoms<\/span><\/i><span style=\"font-weight: 400;\">, tamb\u00e9m conhecido como cultura de f\u00e3s ou <\/span><i><span style=\"font-weight: 400;\">fan studies<\/span><\/i><span style=\"font-weight: 400;\">,<\/span> <span style=\"font-weight: 400;\">\u00e9 um t\u00f3pico que rendeu v\u00e1rias publica\u00e7\u00f5es e conta com uma lista extensa de pesquisadores,<\/span> <span style=\"font-weight: 400;\">entre os quais Henry Jenkins, Fiske, Matt Hills. O peso que a express\u00e3o \u201cser f\u00e3\u201d carrega \u00e9 o motivo de a sociedade ainda encarar tais pr\u00e1ticas de forma preconceituosa. Partindo do pressuposto de que, anos atr\u00e1s, as atividades de pessoas que admiravam algo ou algu\u00e9m j\u00e1 existiam e eram estudadas, com o surgimento da internet, tudo foi tomando uma<\/span> <span style=\"font-weight: 400;\">maior propor\u00e7\u00e3o.&nbsp;<\/span><\/p>\n<p><span style=\"font-weight: 400;\">Fazendo refer\u00eancia \u00e0 era digital, Jenkins (2006) constatou que o novo f\u00e3 n\u00e3o s\u00f3 consome como tamb\u00e9m passa a produzir, a fazer cr\u00edticas, a editar e a contribuir numa sociedade de conhecimento. Sendo assim, n\u00e3o podemos mais resumir tais h\u00e1bitos \u00e0 obsess\u00e3o, histeria e ao comportamento infantil. Essa \u00e9 uma reportagem na qual lhe convido a expandir sua mente sobre uma das in\u00fameras habilidades dos f\u00e3s do grupo sul-coreano BTS, at\u00e9 porque o <span class='et-tooltip'>ARMY<span class='et-tooltip-box'>Nome oficial dos f\u00e3s do BTS, tamb\u00e9m \u00e9 conhecido pela m\u00eddia ocidental como BTS ARMY.<span class='et-tooltip-arrow'><\/span><\/span><\/span> leva isso t\u00e3o a s\u00e9rio, a ponto atribuir import\u00e2ncia aos seus \u00eddolos n\u00e3o apenas no que diz respeito ao lazer, mas os leva para suas vidas acad\u00eamicas.<\/span><\/p>\n<p><span style=\"font-weight: 400;\">Gabrielly Guimel, de 25 anos, \u00e9 jornalista formada pela Universidade Paulista \u2013 UNIP, designer e diagramadora. Seu trabalho de conclus\u00e3o de curso foi um projeto gr\u00e1fico e editorial de uma revista para o p\u00fablico jovem, inspirada nas fases musicais da <\/span><i><span style=\"font-weight: 400;\">boy band<\/span><\/i><span style=\"font-weight: 400;\"> sul-coreana BTS, chamada <\/span><a href=\"https:\/\/issuu.com\/gabiguimel\/docs\/apresenta__o_revista_youth\"><span style=\"font-weight: 400;\">\u201cYouth: A Revista dos Jovens do Futuro&#8221;<\/span><\/a><span style=\"font-weight: 400;\">. Ela trabalhava no site de m\u00fasica chamado <\/span><a href=\"https:\/\/minutoindie.com\/\"><span style=\"font-weight: 400;\">Minuto Indie<\/span><\/a> <span style=\"font-weight: 400;\">do canal do <\/span><a href=\"https:\/\/www.youtube.com\/c\/MinutoIndie\"><span style=\"font-weight: 400;\">Youtube<\/span><\/a> <span style=\"font-weight: 400;\">do mesmo nome, onde&nbsp; escrevia artigos, not\u00edcias, resenhas e cobria festivais de artistas alternativos. Mas ela sentia que precisava de um refresco cultural, e isso aconteceu quando ela conheceu o BTS.&nbsp;<\/span><\/p>\n<p><span style=\"font-weight: 400;\">\u201cEu conheci o BTS no mesmo ano que comecei a pesquisar sobre os temas do TCC e, como amante da m\u00fasica, o primeiro contato com a pesquisa foi escrevendo primeiramente um artigo e, depois, uma grande reportagem sobre o VMA de 2019, quando a premia\u00e7\u00e3o tinha criado uma categoria para K-pop, marginalizando os artistas da ind\u00fastria da Coreia do Sul.&nbsp; No in\u00edcio de 2020, dando continuidade a minha grande reportagem sobre o VMA que viria ser do BTS, <span class='et-tooltip'><em>Hallyu<\/em><span class='et-tooltip-box'>Termo faz refer\u00eancia \u00e0 populariza\u00e7\u00e3o e \u00e0 influ\u00eancia da cultura sul-coreana dentro e fora da \u00c1sia.<span class='et-tooltip-arrow'><\/span><\/span><\/span>&nbsp;e ind\u00fastria do Kpop, intitulada \u201cBangtan Boys: Uma Boyband Incomum&#8221;, entendi que deveria fazer um trabalho mais aprofundado sobre o grupo e mostrar um olhar diferente deles dentro do jornalismo\u201d, situa a jornalista musical.&nbsp;<\/span><\/p>\n\n\n<figure class=\"wp-block-embed is-type-rich is-provider-twitter wp-block-embed-twitter\"><div class=\"wp-block-embed__wrapper\">\n<blockquote class=\"twitter-tweet\" data-width=\"550\" data-dnt=\"true\"><p lang=\"pt\" dir=\"ltr\">MEU TCC DO BTS TIROU 9,5 NA BANCAAAA A REVISTA YOUTH INSPIRADA NAS ERAS DO GRUPO S\u00d3 RECEBEU ELOGIOS \u201cIMPACTANTE\u201d \u201cTRABALHO MUITO RICO\u201d AS PROFESSORAS FICARAM SEM REA\u00c7\u00c3O E EU TAMB\u00c9M \ud83d\ude2d <a href=\"https:\/\/twitter.com\/BAA_twt?ref_src=twsrc%5Etfw\">@BAA_twt<\/a> OBRIGADA PELO APOIO EU ESTOU MUITO FELIZ BTS \u00c9 ACAD\u00caMICO SIM ARMYS ACREDITEM \ud83d\udc9c <a href=\"https:\/\/t.co\/WUxV5rYaq0\">pic.twitter.com\/WUxV5rYaq0<\/a><\/p>&mdash; gabi guimel is youth girl \ud83d\udc96 (@gabiguimel) <a href=\"https:\/\/twitter.com\/gabiguimel\/status\/1336685397909397509?ref_src=twsrc%5Etfw\">December 9, 2020<\/a><\/blockquote><script async src=\"https:\/\/platform.twitter.com\/widgets.js\" charset=\"utf-8\"><\/script>\n<\/div><\/figure>\n\n\n\n<blockquote class=\"wp-block-quote is-layout-flow wp-block-quote-is-layout-flow\"><p>&#8220;A vontade de fazer um TCC revista sempre esteve em meu cora\u00e7\u00e3o, desde que eu iniciei meu curso. Eu lia muitas, s\u00f3 que tinha um por\u00e9m: os assuntos tratados muitas das vezes eram superficiais. O jovem tinha um r\u00f3tulo, uma ideia padronizada sobre a realidade, sobre o que ele deveria ser, como se vestir, como deveria aparentar, o que seria \u2018legal\u2019 ele consumir, a representatividade era quase nula. Uma das coisas que eu mais admiro no BTS \u00e9 como eles conseguiram estabelecer uma linguagem global a respeito da mensagem que eles desejam passar em seus conte\u00fados. E foi nesse pensamento que eu quis unir e me inspirar nas fases do grupo que tem um direcional a esse tema da juventude \u2013 a <em>The Most Beautiful Moment in Life: Young Forever, Wings <\/em>e<em> Map of the Soul: 7<\/em>. Dentro disso, tentei construir uma cronologia dentre as fases de entendimento, compreens\u00e3o e aceita\u00e7\u00e3o do jovem e suas auto an\u00e1lises de pertencimento e o seu lugar no mundo\u201d, exp\u00f5e ela.&nbsp;<\/p><\/blockquote>\n\n\n\n<p>Estudos sobre f\u00e3s realizados por f\u00e3s ainda \u00e9 algo novo, principalmente quando as pesquisas s\u00e3o sobre grupos de K-pop. \u00c9 mais comum encontrar trabalhos sobre artistas ocidentais, como os Beatles, Madonna, Britney Spears e outros, por quest\u00f5es de materiais dispon\u00edveis em idiomas que s\u00e3o mais acess\u00edveis. Infelizmente ainda lidamos com a barreira lingu\u00edstica quando, academicamente falando, come\u00e7amos a procurar elementos que possam nos ajudar na pesquisa sobre K-pop ou sobre a <span class='et-tooltip'><em>Hallyu wave<\/em><span class='et-tooltip-box'>Conhecido no Ocidente como 'onda coreana', o termo faz refer\u00eancia \u00e0 populariza\u00e7\u00e3o e \u00e0 influ\u00eancia da cultura sul-coreana dentro e fora da \u00c1sia.<span class='et-tooltip-arrow'><\/span><\/span><\/span>. Quando questionada sobre a import\u00e2ncia de <span class='et-tooltip'>ARMYS<span class='et-tooltip-box'>Nome oficial dos f\u00e3s do BTS, tamb\u00e9m \u00e9 conhecido pela m\u00eddia ocidental como BTS ARMY.<span class='et-tooltip-arrow'><\/span><\/span><\/span> acad\u00eamicos, grupo no qual ela se enquadra, Gabrielly declara seu entusiasmo.&nbsp;<\/p>\n\n\n\n<blockquote class=\"wp-block-quote is-layout-flow wp-block-quote-is-layout-flow\"><p>\u201cAcho de extrema valia, tem que fazer mesmo, vamos dar a voz e palco a temas que n\u00e3o s\u00e3o ocasionalmente debatidos da forma que deveriam ser debatidos na academia. Ressignificar os tabus rotulados em cima do corpo amarelo e os f\u00e3s que consomem a <span class='et-tooltip'><em>Hallyu<\/em><span class='et-tooltip-box'>Termo faz refer\u00eancia \u00e0 populariza\u00e7\u00e3o e \u00e0 influ\u00eancia da cultura sul-coreana dentro e fora da \u00c1sia.<span class='et-tooltip-arrow'><\/span><\/span><\/span>, BTS ou a cultura leste asi\u00e1tica. A m\u00fasica pop dificilmente era atrelada ao <em>mainstream<\/em> e ao leste asi\u00e1tico, e gra\u00e7as ao BTS hoje a gente fala que a musicalidade deles alcan\u00e7ou o mundo.\u201d, comentou Gabrielly Guimel.<\/p><\/blockquote>\n\n\n\n<h3 class=\"wp-block-heading\">B-Armys Acad\u00eamicas<\/h3>\n\n\n\n<p>Em 2020, um grupo de <span class='et-tooltip'>ARMYS<span class='et-tooltip-box'>Nome oficial dos f\u00e3s do BTS, tamb\u00e9m \u00e9 conhecido pela m\u00eddia ocidental como BTS ARMY.<span class='et-tooltip-arrow'><\/span><\/span><\/span> brasileiros criou o projeto chamado <span class='et-tooltip'>B-Armys<span class='et-tooltip-box'>Nome que representa os f\u00e3s brasileiros do grupo. B (brasileiros) Armys. Cada pa\u00eds tem uma varia\u00e7\u00e3o, como por exemplo: C (China) ARMYS, K (Korea) ARMYS&nbsp; e etc.<span class='et-tooltip-arrow'><\/span><\/span><\/span> Acad\u00eamicas, que re\u00fane universit\u00e1rios apaixonados pelo BTS, com o objetivo de incentivar e apoiar outros f\u00e3s acad\u00eamicos em suas pesquisas sobre o <em>boy group<\/em> sul-coreano. O BAA, como tamb\u00e9m \u00e9 conhecido, \u00e9 uma associa\u00e7\u00e3o organizada por oito pain\u00e9is e atualmente conta com 25 membros na equipe, que se dividem nas tarefas de acordo com a \u00e1rea de cada um. O projeto \u00e9 o primeiro no pa\u00eds que se tornou s\u00f3lido, quando o assunto s\u00e3o pesquisas que envolvam a <span class='et-tooltip'><em>Hallyu<\/em><span class='et-tooltip-box'>Termo faz refer\u00eancia \u00e0 populariza\u00e7\u00e3o e \u00e0 influ\u00eancia da cultura sul-coreana dentro e fora da \u00c1sia.<span class='et-tooltip-arrow'><\/span><\/span><\/span><em> <\/em>e o BTS, por justamente trazer publica\u00e7\u00f5es, dicas, <a href=\"https:\/\/open.spotify.com\/show\/1ev4XcQz3WviWa0eihHcbp?si=1136b99eb9704900\">podcasts<\/a> e refer\u00eancias bibliogr\u00e1ficas que possam ajudar outros pesquisadores.&nbsp;<\/p>\n\n\n\n<blockquote class=\"wp-block-quote is-layout-flow wp-block-quote-is-layout-flow\"><p>\u201cConversando ali entre os membros no grupo do Whatsapp, foi comentado por uma pessoa a vontade de expandir o projeto de uma forma mais acolhedora. Quer\u00edamos muito que as pessoas tivessem contato com esses pesquisadores e tamb\u00e9m com essas pesquisas da mesma forma que n\u00f3s est\u00e1vamos tendo. Ent\u00e3o fomos nos juntando. O que come\u00e7ou com 11 pessoas, depois passou a ter 20 e assim fomos juntando nossas ideias e do que a gente sentia falta como pesquisadores\u201d, afirma a secret\u00e1ria executiva do BAA, a jornalista Ana Lu\u00edza Gomes.<\/p><\/blockquote>\n\n\n\n<p>A&nbsp; conta do projeto no Twitter sempre menciona os membros e suas pesquisas nas mais diferentes \u00e1reas sobre o BTS, em busca de divulg\u00e1-las para pessoas que n\u00e3o conhecem o BAA e tamb\u00e9m na inten\u00e7\u00e3o de inspirar outros f\u00e3s acad\u00eamicos. <a href=\"https:\/\/twitter.com\/julianainart\/status\/1205818230373330944?s=20&amp;t=gt8767OhqVsxtn0axZgQCw\">Juliana Follador<\/a>, \u00e9 arquiteta e idealizadora do projeto, apresentou seu trabalho de conclus\u00e3o de curso em 2019 sobre arquitetura cenogr\u00e1fica, com <a href=\"https:\/\/issuu.com\/julianafollador\/docs\/tfg_-_issuu\">proposta voltada para o Map of the soul: Persona<\/a>; Ana Lu\u00edza Barbosa, secret\u00e1ria executiva do BAA, tamb\u00e9m fez seu TCC sobre o grupo. Em formato de monografia, Ana Luiza realizou um estudo sobre <a href=\"https:\/\/twitter.com\/beforourspring\/status\/1202372106887028738?s=20&amp;t=gt8767OhqVsxtn0axZgQCw\"><em>Map of the soul<\/em>: As linguagens de clipes do grupo sul-coreano BTS<\/a>.&nbsp;<\/p>\n\n\n\n<figure class=\"wp-block-embed is-type-rich is-provider-twitter wp-block-embed-twitter\"><div class=\"wp-block-embed__wrapper\">\n<blockquote class=\"twitter-tweet\" data-width=\"550\" data-dnt=\"true\"><p lang=\"pt\" dir=\"ltr\">Vamos deixas esse espa\u00e7o pra voc\u00eas divulgarem suas pesquisas e encontrarem pesquisadores com temas em comum pra trocar uma ideia! Bora?? Vamos compartilhar um pouco das pesquisas dos nosso integrantes pra quem quiser conhecer! \ud83d\udc47<\/p>&mdash; B-Armys Acad\u00eamicas \u1d3e\u02b3\u1d52\u1d52\u1da0 (@BAA_twt) <a href=\"https:\/\/twitter.com\/BAA_twt\/status\/1513321038905491459?ref_src=twsrc%5Etfw\">April 11, 2022<\/a><\/blockquote><script async src=\"https:\/\/platform.twitter.com\/widgets.js\" charset=\"utf-8\"><\/script>\n<\/div><\/figure>\n\n\n\n<p>Em uma conversa com Ana Lu\u00edza, ela contou que o BAA teve uma boa recep\u00e7\u00e3o entre os f\u00e3s do BTS. Em junho de 2021, ap\u00f3s o reconhecimento nas redes sociais, o grupo de pesquisa divulgou uma colet\u00e2nea de an\u00e1lises sobre a mixtape D-2, lan\u00e7ada pelo Agust D (Suga). A colet\u00e2nea se tornou o primeiro produto f\u00edsico do BAA, que, gra\u00e7as \u00e0s vendas, acabou ajudando a iniciativa a buscar melhorias no site e criar o CNPJ.&nbsp;<\/p>\n\n\n\n<blockquote class=\"instagram-media\" data-instgrm-permalink=\"https:\/\/www.instagram.com\/p\/CY_wE88Fs_8\/?utm_source=ig_embed&amp;utm_campaign=loading\" data-instgrm-version=\"14\" style=\" background:#FFF; border:0; border-radius:3px; box-shadow:0 0 1px 0 rgba(0,0,0,0.5),0 1px 10px 0 rgba(0,0,0,0.15); margin: 1px; max-width:540px; min-width:326px; padding:0; width:99.375%; width:-webkit-calc(100% - 2px); width:calc(100% - 2px);\"><div style=\"padding:16px;\"> <a href=\"https:\/\/www.instagram.com\/p\/CY_wE88Fs_8\/?utm_source=ig_embed&amp;utm_campaign=loading\" style=\" background:#FFFFFF; line-height:0; padding:0 0; text-align:center; text-decoration:none; width:100%;\" target=\"_blank\" rel=\"noopener\"> <div style=\" display: flex; flex-direction: row; align-items: center;\"> <div style=\"background-color: #F4F4F4; border-radius: 50%; flex-grow: 0; height: 40px; margin-right: 14px; width: 40px;\"><\/div> <div style=\"display: flex; flex-direction: column; flex-grow: 1; justify-content: center;\"> <div style=\" background-color: #F4F4F4; border-radius: 4px; flex-grow: 0; height: 14px; margin-bottom: 6px; width: 100px;\"><\/div> <div style=\" background-color: #F4F4F4; border-radius: 4px; flex-grow: 0; height: 14px; width: 60px;\"><\/div><\/div><\/div><div style=\"padding: 19% 0;\"><\/div> <div style=\"display:block; height:50px; margin:0 auto 12px; width:50px;\"><svg width=\"50px\" height=\"50px\" viewBox=\"0 0 60 60\" version=\"1.1\" xmlns=\"https:\/\/www.w3.org\/2000\/svg\" xmlns:xlink=\"https:\/\/www.w3.org\/1999\/xlink\"><g stroke=\"none\" stroke-width=\"1\" fill=\"none\" fill-rule=\"evenodd\"><g transform=\"translate(-511.000000, -20.000000)\" fill=\"#000000\"><g><path d=\"M556.869,30.41 C554.814,30.41 553.148,32.076 553.148,34.131 C553.148,36.186 554.814,37.852 556.869,37.852 C558.924,37.852 560.59,36.186 560.59,34.131 C560.59,32.076 558.924,30.41 556.869,30.41 M541,60.657 C535.114,60.657 530.342,55.887 530.342,50 C530.342,44.114 535.114,39.342 541,39.342 C546.887,39.342 551.658,44.114 551.658,50 C551.658,55.887 546.887,60.657 541,60.657 M541,33.886 C532.1,33.886 524.886,41.1 524.886,50 C524.886,58.899 532.1,66.113 541,66.113 C549.9,66.113 557.115,58.899 557.115,50 C557.115,41.1 549.9,33.886 541,33.886 M565.378,62.101 C565.244,65.022 564.756,66.606 564.346,67.663 C563.803,69.06 563.154,70.057 562.106,71.106 C561.058,72.155 560.06,72.803 558.662,73.347 C557.607,73.757 556.021,74.244 553.102,74.378 C549.944,74.521 548.997,74.552 541,74.552 C533.003,74.552 532.056,74.521 528.898,74.378 C525.979,74.244 524.393,73.757 523.338,73.347 C521.94,72.803 520.942,72.155 519.894,71.106 C518.846,70.057 518.197,69.06 517.654,67.663 C517.244,66.606 516.755,65.022 516.623,62.101 C516.479,58.943 516.448,57.996 516.448,50 C516.448,42.003 516.479,41.056 516.623,37.899 C516.755,34.978 517.244,33.391 517.654,32.338 C518.197,30.938 518.846,29.942 519.894,28.894 C520.942,27.846 521.94,27.196 523.338,26.654 C524.393,26.244 525.979,25.756 528.898,25.623 C532.057,25.479 533.004,25.448 541,25.448 C548.997,25.448 549.943,25.479 553.102,25.623 C556.021,25.756 557.607,26.244 558.662,26.654 C560.06,27.196 561.058,27.846 562.106,28.894 C563.154,29.942 563.803,30.938 564.346,32.338 C564.756,33.391 565.244,34.978 565.378,37.899 C565.522,41.056 565.552,42.003 565.552,50 C565.552,57.996 565.522,58.943 565.378,62.101 M570.82,37.631 C570.674,34.438 570.167,32.258 569.425,30.349 C568.659,28.377 567.633,26.702 565.965,25.035 C564.297,23.368 562.623,22.342 560.652,21.575 C558.743,20.834 556.562,20.326 553.369,20.18 C550.169,20.033 549.148,20 541,20 C532.853,20 531.831,20.033 528.631,20.18 C525.438,20.326 523.257,20.834 521.349,21.575 C519.376,22.342 517.703,23.368 516.035,25.035 C514.368,26.702 513.342,28.377 512.574,30.349 C511.834,32.258 511.326,34.438 511.181,37.631 C511.035,40.831 511,41.851 511,50 C511,58.147 511.035,59.17 511.181,62.369 C511.326,65.562 511.834,67.743 512.574,69.651 C513.342,71.625 514.368,73.296 516.035,74.965 C517.703,76.634 519.376,77.658 521.349,78.425 C523.257,79.167 525.438,79.673 528.631,79.82 C531.831,79.965 532.853,80.001 541,80.001 C549.148,80.001 550.169,79.965 553.369,79.82 C556.562,79.673 558.743,79.167 560.652,78.425 C562.623,77.658 564.297,76.634 565.965,74.965 C567.633,73.296 568.659,71.625 569.425,69.651 C570.167,67.743 570.674,65.562 570.82,62.369 C570.966,59.17 571,58.147 571,50 C571,41.851 570.966,40.831 570.82,37.631\"><\/path><\/g><\/g><\/g><\/svg><\/div><div style=\"padding-top: 8px;\"> <div style=\" color:#3897f0; font-family:Arial,sans-serif; font-size:14px; font-style:normal; font-weight:550; line-height:18px;\">Ver essa foto no Instagram<\/div><\/div><div style=\"padding: 12.5% 0;\"><\/div> <div style=\"display: flex; flex-direction: row; margin-bottom: 14px; align-items: center;\"><div> <div style=\"background-color: #F4F4F4; border-radius: 50%; height: 12.5px; width: 12.5px; transform: translateX(0px) translateY(7px);\"><\/div> <div style=\"background-color: #F4F4F4; height: 12.5px; transform: rotate(-45deg) translateX(3px) translateY(1px); width: 12.5px; flex-grow: 0; margin-right: 14px; margin-left: 2px;\"><\/div> <div style=\"background-color: #F4F4F4; border-radius: 50%; height: 12.5px; width: 12.5px; transform: translateX(9px) translateY(-18px);\"><\/div><\/div><div style=\"margin-left: 8px;\"> <div style=\" background-color: #F4F4F4; border-radius: 50%; flex-grow: 0; height: 20px; width: 20px;\"><\/div> <div style=\" width: 0; height: 0; border-top: 2px solid transparent; border-left: 6px solid #f4f4f4; border-bottom: 2px solid transparent; transform: translateX(16px) translateY(-4px) rotate(30deg)\"><\/div><\/div><div style=\"margin-left: auto;\"> <div style=\" width: 0px; border-top: 8px solid #F4F4F4; border-right: 8px solid transparent; transform: translateY(16px);\"><\/div> <div style=\" background-color: #F4F4F4; flex-grow: 0; height: 12px; width: 16px; transform: translateY(-4px);\"><\/div> <div style=\" width: 0; height: 0; border-top: 8px solid #F4F4F4; border-left: 8px solid transparent; transform: translateY(-4px) translateX(8px);\"><\/div><\/div><\/div> <div style=\"display: flex; flex-direction: column; flex-grow: 1; justify-content: center; margin-bottom: 24px;\"> <div style=\" background-color: #F4F4F4; border-radius: 4px; flex-grow: 0; height: 14px; margin-bottom: 6px; width: 224px;\"><\/div> <div style=\" background-color: #F4F4F4; border-radius: 4px; flex-grow: 0; height: 14px; width: 144px;\"><\/div><\/div><\/a><p style=\" color:#c9c8cd; font-family:Arial,sans-serif; font-size:14px; line-height:17px; margin-bottom:0; margin-top:8px; overflow:hidden; padding:8px 0 7px; text-align:center; text-overflow:ellipsis; white-space:nowrap;\"><a href=\"https:\/\/www.instagram.com\/p\/CY_wE88Fs_8\/?utm_source=ig_embed&amp;utm_campaign=loading\" style=\" color:#c9c8cd; font-family:Arial,sans-serif; font-size:14px; font-style:normal; font-weight:normal; line-height:17px; text-decoration:none;\" target=\"_blank\" rel=\"noopener\">Uma publica\u00e7\u00e3o compartilhada por B-Armys Acad\u00eamicas \u1d3e\u02b3\u1d52\u1d52\u1da0 (@baa_ig)<\/a><\/p><\/div><\/blockquote> <script async=\"\" src=\"\/\/www.instagram.com\/embed.js\"><\/script>\n\n\n\n<p>Ap\u00f3s o lan\u00e7amento da colet\u00e2nea, o BAA decidiu entrar em pausa para poder planejar de forma mais cuidadosa os pr\u00f3ximos passos. Um ano depois, neste segundo semestre de 2022, o projeto est\u00e1 voltando com novidades. Quando perguntada sobre o futuro da associa\u00e7\u00e3o, Ana Lu\u00edza diz que a pretens\u00e3o \u00e9 continuar a motivar pesquisas.&nbsp;<\/p>\n\n\n\n<blockquote class=\"wp-block-quote is-layout-flow wp-block-quote-is-layout-flow\"><p>\u201cPodemos esperar que o  <span class='et-tooltip'>B-Armys<span class='et-tooltip-box'>Nome que representa os f\u00e3s brasileiros do grupo. B (brasileiros) Armys. Cada pa\u00eds tem uma varia\u00e7\u00e3o, como por exemplo: C (China) ARMYS, K (Korea) ARMYS&nbsp; e etc.<span class='et-tooltip-arrow'><\/span><\/span><\/span> Acad\u00eamicas vai surpreender com o novo formato, queremos ser um campo de ensino e tamb\u00e9m queremos que o <span class='et-tooltip'>ARMY<span class='et-tooltip-box'>Nome oficial dos f\u00e3s do BTS, tamb\u00e9m \u00e9 conhecido pela m\u00eddia ocidental como BTS ARMY.<span class='et-tooltip-arrow'><\/span><\/span><\/span> se sinta acolhido. A gente tem trabalhado no site para que seja mais acess\u00edvel, mais f\u00e1cil de entender, que ele possa levar conte\u00fado diverso para que v\u00e1rias pessoas possam ter acesso ao que antes n\u00e3o tinham\u201d, diz a jornalista.<\/p><\/blockquote>\n\n\n\n<h3 class=\"wp-block-heading\">Confer\u00eancia Global de Armys <\/h3>\n\n\n\n<p>Mundialmente falando, o <em>fandom<\/em> do BTS tem bastante pesquisadores, sendo eles de todas as \u00e1reas poss\u00edveis. Com base nisso, em 2020, mais de 100 pessoas de 30 pa\u00edses viajaram com destino a Londres para participar da <em>BTS: The Global Interdisciplinary Conference<\/em>. O evento aconteceu durante dois dias na Universidade de Kingston, quando f\u00e3s, acad\u00eamicos e pesquisadores se reuniram para aprender e debater sobre o impacto do BTS, conhecido pela academia como fen\u00f4meno BTS (do ingl\u00eas,&nbsp; <em>BTS phenomenon<\/em>).<\/p>\n\n\n\n<figure class=\"wp-block-image size-full\"><img loading=\"lazy\" decoding=\"async\" width=\"940\" height=\"788\" src=\"https:\/\/webjornalismo.unicap.br\/bts-army\/wp-content\/uploads\/2022\/05\/foto-da-pauta-armys-academicas.png\" alt=\"\" class=\"wp-image-860\" srcset=\"https:\/\/webjornalismo.unicap.br\/bts-army\/wp-content\/uploads\/2022\/05\/foto-da-pauta-armys-academicas.png 940w, https:\/\/webjornalismo.unicap.br\/bts-army\/wp-content\/uploads\/2022\/05\/foto-da-pauta-armys-academicas-480x402.png 480w\" sizes=\"auto, (min-width: 0px) and (max-width: 480px) 480px, (min-width: 481px) 940px, 100vw\" \/><figcaption>1\u00ba edi\u00e7\u00e3o da Confer\u00eancia Interdisciplinar do BTS, na Kingston University<\/figcaption><\/figure>\n\n\n\n<p>Segundo informa\u00e7\u00f5es divulgadas pelo <a href=\"https:\/\/bangtanscholars.medium.com\/academic-army-gather-in-one-place-from-around-the-world-to-discuss-bts-global-conference-in-5a5b437acad4\">Bangtan Scholars<\/a>, a primeira edi\u00e7\u00e3o da confer\u00eancia quis destacar estudos de m\u00eddia, psicologia, filosofia, antropologia, literatura, lingu\u00edstica, pol\u00edtica, rela\u00e7\u00f5es internacionais, arte perform\u00e1tica, teoria da arte, cultura, conscientiza\u00e7\u00e3o sobre sa\u00fade mental, identidades, pr\u00e1ticas interseccionais: g\u00eanero, sexualidade, ra\u00e7a, idade, defici\u00eancia, educa\u00e7\u00e3o, entre outros. O evento contou com tr\u00eas palestras principais e mais 38 pain\u00e9is de discuss\u00f5es, totalizando, assim, 103 apresenta\u00e7\u00f5es.&nbsp;&nbsp;<\/p>\n\n\n\n<p>Luisa do Amaral, de 28 anos, participou do encontro de <span class='et-tooltip'>ARMYS<span class='et-tooltip-box'>Nome oficial dos f\u00e3s do BTS, tamb\u00e9m \u00e9 conhecido pela m\u00eddia ocidental como BTS ARMY.<span class='et-tooltip-arrow'><\/span><\/span><\/span> acad\u00eamicos em Londres, onde apresentou o recorte inicial de sua pesquisa sobre a rela\u00e7\u00e3o do <span class='et-tooltip'>ARMY<span class='et-tooltip-box'>Nome oficial dos f\u00e3s do BTS, tamb\u00e9m \u00e9 conhecido pela m\u00eddia ocidental como BTS ARMY.<span class='et-tooltip-arrow'><\/span><\/span><\/span> com o Twitter, considerando a mesma uma rede social ligada \u00e0 mem\u00f3ria afetiva.&nbsp;<\/p>\n\n\n\n<blockquote class=\"wp-block-quote is-layout-flow wp-block-quote-is-layout-flow\"><p>\u201cQuando falamos dos grandes momentos hist\u00f3ricos do BTS, a rede social que a gente vai associar \u00e9 o Twitter: <em>trend topics<\/em>, vota\u00e7\u00e3o, rea\u00e7\u00e3o etc.&nbsp; Os f\u00e3s est\u00e3o em v\u00e1rias plataformas, e em cada uma delas desenvolvem uma caracter\u00edstica pr\u00f3pria, que \u00e9 resultado da hist\u00f3ria deles nesta plataforma. Eu escolhi apresentar esse recorte inicial da minha vis\u00e3o de que uma grande parte do que o <span class='et-tooltip'>ARMY<span class='et-tooltip-box'>Nome oficial dos f\u00e3s do BTS, tamb\u00e9m \u00e9 conhecido pela m\u00eddia ocidental como BTS ARMY.<span class='et-tooltip-arrow'><\/span><\/span><\/span> fez de mais significativo na carreira do BTS aconteceu no Twitter, que tamb\u00e9m \u00e9 a rede que eles est\u00e3o, ent\u00e3o existe uma rela\u00e7\u00e3o afetiva de mem\u00f3ria. E por ainda usar o Twitter para se organizar, existe a rela\u00e7\u00e3o de tamb\u00e9m manter memoria\u201d, declara Luisa sobre sua apresenta\u00e7\u00e3o.&nbsp;<\/p><\/blockquote>\n\n\n\n<p>Ao comentar sobre&nbsp; sua experi\u00eancia na confer\u00eancia, Luisa disse que, ap\u00f3s passar por um ano dif\u00edcil, foi como se ela tivesse se lembrado de como \u00e9 bom ser f\u00e3 e pesquisadora ao poder ter contato com tantos pesquisadores de outros pa\u00edses.&nbsp;<\/p>\n\n\n\n<p>\u201cRenovou a minha alegria de ser f\u00e3. Se tratou de um momento onde todo mundo estava falando no mesmo n\u00edvel, tinha espa\u00e7o para questionamentos, para outras vis\u00f5es, tinha espa\u00e7o para v\u00e1rias formas de gostar. Ent\u00e3o acabou sendo uma experi\u00eancia de aprendizado muito divertida\u201d, disse a pesquisadora.<\/p>\n\n\n\n<p>Entre os dias 14 e 16 de julho de 2022, acontece a <a href=\"https:\/\/bts-conference-seoul.com\/home\">terceira edi\u00e7\u00e3o da <em>BTS: The Global Interdisciplinary Conference<\/em><\/a>, que ter\u00e1 como palestrantes em um dos pain\u00e9is o autor de <em>best-sellers <\/em>e f\u00e3 declarado do septeto, Paulo Coelho. O escritor carioca aceitou o convite feito pela equipe do evento para debater sobre o impacto do BTS na cultura e na arte.&nbsp;<\/p>\n\n\n\n<figure class=\"wp-block-embed is-type-rich is-provider-twitter wp-block-embed-twitter\"><div class=\"wp-block-embed__wrapper\">\n<blockquote class=\"twitter-tweet\" data-width=\"550\" data-dnt=\"true\"><p lang=\"en\" dir=\"ltr\">My honor, <a href=\"https:\/\/twitter.com\/BTS_twt?ref_src=twsrc%5Etfw\">@BTS_twt<\/a> : <br>I\u2019m Jiyoung Lee, member of the BTS ARMY academic group.I am writing to see if we can have the honor of inviting you as a keynote speaker to The 3rd BTS Interdisciplinary Conference  in Seoul, Korea on July 14\/16, 2022.<\/p>&mdash; Paulo Coelho (@paulocoelho) <a href=\"https:\/\/twitter.com\/paulocoelho\/status\/1498763658146557960?ref_src=twsrc%5Etfw\">March 1, 2022<\/a><\/blockquote><script async src=\"https:\/\/platform.twitter.com\/widgets.js\" charset=\"utf-8\"><\/script>\n<\/div><\/figure>\n\n\n\n<p>De acordo com as informa\u00e7\u00f5es divulgadas, a palestra de Paulo Coelho ser\u00e1 mediada pelo cr\u00edtico de m\u00fasica que escreve para a edi\u00e7\u00e3o sul-coreana da revista <em>Rolling Stone<\/em>, Kim Youngdae. O tema principal dessa edi\u00e7\u00e3o \u00e9 \u201cA era p\u00f3s-pandemia, bem-vindo \u00e0 nova humanidade\u201d.&nbsp;<\/p>\n\n\n\n<p>Em uma entrevista exclusiva para o B-ARMY Newsverse, uma das organizadoras do evento e autora do livro <em>BTS: Art Revolution<\/em>, Dra. Jiyoung Lee, contou o que podemos esperar dessa pr\u00f3xima confer\u00eancia.&nbsp;<\/p>\n\n\n\n<p>\u201cPara come\u00e7ar, estamos tentando arquivar todos os materiais que estar\u00e3o presentes na confer\u00eancia. Em segundo lugar, estamos considerando ativamente o estabelecimento de uma Sociedade Internacional de Estudos BTS, a fim de realizar a BTS: A Confer\u00eancia Internacional Global continuamente. At\u00e9 agora \u00e9 apenas uma ideia, mas a sociedade \u00e9 uma organiza\u00e7\u00e3o da qual todos os <span class='et-tooltip'>ARMYs<span class='et-tooltip-box'>Nome oficial dos f\u00e3s do BTS, tamb\u00e9m \u00e9 conhecido pela m\u00eddia ocidental como BTS ARMY.<span class='et-tooltip-arrow'><\/span><\/span><\/span> e pesquisadores interessados em estudos BTS podem participar, e pretende desempenhar um papel na assist\u00eancia a v\u00e1rios pa\u00edses na realiza\u00e7\u00e3o de confer\u00eancias a cada ano. N\u00e3o \u00e9 uma estrutura hier\u00e1rquica composta por presidentes e diretores, mas, sim, uma reuni\u00e3o descentralizada e flex\u00edvel, com executivos que s\u00e3o alterados dependendo do pa\u00eds anfitri\u00e3o da confer\u00eancia. Em terceiro lugar, a exposi\u00e7\u00e3o de arte e outros eventos, incluindo o BTS Tour, a festa <span class='et-tooltip'>ARMY<span class='et-tooltip-box'>Nome oficial dos f\u00e3s do BTS, tamb\u00e9m \u00e9 conhecido pela m\u00eddia ocidental como BTS ARMY.<span class='et-tooltip-arrow'><\/span><\/span><\/span> pr\u00e9-confer\u00eancia e o workshop pr\u00e9-confer\u00eancia tamb\u00e9m ser\u00e3o realizados.\u201d<\/p>\n\n\n\n<p><a href=\"https:\/\/webjornalismo.unicap.br\/bts-army\/entrevista-com-dr-jiyoung-lee\/\">A entrevista completa com Dra. Jiyoung Lee est\u00e1 dispon\u00edvel aqui.<\/a><\/p>\n","protected":false},"excerpt":{"rendered":"<p>Essa \u00e9 uma reportagem na qual lhe convido a expandir sua mente sobre uma das in\u00fameras habilidades dos f\u00e3s do grupo sul-coreano BTS.<\/p>\n","protected":false},"author":1,"featured_media":736,"comment_status":"closed","ping_status":"open","sticky":false,"template":"","format":"standard","meta":{"_et_pb_use_builder":"","_et_pb_old_content":"","_et_gb_content_width":"","footnotes":""},"categories":[14],"tags":[],"class_list":["post-528","post","type-post","status-publish","format-standard","has-post-thumbnail","hentry","category-reportagem"],"_links":{"self":[{"href":"https:\/\/webjornalismo.unicap.br\/bts-army\/wp-json\/wp\/v2\/posts\/528","targetHints":{"allow":["GET"]}}],"collection":[{"href":"https:\/\/webjornalismo.unicap.br\/bts-army\/wp-json\/wp\/v2\/posts"}],"about":[{"href":"https:\/\/webjornalismo.unicap.br\/bts-army\/wp-json\/wp\/v2\/types\/post"}],"author":[{"embeddable":true,"href":"https:\/\/webjornalismo.unicap.br\/bts-army\/wp-json\/wp\/v2\/users\/1"}],"replies":[{"embeddable":true,"href":"https:\/\/webjornalismo.unicap.br\/bts-army\/wp-json\/wp\/v2\/comments?post=528"}],"version-history":[{"count":27,"href":"https:\/\/webjornalismo.unicap.br\/bts-army\/wp-json\/wp\/v2\/posts\/528\/revisions"}],"predecessor-version":[{"id":971,"href":"https:\/\/webjornalismo.unicap.br\/bts-army\/wp-json\/wp\/v2\/posts\/528\/revisions\/971"}],"wp:featuredmedia":[{"embeddable":true,"href":"https:\/\/webjornalismo.unicap.br\/bts-army\/wp-json\/wp\/v2\/media\/736"}],"wp:attachment":[{"href":"https:\/\/webjornalismo.unicap.br\/bts-army\/wp-json\/wp\/v2\/media?parent=528"}],"wp:term":[{"taxonomy":"category","embeddable":true,"href":"https:\/\/webjornalismo.unicap.br\/bts-army\/wp-json\/wp\/v2\/categories?post=528"},{"taxonomy":"post_tag","embeddable":true,"href":"https:\/\/webjornalismo.unicap.br\/bts-army\/wp-json\/wp\/v2\/tags?post=528"}],"curies":[{"name":"wp","href":"https:\/\/api.w.org\/{rel}","templated":true}]}}